{"id":53792,"date":"2025-07-23T14:23:04","date_gmt":"2025-07-23T12:23:04","guid":{"rendered":"https:\/\/edublog.educastur.es\/ixuxu\/?p=53792"},"modified":"2025-07-23T14:23:04","modified_gmt":"2025-07-23T12:23:04","slug":"la-conseyeria-deducacion-empecipio-guei-el-procesu-dellaboracion-del-futuru-decretu-de-equidad","status":"publish","type":"post","link":"https:\/\/edublog.educastur.es\/ixuxu\/2025\/07\/la-conseyeria-deducacion-empecipio-guei-el-procesu-dellaboracion-del-futuru-decretu-de-equidad\/","title":{"rendered":"La Conseyer\u00eda d&#8217;Educaci\u00f3n empecipi\u00f3 g\u00fcei el procesu d&#8217;ellaboraci\u00f3n del futuru decretu de equidad"},"content":{"rendered":"<p style=\"text-align: center\"><a href=\"https:\/\/actualidad.asturias.es\/documents\/537115\/2700427\/2025_07_22+Consejera+reunion+pacto+Asturias+Educa.jpg\/e9daa144-baf5-34d7-0abc-e1da30fcfe53?t=1753191766080\"><img loading=\"lazy\" decoding=\"async\" class=\"aligncenter size-large\" src=\"https:\/\/actualidad.asturias.es\/documents\/537115\/2700427\/2025_07_22+Consejera+reunion+pacto+Asturias+Educa.jpg\/e9daa144-baf5-34d7-0abc-e1da30fcfe53?t=1753191766080\" width=\"1826\" height=\"1208\" \/><\/a><\/p>\n<p>Educaci\u00f3n recueye aportaciones para ellaborar un nuevu decretu que regule l&#8217;atenci\u00f3n a la diversid\u00e1. El documentu va incluyir una dotaci\u00f3n b\u00e1sica de profesor\u00e1u especialista per centru.<a href=\"https:\/\/actualidad.asturias.es\/-\/educaci\u00f3n-recoge-aportaciones-para-elaborar-un-nuevo-decreto-que-regule-la-atenci\u00f3n-a-la-diversidad?redirect=%2Fnoticias\"> Actualid\u00e1 Asturies.<\/a><\/p>\n<p><!--more--><\/p>\n<p>La Conseyer\u00eda d&#8217;Educaci\u00f3n empecipi\u00f3 g\u00fcei el procesu d&#8217;ellaboraci\u00f3n del futuru decretu de equidad, que va regular l&#8217;atenci\u00f3n a la diversid\u00e1 nel sistema educativu asturianu. Para ello, axunt\u00f3 a les organizaciones sindicales firmantes del Pactu Asturies Educa, coles mires de definir un documentu participativu que recueya les aportaciones de la comunid\u00e1 educativa.<\/p>\n<p>Con esta xunta, el Princip\u00e1u cumple unu de los compromisos recoy\u00edos nel alcuerdu, qu&#8217;establec\u00eda un plazu m\u00e1ximu d&#8217;un mes para convocar a les partes implicaes nesti \u00e1mbitu.<\/p>\n<p>Mientres l&#8217;alcuentru, Educaci\u00f3n comprometi\u00f3se a unviar a los sindicatos la \u00faltima versi\u00f3n del borrador del decretu, y\u00e1 trabay\u00e1u primeramente, por que puedan presentar les sos propuestes antes del d\u00eda 6 d&#8217;agostu. Coles mesmes, alcord\u00f3se celebrar una nueva xunta antes del entamu del pr\u00f3ximu cursu escolar.<\/p>\n<p><strong>El futuru decretu va incluyir una dotaci\u00f3n m\u00ednima d&#8217;especialistes en Pedagox\u00eda Terap\u00e9utica (PT) y Audici\u00f3n y Llinguaxe (AL) per centru, en funci\u00f3n del n\u00famberu d&#8217;unidaes educatives.<\/strong> Estos recursos humanos van integrar nes plantiyes org\u00e1niques, lo que va garantizar la so estabilid\u00e1.<\/p>\n<p>Otru de los aspeutos destacaos va ser la simplificaci\u00f3n de los tr\u00e1mites necesarios pa determinar el modelu d&#8217;intervenci\u00f3n, col fin d&#8217;entainar l&#8217;atenci\u00f3n al alumn\u00e1u que lo rica.<\/p>\n<p>La conseyera d&#8217;Educaci\u00f3n, Eva Ledo, presidi\u00f3 la xunta, na que tuvo acompa\u00f1ada pol director xeneral de Personal Docente, C\u00e9sar Gonz\u00e1lez, y el directores xenerales d&#8217;Inclusi\u00f3n Educativa y Ordenaci\u00f3n, Dolores Bueno, y de Centros y Rede 0-3 a\u00f1os, Paula Fern\u00e1ndez. Tami\u00e9n particip\u00f3 personal del Serviciu d&#8217;Inspecci\u00f3n.<\/p>\n<p>Ledo valor\u00f3&#8217;l clima de trabayu constructivu xener\u00e1u nesta primer sesi\u00f3n colos sindicatos firmantes: ANPE, CCOO, SUATEA y UXT. El titular d&#8217;Educaci\u00f3n repiti\u00f3 qu&#8217;una de les prioridaes del so mandatu va ser el desenvolvimientu de toles mid\u00edes recoy\u00edes nel pactu Asturies Educa, tal como y\u00e1 se reflexa na circular d&#8217;entamu de cursu unviada a los centros el pas\u00e1u d\u00eda 8.<\/p>\n","protected":false},"excerpt":{"rendered":"<p>Educaci\u00f3n recueye aportaciones para ellaborar un nuevu decretu que regule l&#8217;atenci\u00f3n a la diversid\u00e1. El documentu va incluyir una dotaci\u00f3n b\u00e1sica de profesor\u00e1u especialista per centru. Actualid\u00e1 Asturies.<\/p>\n","protected":false},"author":117,"featured_media":0,"comment_status":"closed","ping_status":"open","sticky":false,"template":"","format":"standard","meta":{"footnotes":""},"categories":[132],"tags":[],"class_list":["post-53792","post","type-post","status-publish","format-standard","hentry","category-educastur"],"_links":{"self":[{"href":"https:\/\/edublog.educastur.es\/ixuxu\/wp-json\/wp\/v2\/posts\/53792","targetHints":{"allow":["GET"]}}],"collection":[{"href":"https:\/\/edublog.educastur.es\/ixuxu\/wp-json\/wp\/v2\/posts"}],"about":[{"href":"https:\/\/edublog.educastur.es\/ixuxu\/wp-json\/wp\/v2\/types\/post"}],"author":[{"embeddable":true,"href":"https:\/\/edublog.educastur.es\/ixuxu\/wp-json\/wp\/v2\/users\/117"}],"replies":[{"embeddable":true,"href":"https:\/\/edublog.educastur.es\/ixuxu\/wp-json\/wp\/v2\/comments?post=53792"}],"version-history":[{"count":1,"href":"https:\/\/edublog.educastur.es\/ixuxu\/wp-json\/wp\/v2\/posts\/53792\/revisions"}],"predecessor-version":[{"id":53793,"href":"https:\/\/edublog.educastur.es\/ixuxu\/wp-json\/wp\/v2\/posts\/53792\/revisions\/53793"}],"wp:attachment":[{"href":"https:\/\/edublog.educastur.es\/ixuxu\/wp-json\/wp\/v2\/media?parent=53792"}],"wp:term":[{"taxonomy":"category","embeddable":true,"href":"https:\/\/edublog.educastur.es\/ixuxu\/wp-json\/wp\/v2\/categories?post=53792"},{"taxonomy":"post_tag","embeddable":true,"href":"https:\/\/edublog.educastur.es\/ixuxu\/wp-json\/wp\/v2\/tags?post=53792"}],"curies":[{"name":"wp","href":"https:\/\/api.w.org\/{rel}","templated":true}]}}