{"id":53810,"date":"2025-07-23T14:44:18","date_gmt":"2025-07-23T12:44:18","guid":{"rendered":"https:\/\/edublog.educastur.es\/ixuxu\/?p=53810"},"modified":"2025-07-23T14:48:05","modified_gmt":"2025-07-23T12:48:05","slug":"estaos-xunios-anuncia-la-so-salida-de-la-unesco-lorganismu-cultural-de-la-onu","status":"publish","type":"post","link":"https:\/\/edublog.educastur.es\/ixuxu\/2025\/07\/estaos-xunios-anuncia-la-so-salida-de-la-unesco-lorganismu-cultural-de-la-onu\/","title":{"rendered":"\u00a0Estaos Xun\u00edos anuncia la so salida de la UNESCO, l&#8217;organismu cultural de la ONU."},"content":{"rendered":"<p>Estaos Xun\u00edos anuncia la so salida de la <strong>UNESCO<\/strong>, l&#8217;organismu cultural de la ONU. <em>\u201cLa participaci\u00f3n continua na UNESCO nun favorez l&#8217;inter\u00e9s nacional d&#8217;Estaos Xun\u00edos\u201d<\/em>, afirm\u00f3 la vocera del Departamentu.<\/p>\n<p style=\"text-align: center\"><a href=\"https:\/\/pbs.twimg.com\/media\/GwdhjOxXcAAZNlX?format=jpg&amp;name=small\"><img loading=\"lazy\" decoding=\"async\" class=\"aligncenter \" src=\"https:\/\/pbs.twimg.com\/media\/GwdhjOxXcAAZNlX?format=jpg&amp;name=small\" width=\"465\" height=\"465\" \/><\/a><\/p>\n<div class=\"css-175oi2r r-18u37iz r-1w6e6rj r-6gpygo r-14gqq1x\" data-testid=\"UserName\">\n<div class=\"css-175oi2r r-eqz5dr r-1wbh5a2 r-1wron08\">\n<div class=\"css-175oi2r r-1wbh5a2 r-dnmrzs r-1ny4l3l\">\n<div class=\"css-175oi2r r-1wbh5a2 r-dnmrzs r-1ny4l3l\">\n<div class=\"css-175oi2r r-1awozwy r-18u37iz r-1wbh5a2\">\n<div class=\"css-175oi2r r-1wbh5a2 r-dnmrzs r-1ny4l3l\">\n<div class=\"css-175oi2r\">\n<p style=\"text-align: center\"><span class=\"css-1jxf684 r-bcqeeo r-1ttztb7 r-qvutc0 r-poiln3\"><a href=\"https:\/\/x.com\/UNESCO_es\">@UNESCO_es<\/a> \/\u00a0<\/span>\/ <span class=\"css-1jxf684 r-bcqeeo r-1ttztb7 r-qvutc0 r-poiln3\">Naciones Unidas<\/span><a class=\"css-1jxf684 r-bcqeeo r-1ttztb7 r-qvutc0 r-poiln3 r-4qtqp9 r-1a11zyx r-1loqt21\" dir=\"ltr\" role=\"none\" href=\"https:\/\/t.co\/QA6PuiHASB\" target=\"_blank\" rel=\"noopener noreferrer nofollow\" data-testid=\"UserUrl\"><span class=\"css-1jxf684 r-bcqeeo r-1ttztb7 r-qvutc0 r-poiln3\">es.unesco.org<\/span><\/a><\/p>\n<p style=\"text-align: center\"><span class=\"css-1jxf684 r-bcqeeo r-1ttztb7 r-qvutc0 r-poiln3\"><span style=\"color: #008080\">Organizaci\u00f3n de les Naciones Xun\u00edes para la Educaci\u00f3n, la Ciencia y la Cultura<br \/>\n<\/span> (UNESCO<\/span>).<\/p>\n<p><!--more--><\/p>\n<p><strong>Sobro la UNESCO:<\/strong><\/p>\n<ul>\n<li>Con 194 Estaos Miembros, la Organizaci\u00f3n de les Naciones Xun\u00edes pa la Educaci\u00f3n, la Ciencia y la Cultura contrib\u00fai a la paz y la segurid\u00e1 liderando la cooperaci\u00f3n multillateral en materia d&#8217;educaci\u00f3n, ciencia, cultura, comunicaci\u00f3n ya informaci\u00f3n.<\/li>\n<li>Con see en Par\u00eds, la UNESCO tien oficines en 54 pa\u00edses y emplega a m\u00e1s de 2300 persones.<\/li>\n<li>La UNESCO supervisa m\u00e1s de 2000 sitios del Patrimoniu Mundial, Reserves de Biosfera y Geoparques Mundiales, redes de Ciudaes Creatives, Educatives, Inclusives y Sostenibles y m\u00e1s de 13 000 escueles acomu\u00f1aes, c\u00e1tedres universitaries ya instituciones de formaci\u00f3n ya investigaci\u00f3n, con una rede global de 200 Comisiones Nacionales.<\/li>\n<li>La so Directora Xeneral ye Audrey Azoulay.<\/li>\n<\/ul>\n<p style=\"text-align: center\"><a href=\"https:\/\/pbs.twimg.com\/media\/Gu8aVxpWoAA2pIr?format=jpg&amp;name=small\"><img loading=\"lazy\" decoding=\"async\" class=\"aligncenter \" src=\"https:\/\/pbs.twimg.com\/media\/Gu8aVxpWoAA2pIr?format=jpg&amp;name=small\" width=\"429\" height=\"429\" \/><\/a><\/p>\n<ul>\n<li><em>\u00abCuidao que les guerres nacen na mente de los homes, ye na mente de los homes onde tienen d&#8217;alzase los baluartes de la paz\u00bb<\/em> \u2013 Constituci\u00f3n de la UNESCO, 1945.<\/li>\n<li><em><span lang=\"ES\">M\u00e1s informaci\u00f3n:\u00a0<\/span><\/em><a href=\"https:\/\/www.unesco.org\/es\"><em><span lang=\"ES\">https:\/\/www.unesco.org\/es<\/span><\/em><\/a><em><span lang=\"ES\">\u00a0<\/span><\/em><\/li>\n<\/ul>\n<p style=\"text-align: center\"><a href=\"https:\/\/pbs.twimg.com\/media\/GwY8WE2WcAAltYK?format=jpg&amp;name=small\"><img loading=\"lazy\" decoding=\"async\" class=\"aligncenter size-large\" src=\"https:\/\/pbs.twimg.com\/media\/GwY8WE2WcAAltYK?format=jpg&amp;name=small\" width=\"680\" height=\"680\" \/><\/a><\/p>\n<\/div>\n<\/div>\n<\/div>\n<\/div>\n<\/div>\n<\/div>\n<\/div>\n<p style=\"text-align: center\"><a class=\"css-1jxf684 r-bcqeeo r-1ttztb7 r-qvutc0 r-poiln3 r-1ny4l3l r-1ddef8g r-tjvw6i r-1loqt21\" dir=\"ltr\" role=\"link\" href=\"https:\/\/t.co\/zpb6c1onCf\" target=\"_blank\" rel=\"noopener noreferrer nofollow\">whc.unesco.org\/en\/wh-gis\/<\/a><\/p>\n","protected":false},"excerpt":{"rendered":"<p>Estaos Xun\u00edos anuncia la so salida de la UNESCO, l&#8217;organismu cultural de la ONU. \u201cLa participaci\u00f3n continua na UNESCO nun favorez l&#8217;inter\u00e9s nacional d&#8217;Estaos Xun\u00edos\u201d, afirm\u00f3 la vocera del Departamentu. @UNESCO_es \/\u00a0\/ Naciones Unidases.unesco.org Organizaci\u00f3n de les Naciones Xun\u00edes para la Educaci\u00f3n, la Ciencia y la Cultura (UNESCO).<\/p>\n","protected":false},"author":117,"featured_media":0,"comment_status":"closed","ping_status":"open","sticky":false,"template":"","format":"standard","meta":{"footnotes":""},"categories":[1],"tags":[],"class_list":["post-53810","post","type-post","status-publish","format-standard","hentry","category-sin-categoria"],"_links":{"self":[{"href":"https:\/\/edublog.educastur.es\/ixuxu\/wp-json\/wp\/v2\/posts\/53810","targetHints":{"allow":["GET"]}}],"collection":[{"href":"https:\/\/edublog.educastur.es\/ixuxu\/wp-json\/wp\/v2\/posts"}],"about":[{"href":"https:\/\/edublog.educastur.es\/ixuxu\/wp-json\/wp\/v2\/types\/post"}],"author":[{"embeddable":true,"href":"https:\/\/edublog.educastur.es\/ixuxu\/wp-json\/wp\/v2\/users\/117"}],"replies":[{"embeddable":true,"href":"https:\/\/edublog.educastur.es\/ixuxu\/wp-json\/wp\/v2\/comments?post=53810"}],"version-history":[{"count":6,"href":"https:\/\/edublog.educastur.es\/ixuxu\/wp-json\/wp\/v2\/posts\/53810\/revisions"}],"predecessor-version":[{"id":53816,"href":"https:\/\/edublog.educastur.es\/ixuxu\/wp-json\/wp\/v2\/posts\/53810\/revisions\/53816"}],"wp:attachment":[{"href":"https:\/\/edublog.educastur.es\/ixuxu\/wp-json\/wp\/v2\/media?parent=53810"}],"wp:term":[{"taxonomy":"category","embeddable":true,"href":"https:\/\/edublog.educastur.es\/ixuxu\/wp-json\/wp\/v2\/categories?post=53810"},{"taxonomy":"post_tag","embeddable":true,"href":"https:\/\/edublog.educastur.es\/ixuxu\/wp-json\/wp\/v2\/tags?post=53810"}],"curies":[{"name":"wp","href":"https:\/\/api.w.org\/{rel}","templated":true}]}}