{"id":53850,"date":"2025-07-23T23:04:37","date_gmt":"2025-07-23T21:04:37","guid":{"rendered":"https:\/\/edublog.educastur.es\/ixuxu\/?p=53850"},"modified":"2025-07-23T23:14:17","modified_gmt":"2025-07-23T21:14:17","slug":"museu-pepel-ferreiru","status":"publish","type":"post","link":"https:\/\/edublog.educastur.es\/ixuxu\/2025\/07\/museu-pepel-ferreiru\/","title":{"rendered":"Pepe&#8217;l Ferreiru y&#8217;l Mus\u00e9u Etnogr\u00e1ficu de Grandas de Salime"},"content":{"rendered":"<p style=\"text-align: center\"><span class=\"x193iq5w xeuugli x13faqbe x1vvkbs xt0psk2 x1i0vuye xvs91rp xo1l8bm x5n08af x10wh9bi xpm28yp x8viiok x1o7cslx x126k92a\"><span class=\"html-span xexx8yu x4uap5 x18d9i69 xkhd6sd x1hl2dhg x16tdsg8 x1vvkbs x3nfvp2 x1j61x8r x1fcty0u xdj266r xat24cr xgzva0m xhhsvwb xxymvpz xlup9mm x1kky2od\">\n<!-- iframe plugin v.6.0 wordpress.org\/plugins\/iframe\/ -->\n<iframe loading=\"lazy\" src=\"https:\/\/www.instagram.com\/reel\/DMcgcx4M_DV\/embed\" width=\"460\" height=\"620\" 0=\"\/iframe\" scrolling=\"yes\" class=\"iframe-class\" frameborder=\"0\"><\/iframe>\n<\/span><\/span><\/p>\n<div class=\"x4h1yfo\">\n<div class=\"xvbhtw8 x78zum5 xdt5ytf x5yr21d x1n2onr6 xh8yej3\">\n<div class=\"x5yr21d xw2csxc x1odjw0f x1n2onr6\">\n<div class=\"x9f619 x78zum5 xdt5ytf x5yr21d xexx8yu xv54qhq x1l90r2v xf7dkkf x10l6tqk xh8yej3\">\n<div class=\"html-div xdj266r x14z9mp xat24cr x1lziwak xyri2b x1c1uobl x9f619 xjbqb8w x78zum5 x15mokao x1ga7v0g x16uus16 xbiv7yw xsag5q8 xz9dl7a x1uhb9sk x1plvlek xryxfnj x1c4vz4f x2lah0s x1q0g3np xqjyukv x1qjc9v5 x1oa3qoh x1nhvcw1\">\n<div class=\"x1xegmmw\">\n<div class=\"\"><span style=\"color: #008080\"><strong>\u00a0Pepe&#8217;l Ferreiru<\/strong><\/span>! Mientres munchos a\u00f1os quien atopaben vieyes ayalgues y enseres que reflexaben parte de la hestoria d&#8217;Asturies, pronunciaben esta exclamaci\u00f3n. A base de donaciones, compres y restauraciones naci\u00f3 una lleenda de la preservaci\u00f3n y promotor d&#8217;unu de los meyores museos etnogr\u00e1ficos que ye, nin m\u00e1s nin menos, que l&#8217;espaciu onde se da importancia a les pequenes hestories, les que formen parte de la vida cotidiana de toes y cada una de n\u00f3s. <strong>El 2 de xunu de 1984 inaugura un mus\u00e9u nos baxos del Conceyu: el Mus\u00e9u Etnogr\u00e1ficu de Grandas de Salime<\/strong>, una oportunid\u00e1 de conocer los nuesos raiga\u00f1os, un viaxe al pas\u00e1u que llega hasta los nuesos d\u00edes.<\/div>\n<\/div>\n<div class=\"html-div xdj266r x14z9mp xat24cr x1lziwak xexx8yu xyri2b x18d9i69 x1c1uobl x9f619 xjbqb8w x78zum5 x15mokao x1ga7v0g x16uus16 xbiv7yw x1uhb9sk x1plvlek xryxfnj x1iyjqo2 x2lwn1j xeuugli x1q0g3np xqjyukv x1qjc9v5 x1oa3qoh x1nhvcw1\">\n<div class=\"html-div xdj266r x14z9mp xat24cr x1lziwak xexx8yu xyri2b x18d9i69 x1c1uobl x9f619 xjbqb8w x78zum5 x15mokao x1ga7v0g x16uus16 xbiv7yw x1uhb9sk x1plvlek xryxfnj x1iyjqo2 x2lwn1j xeuugli xdt5ytf xqjyukv x1qjc9v5 x1oa3qoh x1nhvcw1\">\n<ul>\n<li class=\"html-div xdj266r x14z9mp xat24cr x1lziwak xexx8yu xyri2b x18d9i69 x1c1uobl x9f619 xjbqb8w x78zum5 x15mokao x1ga7v0g x16uus16 xbiv7yw x1uhb9sk x1plvlek xryxfnj x1c4vz4f x2lah0s xdt5ytf xqjyukv x1qjc9v5 x1oa3qoh x1nhvcw1\"><span class=\"x193iq5w xeuugli x13faqbe x1vvkbs xt0psk2 x1i0vuye xvs91rp xo1l8bm x5n08af x10wh9bi xpm28yp x8viiok x1o7cslx x126k92a\">\u00a9 Lino, blog <a href=\"http:\/\/josenaveiras.blogspot.com\/.\">http:\/\/josenaveiras.blogspot.com\/.<\/a><\/span><\/li>\n<li class=\"html-div xdj266r x14z9mp xat24cr x1lziwak xexx8yu xyri2b x18d9i69 x1c1uobl x9f619 xjbqb8w x78zum5 x15mokao x1ga7v0g x16uus16 xbiv7yw x1uhb9sk x1plvlek xryxfnj x1c4vz4f x2lah0s xdt5ytf xqjyukv x1qjc9v5 x1oa3qoh x1nhvcw1\"><span class=\"x193iq5w xeuugli x13faqbe x1vvkbs xt0psk2 x1i0vuye xvs91rp xo1l8bm x5n08af x10wh9bi xpm28yp x8viiok x1o7cslx x126k92a\">\u00a9 Mus\u00e9u de Grandas de Salime: <a href=\"https:\/\/www.museodegrandas.es\/el-museo\/15-a-casoa-la-casona\/comercio-de-ultramarinos-y-trastienda\/\">https:\/\/www.museodegrandas.es\/el-museo\/15-a-casoa-la-casona\/comercio-de-ultramarinos-y-trastienda\/<br \/>\n<\/a><\/span><\/li>\n<\/ul>\n<\/div>\n<\/div>\n<\/div>\n<\/div>\n<\/div>\n<\/div>\n<\/div>\n","protected":false},"excerpt":{"rendered":"<p>\u00a0Pepe&#8217;l Ferreiru! Mientres munchos a\u00f1os quien atopaben vieyes ayalgues y enseres que reflexaben parte de la hestoria d&#8217;Asturies, pronunciaben esta exclamaci\u00f3n. A base de donaciones, compres y restauraciones naci\u00f3 una lleenda de la preservaci\u00f3n y promotor d&#8217;unu de los meyores museos etnogr\u00e1ficos que ye, nin m\u00e1s nin menos, que l&#8217;espaciu onde se da importancia a [&hellip;]<\/p>\n","protected":false},"author":117,"featured_media":0,"comment_status":"closed","ping_status":"open","sticky":false,"template":"","format":"standard","meta":{"footnotes":""},"categories":[15],"tags":[],"class_list":["post-53850","post","type-post","status-publish","format-standard","hentry","category-museos"],"_links":{"self":[{"href":"https:\/\/edublog.educastur.es\/ixuxu\/wp-json\/wp\/v2\/posts\/53850","targetHints":{"allow":["GET"]}}],"collection":[{"href":"https:\/\/edublog.educastur.es\/ixuxu\/wp-json\/wp\/v2\/posts"}],"about":[{"href":"https:\/\/edublog.educastur.es\/ixuxu\/wp-json\/wp\/v2\/types\/post"}],"author":[{"embeddable":true,"href":"https:\/\/edublog.educastur.es\/ixuxu\/wp-json\/wp\/v2\/users\/117"}],"replies":[{"embeddable":true,"href":"https:\/\/edublog.educastur.es\/ixuxu\/wp-json\/wp\/v2\/comments?post=53850"}],"version-history":[{"count":4,"href":"https:\/\/edublog.educastur.es\/ixuxu\/wp-json\/wp\/v2\/posts\/53850\/revisions"}],"predecessor-version":[{"id":53897,"href":"https:\/\/edublog.educastur.es\/ixuxu\/wp-json\/wp\/v2\/posts\/53850\/revisions\/53897"}],"wp:attachment":[{"href":"https:\/\/edublog.educastur.es\/ixuxu\/wp-json\/wp\/v2\/media?parent=53850"}],"wp:term":[{"taxonomy":"category","embeddable":true,"href":"https:\/\/edublog.educastur.es\/ixuxu\/wp-json\/wp\/v2\/categories?post=53850"},{"taxonomy":"post_tag","embeddable":true,"href":"https:\/\/edublog.educastur.es\/ixuxu\/wp-json\/wp\/v2\/tags?post=53850"}],"curies":[{"name":"wp","href":"https:\/\/api.w.org\/{rel}","templated":true}]}}