{"id":53862,"date":"2025-10-17T12:00:05","date_gmt":"2025-10-17T10:00:05","guid":{"rendered":"https:\/\/edublog.educastur.es\/ixuxu\/?p=53862"},"modified":"2025-10-24T12:06:43","modified_gmt":"2025-10-24T10:06:43","slug":"presentacion-del-album-cenicientes-de-marisa-valle-roso","status":"publish","type":"post","link":"https:\/\/edublog.educastur.es\/ixuxu\/2025\/10\/presentacion-del-album-cenicientes-de-marisa-valle-roso\/","title":{"rendered":"Presentaci\u00f3n del \u00e1lbum \u00abCENICIENTES\u00bb de Marisa Valle Roso"},"content":{"rendered":"<p style=\"text-align: center\"><span class=\"x193iq5w xeuugli x13faqbe x1vvkbs xt0psk2 x1i0vuye xvs91rp xo1l8bm x5n08af x10wh9bi xpm28yp x8viiok x1o7cslx x126k92a\"><span class=\"html-span xexx8yu x4uap5 x18d9i69 xkhd6sd x1hl2dhg x16tdsg8 x1vvkbs x3nfvp2 x1j61x8r x1fcty0u xdj266r xat24cr xgzva0m xhhsvwb xxymvpz xlup9mm x1kky2od\">\n<!-- iframe plugin v.6.0 wordpress.org\/plugins\/iframe\/ -->\n<iframe loading=\"lazy\" src=\"https:\/\/www.instagram.com\/reel\/DMdab8jNihI\/embed\" width=\"460\" height=\"620\" 0=\"\/iframe\" scrolling=\"yes\" class=\"iframe-class\" frameborder=\"0\"><\/iframe>\n<\/span><\/span><\/p>\n<div class=\"xyinxu5 xv54qhq x1g2khh7 xf7dkkf\">\n<div class=\"x6s0dn4 x78zum5 x1q0g3np x1nhvcw1 xh8yej3\">\n<div class=\"xbmvrgn\">\n<div class=\"html-div xdj266r x14z9mp xat24cr x1lziwak xexx8yu xyri2b x18d9i69 x1c1uobl x9f619 x1f5funs x1bl4301 xjbqb8w x78zum5 x15mokao x1ga7v0g x16uus16 xbiv7yw x1n2onr6 x1plvlek xryxfnj x1c4vz4f x2lah0s xdt5ytf xqjyukv xuk3077 x1oa3qoh x1nhvcw1\">\n<div class=\"x1qjc9v5 xvbhtw8 x1c9tyrk xeusxvb x1pahc9y x1ertn4p x972fbf x10w94by x1qhh985 x14e42zd x9f619 x78zum5 xdt5ytf x2lah0s xk390pu x11dcrhx xdj266r x14z9mp xat24cr x1lziwak x4p5aij x1ccui7m x1j85h84 x18pi947 x10l6tqk xfr5jun x11njtxf\"><a href=\"https:\/\/es.wikipedia.org\/wiki\/Marisa_Valle_Roso\">Marisa Valle Roso<\/a>: \u00abCENICIENTES\u00bb va ser el nome del mio pr\u00f3ximu discu por munches razones que vos voi dir contando y va asoleyase dafechu en septiembre. \ud83d\udda4 Esti discu naci\u00f3 equ\u00ed, en CASA, y bebi\u00f3 de tolo que m&#8217;arrodia, polo que nun pod\u00eda estrenalu n&#8217;otru sitiu. Esp\u00e9rovos el 18 d&#8217;ochobre nel <strong>Nuevu Teatru de La Felguera<\/strong> y les entraes t\u00e1n disponibles dende Y\u00c1 na mio p\u00e1xina web: <a href=\"http:\/\/www.marisavalleroso.com\">www.marisavalleroso.com<\/a><\/div>\n<div><!--more--><\/div>\n<div><\/div>\n<div style=\"text-align: center\">\n<!-- iframe plugin v.6.0 wordpress.org\/plugins\/iframe\/ -->\n<iframe loading=\"lazy\" width=\"100%\" height=\"387\" src=\"https:\/\/www.youtube.com\/embed\/3NDQ62LGlCY\" title=\"Marisa Valle Roso - Cenicientes del Carb\u00f3n (v\u00eddeo oficial)\" frameborder=\"0\" allow=\"accelerometer; autoplay; clipboard-write; encrypted-media; gyroscope; picture-in-picture; web-share\" referrerpolicy=\"strict-origin-when-cross-origin\" 0=\"allowfullscreen\" 1=\"\/iframe\" scrolling=\"yes\" class=\"iframe-class\"><\/iframe>\n<\/div>\n<div><\/div>\n<div style=\"text-align: center\"><\/div>\n<div style=\"text-align: center\"><a href=\"https:\/\/upload.wikimedia.org\/wikipedia\/commons\/thumb\/e\/e1\/Marisa_Valle_Roso_2023.jpg\/800px-Marisa_Valle_Roso_2023.jpg\"><img loading=\"lazy\" decoding=\"async\" class=\"aligncenter size-large\" src=\"https:\/\/upload.wikimedia.org\/wikipedia\/commons\/thumb\/e\/e1\/Marisa_Valle_Roso_2023.jpg\/800px-Marisa_Valle_Roso_2023.jpg\" width=\"800\" height=\"777\" \/><\/a><\/div>\n<\/div>\n<\/div>\n<\/div>\n<\/div>\n<p style=\"text-align: center\">\n<!-- iframe plugin v.6.0 wordpress.org\/plugins\/iframe\/ -->\n<iframe loading=\"lazy\" width=\"767\" height=\"432\" src=\"https:\/\/www.youtube.com\/embed\/UgSMGQSzyco\" title=\"Marisa Valle Roso - La carbonera (v\u00eddeo lyric)\" frameborder=\"0\" allow=\"accelerometer; autoplay; clipboard-write; encrypted-media; gyroscope; picture-in-picture; web-share\" referrerpolicy=\"strict-origin-when-cross-origin\" 0=\"allowfullscreen\" 1=\"\/iframe\" scrolling=\"yes\" class=\"iframe-class\"><\/iframe>\n<\/p>\n<div class=\"x5yr21d xw2csxc x1odjw0f x1n2onr6\">\n<div class=\"x9f619 x78zum5 xdt5ytf x5yr21d xexx8yu xv54qhq x1l90r2v xf7dkkf x10l6tqk xh8yej3\">\n<div class=\"html-div xdj266r x14z9mp xat24cr x1lziwak xyri2b x1c1uobl x9f619 xjbqb8w x78zum5 x15mokao x1ga7v0g x16uus16 xbiv7yw xsag5q8 xz9dl7a x1uhb9sk x1plvlek xryxfnj x1c4vz4f x2lah0s x1q0g3np xqjyukv x1qjc9v5 x1oa3qoh x1nhvcw1\">\n<div class=\"html-div xdj266r x14z9mp xat24cr x1lziwak xexx8yu xyri2b x18d9i69 x1c1uobl x9f619 xjbqb8w x78zum5 x15mokao x1ga7v0g x16uus16 xbiv7yw x1uhb9sk x1plvlek xryxfnj x1iyjqo2 x2lwn1j xeuugli x1q0g3np xqjyukv x1qjc9v5 x1oa3qoh x1nhvcw1\">\n<div class=\"html-div xdj266r x14z9mp xat24cr x1lziwak xexx8yu xyri2b x18d9i69 x1c1uobl x9f619 xjbqb8w x78zum5 x15mokao x1ga7v0g x16uus16 xbiv7yw x1uhb9sk x1plvlek xryxfnj x1iyjqo2 x2lwn1j xeuugli xdt5ytf xqjyukv x1qjc9v5 x1oa3qoh x1nhvcw1\">\n<div class=\"html-div xdj266r x14z9mp xat24cr x1lziwak xexx8yu xyri2b x18d9i69 x1c1uobl x9f619 xjbqb8w x78zum5 x15mokao x1ga7v0g x16uus16 xbiv7yw x1uhb9sk x1plvlek xryxfnj x1c4vz4f x2lah0s xdt5ytf xqjyukv x1qjc9v5 x1oa3qoh x1nhvcw1\">\n<p>&nbsp;<\/p>\n<p>&nbsp;<\/p>\n<\/div>\n<\/div>\n<\/div>\n<\/div>\n<\/div>\n<\/div>\n","protected":false},"excerpt":{"rendered":"<p>Marisa Valle Roso: \u00abCENICIENTES\u00bb va ser el nome del mio pr\u00f3ximu discu por munches razones que vos voi dir contando y va asoleyase dafechu en septiembre. \ud83d\udda4 Esti discu naci\u00f3 equ\u00ed, en CASA, y bebi\u00f3 de tolo que m&#8217;arrodia, polo que nun pod\u00eda estrenalu n&#8217;otru sitiu. Esp\u00e9rovos el 18 d&#8217;ochobre nel Nuevu Teatru de La [&hellip;]<\/p>\n","protected":false},"author":117,"featured_media":0,"comment_status":"closed","ping_status":"open","sticky":false,"template":"","format":"standard","meta":{"footnotes":""},"categories":[35,125,1],"tags":[],"class_list":["post-53862","post","type-post","status-publish","format-standard","hentry","category-musica","category-musicasturiana-com","category-sin-categoria"],"_links":{"self":[{"href":"https:\/\/edublog.educastur.es\/ixuxu\/wp-json\/wp\/v2\/posts\/53862","targetHints":{"allow":["GET"]}}],"collection":[{"href":"https:\/\/edublog.educastur.es\/ixuxu\/wp-json\/wp\/v2\/posts"}],"about":[{"href":"https:\/\/edublog.educastur.es\/ixuxu\/wp-json\/wp\/v2\/types\/post"}],"author":[{"embeddable":true,"href":"https:\/\/edublog.educastur.es\/ixuxu\/wp-json\/wp\/v2\/users\/117"}],"replies":[{"embeddable":true,"href":"https:\/\/edublog.educastur.es\/ixuxu\/wp-json\/wp\/v2\/comments?post=53862"}],"version-history":[{"count":5,"href":"https:\/\/edublog.educastur.es\/ixuxu\/wp-json\/wp\/v2\/posts\/53862\/revisions"}],"predecessor-version":[{"id":53881,"href":"https:\/\/edublog.educastur.es\/ixuxu\/wp-json\/wp\/v2\/posts\/53862\/revisions\/53881"}],"wp:attachment":[{"href":"https:\/\/edublog.educastur.es\/ixuxu\/wp-json\/wp\/v2\/media?parent=53862"}],"wp:term":[{"taxonomy":"category","embeddable":true,"href":"https:\/\/edublog.educastur.es\/ixuxu\/wp-json\/wp\/v2\/categories?post=53862"},{"taxonomy":"post_tag","embeddable":true,"href":"https:\/\/edublog.educastur.es\/ixuxu\/wp-json\/wp\/v2\/tags?post=53862"}],"curies":[{"name":"wp","href":"https:\/\/api.w.org\/{rel}","templated":true}]}}