{"id":53865,"date":"2025-07-23T19:56:46","date_gmt":"2025-07-23T17:56:46","guid":{"rendered":"https:\/\/edublog.educastur.es\/ixuxu\/?p=53865"},"modified":"2025-07-23T22:05:27","modified_gmt":"2025-07-23T20:05:27","slug":"capital-del-turismu-rural-2024-santalla-dozcos","status":"publish","type":"post","link":"https:\/\/edublog.educastur.es\/ixuxu\/2025\/07\/capital-del-turismu-rural-2024-santalla-dozcos\/","title":{"rendered":"Capital del Turismu Rural 2024: Santalla d&#8217;Ozcos"},"content":{"rendered":"<p style=\"text-align: center\"><a href=\"https:\/\/s1.ppllstatics.com\/elcomercio\/www\/multimedia\/2024\/04\/18\/santa-eulalia-oscos%20(1)-kkc-U2102130422218UHI-1200x840@El%20Comercio.jpg\"><img loading=\"lazy\" decoding=\"async\" class=\"aligncenter \" src=\"https:\/\/s1.ppllstatics.com\/elcomercio\/www\/multimedia\/2024\/04\/18\/santa-eulalia-oscos%20(1)-kkc-U2102130422218UHI-1200x840@El%20Comercio.jpg\" width=\"878\" height=\"615\" \/><\/a><\/p>\n<p>Un conceyu asturianu de menos de 500 habitantes, Capital del Turismu Rural 2024. <strong><span style=\"color: #008080\">Santalla d&#8217;Ozcos<\/span><\/strong> f\u00edzose con esti galard\u00f3n na VIII edici\u00f3n del certame impuls\u00e1u por EscapadaRural. L&#8217;alcalde, Francisco L\u00f3pez Enr\u00edquez afirma emocion\u00e1u que \u00abtamos intentando asimilar ent\u00e1 esta gran noticia\u00bb.<a href=\"https:\/\/www.elcomercio.es\/asturias\/santa-eulalia-oscos-capital-turismo-rural-certamen-asturias-20240418102736-nt.html#vtm_modulosEngag=recom-favsuscriptores:sociedad:noticia:2\"> El Comercio<\/a><\/p>\n<ul>\n<li><a href=\"https:\/\/www.santaeulaliadeoscos.es\">Web conceyu<\/a> \/<\/li>\n<\/ul>\n<p><!--more--><\/p>\n<p style=\"text-align: center\">\n<!-- iframe plugin v.6.0 wordpress.org\/plugins\/iframe\/ -->\n<iframe loading=\"lazy\" width=\"560\" height=\"315\" src=\"https:\/\/www.youtube.com\/embed\/ocbrMdi8FbE\" title=\"Los Oscos, Reserva de la Biosfera en Asturias\" frameborder=\"0\" allow=\"accelerometer; autoplay; clipboard-write; encrypted-media; gyroscope; picture-in-picture; web-share\" referrerpolicy=\"strict-origin-when-cross-origin\" 0=\"allowfullscreen\" 1=\"\/iframe\" scrolling=\"yes\" class=\"iframe-class\"><\/iframe>\n<\/p>\n<p style=\"text-align: center\"><a href=\"https:\/\/www.hernandezrabal.com\/espana\/asturias\/occidental\/mapasantaeulalia2.jpg\"><img loading=\"lazy\" decoding=\"async\" class=\"aligncenter size-large\" src=\"https:\/\/www.hernandezrabal.com\/espana\/asturias\/occidental\/mapasantaeulalia2.jpg\" width=\"357\" height=\"355\" \/><\/a><\/p>\n<ul>\n<li><a href=\"https:\/\/www.santaeulaliadeoscos.es\/documents\/230889\/231747\/FOLLETO+SANTALLA.pdf\/197362a4-c9a1-443f-8ea1-ed59da0892dc\">FOLLETO TUR\u00cdSTICO<\/a><\/li>\n<li><a href=\"https:\/\/www.santaeulaliadeoscos.es\/documents\/230889\/0\/Folleto+rutas+Oscos+Natural\/c7e105b6-4fc1-4337-8253-b1217c1e2a9f\">FOLLETO DE RUTAS DE OSCOS\u00a0<\/a><\/li>\n<li><a href=\"http:\/\/www.oscos-eo.net\/documents\/11862\/f9229791-c4df-4127-aba2-24d02a4cb506\">FOLLETO DE RUTAS DE LA COMARCA OSCOS &#8211; EO<\/a><\/li>\n<\/ul>\n<p style=\"text-align: center\">\n<!-- iframe plugin v.6.0 wordpress.org\/plugins\/iframe\/ -->\n<iframe loading=\"lazy\" width=\"100%\" height=\"387\" src=\"https:\/\/www.youtube.com\/embed\/YDovWWz1gFE\" title=\"Santa Eulalia de Oscos: senderismo, herrer\u00eda, buen comer, pueblos bonitos...\" frameborder=\"0\" allow=\"accelerometer; autoplay; clipboard-write; encrypted-media; gyroscope; picture-in-picture; web-share\" referrerpolicy=\"strict-origin-when-cross-origin\" 0=\"allowfullscreen\" 1=\"\/iframe\" scrolling=\"yes\" class=\"iframe-class\"><\/iframe>\n<\/p>\n<p style=\"text-align: center\"><a href=\"https:\/\/www.expreso.info\/files\/2024-04\/Asturias_Santa_Eulalia_de_Oscos.jpg\"><img loading=\"lazy\" decoding=\"async\" class=\"aligncenter size-large\" src=\"https:\/\/www.expreso.info\/files\/2024-04\/Asturias_Santa_Eulalia_de_Oscos.jpg\" width=\"1152\" height=\"638\" \/><\/a><\/p>\n<p style=\"text-align: center\"><a href=\"http:\/\/rerb.oapn.es\/images\/Mapa_rio_eo.jpg\">http:\/\/rerb.oapn.es\/images\/Mapa_rio_eo.jpg<\/a><\/p>\n","protected":false},"excerpt":{"rendered":"<p>Un conceyu asturianu de menos de 500 habitantes, Capital del Turismu Rural 2024. Santalla d&#8217;Ozcos f\u00edzose con esti galard\u00f3n na VIII edici\u00f3n del certame impuls\u00e1u por EscapadaRural. L&#8217;alcalde, Francisco L\u00f3pez Enr\u00edquez afirma emocion\u00e1u que \u00abtamos intentando asimilar ent\u00e1 esta gran noticia\u00bb. El Comercio Web conceyu \/<\/p>\n","protected":false},"author":117,"featured_media":0,"comment_status":"closed","ping_status":"open","sticky":false,"template":"","format":"standard","meta":{"footnotes":""},"categories":[62],"tags":[],"class_list":["post-53865","post","type-post","status-publish","format-standard","hentry","category-reconocimientu"],"_links":{"self":[{"href":"https:\/\/edublog.educastur.es\/ixuxu\/wp-json\/wp\/v2\/posts\/53865","targetHints":{"allow":["GET"]}}],"collection":[{"href":"https:\/\/edublog.educastur.es\/ixuxu\/wp-json\/wp\/v2\/posts"}],"about":[{"href":"https:\/\/edublog.educastur.es\/ixuxu\/wp-json\/wp\/v2\/types\/post"}],"author":[{"embeddable":true,"href":"https:\/\/edublog.educastur.es\/ixuxu\/wp-json\/wp\/v2\/users\/117"}],"replies":[{"embeddable":true,"href":"https:\/\/edublog.educastur.es\/ixuxu\/wp-json\/wp\/v2\/comments?post=53865"}],"version-history":[{"count":7,"href":"https:\/\/edublog.educastur.es\/ixuxu\/wp-json\/wp\/v2\/posts\/53865\/revisions"}],"predecessor-version":[{"id":53872,"href":"https:\/\/edublog.educastur.es\/ixuxu\/wp-json\/wp\/v2\/posts\/53865\/revisions\/53872"}],"wp:attachment":[{"href":"https:\/\/edublog.educastur.es\/ixuxu\/wp-json\/wp\/v2\/media?parent=53865"}],"wp:term":[{"taxonomy":"category","embeddable":true,"href":"https:\/\/edublog.educastur.es\/ixuxu\/wp-json\/wp\/v2\/categories?post=53865"},{"taxonomy":"post_tag","embeddable":true,"href":"https:\/\/edublog.educastur.es\/ixuxu\/wp-json\/wp\/v2\/tags?post=53865"}],"curies":[{"name":"wp","href":"https:\/\/api.w.org\/{rel}","templated":true}]}}