{"id":53892,"date":"2025-07-23T18:10:58","date_gmt":"2025-07-23T16:10:58","guid":{"rendered":"https:\/\/edublog.educastur.es\/ixuxu\/?p=53892"},"modified":"2025-07-23T23:11:49","modified_gmt":"2025-07-23T21:11:49","slug":"i-concurso-de-horreos-del-festival-adar","status":"publish","type":"post","link":"https:\/\/edublog.educastur.es\/ixuxu\/2025\/07\/i-concurso-de-horreos-del-festival-adar\/","title":{"rendered":"I Concurso de H\u00f3rreos del Festival ADAR"},"content":{"rendered":"<p style=\"text-align: center\"><span class=\"x193iq5w xeuugli x13faqbe x1vvkbs xt0psk2 x1i0vuye xvs91rp xo1l8bm x5n08af x10wh9bi xpm28yp x8viiok x1o7cslx x126k92a\"><span class=\"html-span xexx8yu x4uap5 x18d9i69 xkhd6sd x1hl2dhg x16tdsg8 x1vvkbs x3nfvp2 x1j61x8r x1fcty0u xdj266r xat24cr xgzva0m xhhsvwb xxymvpz xlup9mm x1kky2od\">\n<!-- iframe plugin v.6.0 wordpress.org\/plugins\/iframe\/ -->\n<iframe loading=\"lazy\" src=\"https:\/\/www.instagram.com\/reel\/DMdKDpCI55F\/embed\" width=\"640\" height=\"400\" 0=\"\/iframe\" scrolling=\"yes\" class=\"iframe-class\" frameborder=\"0\"><\/iframe>\n<\/span><\/span><\/p>\n<div class=\"xyinxu5 xv54qhq x1g2khh7 xf7dkkf\">\n<div class=\"x6s0dn4 x78zum5 x1q0g3np x1nhvcw1 xh8yej3\">\n<div class=\"xbmvrgn\"><\/div>\n<\/div>\n<\/div>\n<div class=\"x5yr21d xw2csxc x1odjw0f x1n2onr6\">\n<div class=\"x9f619 x78zum5 xdt5ytf x5yr21d xexx8yu xv54qhq x1l90r2v xf7dkkf x10l6tqk xh8yej3\">\n<div class=\"html-div xdj266r x14z9mp xat24cr x1lziwak xyri2b x1c1uobl x9f619 xjbqb8w x78zum5 x15mokao x1ga7v0g x16uus16 xbiv7yw xsag5q8 xz9dl7a x1uhb9sk x1plvlek xryxfnj x1c4vz4f x2lah0s x1q0g3np xqjyukv x1qjc9v5 x1oa3qoh x1nhvcw1\">\n<div class=\"html-div xdj266r x14z9mp xat24cr x1lziwak xexx8yu xyri2b x18d9i69 x1c1uobl x9f619 xjbqb8w x78zum5 x15mokao x1ga7v0g x16uus16 xbiv7yw x1uhb9sk x1plvlek xryxfnj x1iyjqo2 x2lwn1j xeuugli x1q0g3np xqjyukv x1qjc9v5 x1oa3qoh x1nhvcw1\">\n<div class=\"html-div xdj266r x14z9mp xat24cr x1lziwak xexx8yu xyri2b x18d9i69 x1c1uobl x9f619 xjbqb8w x78zum5 x15mokao x1ga7v0g x16uus16 xbiv7yw x1uhb9sk x1plvlek xryxfnj x1iyjqo2 x2lwn1j xeuugli xdt5ytf xqjyukv x1qjc9v5 x1oa3qoh x1nhvcw1\">\n<div class=\"html-div xdj266r x14z9mp xat24cr x1lziwak xexx8yu xyri2b x18d9i69 x1c1uobl x9f619 xjbqb8w x78zum5 x15mokao x1ga7v0g x16uus16 xbiv7yw x1uhb9sk x1plvlek xryxfnj x1c4vz4f x2lah0s xdt5ytf xqjyukv x1qjc9v5 x1oa3qoh x1nhvcw1\">\n<div class=\"html-div xdj266r x14z9mp xat24cr x1lziwak xexx8yu xyri2b x18d9i69 x1c1uobl x9f619 xjbqb8w x78zum5 x15mokao x1ga7v0g x16uus16 xbiv7yw x1uhb9sk x1plvlek xryxfnj x1c4vz4f x2lah0s x1q0g3np xqjyukv x1qjc9v5 x1oa3qoh x1nhvcw1\">Los ganadores del I Concursu d&#8217;Horros del Festival ADAR: El primer premiu foi conced\u00edu ex aequo a dos proyectos que destaquen pol so compromisu cola vida cultural y la puesta en valor del patrimoniu rural asturianu:<\/div>\n<ul>\n<li><strong>Caser\u00eda de Paz Mesa y Xandru Gonz\u00e1lez (Puerma, Les Regueres) <\/strong>Xandru Gonz\u00e1lez Fern\u00e1ndez y Paz Gonz\u00e1lez Mesa ded\u00edquense viviegamente al caltenimientu de la cultura tradicional asturiana. <strong><span style=\"color: #008080\">Presentaron un conxuntu patrimonial compuestu por tr\u00e9s horros que formen parte d&#8217;una quintana tradicional, xuntu cola casa, el llagar y la corte.<\/span><\/strong> Ente ellos destaca un horru del sieglu XVI, decor\u00e1u nel denomin\u00e1u estilu Villaviciosa, tami\u00e9n conoc\u00edu como decoraci\u00f3n medieval.<\/li>\n<\/ul>\n<p><!--more--><\/p>\n<ul>\n<li><strong>Susacasa agrocultural \u2013 Keko Marcos y Sandra Murillo (Susacasa, Goz\u00f3n)<\/strong> Un espaciu de permacultura onde s&#8217;integren actividaes ecol\u00f3xiques y culturales. La so propuesta visibiliza el territoriu como un espaciu vivu, con una gran panera activada pa usos comu\u00f1ales, educativos y art\u00edsticos.<\/li>\n<li>Dotaci\u00f3n: Cada proyectu premi\u00e1u va recibir xuna dotaci\u00f3n de 300 \u20ac.<\/li>\n<li>Segundu y tercer premiu: Declaraos desiertos.<\/li>\n<li>Conciertos incluy\u00edos: \u00a05 d&#8217;agostu en Susacasa (Goz\u00f3n) \/ 11 d&#8217;agostu en Puerma (Les Regueres) Esta reconocencia celebra la capacid\u00e1 de dambos proyectos pa caltener vivos y \u00fatiles los nuesos horros como llugares d&#8217;alcuentru, tradici\u00f3n, aprendizaxe y cultura.<\/li>\n<\/ul>\n<p><span class=\"x193iq5w xeuugli x13faqbe x1vvkbs xt0psk2 x1i0vuye xvs91rp xo1l8bm x5n08af x10wh9bi xpm28yp x8viiok x1o7cslx x126k92a\"><br \/>\n<a class=\"x1i10hfl xjbqb8w x1ejq31n x18oe1m7 x1sy0etr xstzfhl x972fbf x10w94by x1qhh985 x14e42zd x9f619 x1ypdohk xt0psk2 xe8uvvx xdj266r x14z9mp xat24cr x1lziwak xexx8yu xyri2b x18d9i69 x1c1uobl x16tdsg8 x1hl2dhg xggy1nq x1a2a7pz _aa9_ _a6hd\" role=\"link\" href=\"https:\/\/www.instagram.com\/explore\/tags\/festivaladar\/\">#FestivalADAR<\/a> <a class=\"x1i10hfl xjbqb8w x1ejq31n x18oe1m7 x1sy0etr xstzfhl x972fbf x10w94by x1qhh985 x14e42zd x9f619 x1ypdohk xt0psk2 xe8uvvx xdj266r x14z9mp xat24cr x1lziwak xexx8yu xyri2b x18d9i69 x1c1uobl x16tdsg8 x1hl2dhg xggy1nq x1a2a7pz _aa9_ _a6hd\" role=\"link\" href=\"https:\/\/www.instagram.com\/explore\/tags\/h%C3%B3rreosvivos\/\">#H\u00f3rreosVivos<br \/>\n<\/a> <\/span><\/p>\n<\/div>\n<\/div>\n<\/div>\n<\/div>\n<\/div>\n<\/div>\n<p>&nbsp;<\/p>\n","protected":false},"excerpt":{"rendered":"<p>Los ganadores del I Concursu d&#8217;Horros del Festival ADAR: El primer premiu foi conced\u00edu ex aequo a dos proyectos que destaquen pol so compromisu cola vida cultural y la puesta en valor del patrimoniu rural asturianu: Caser\u00eda de Paz Mesa y Xandru Gonz\u00e1lez (Puerma, Les Regueres) Xandru Gonz\u00e1lez Fern\u00e1ndez y Paz Gonz\u00e1lez Mesa ded\u00edquense viviegamente [&hellip;]<\/p>\n","protected":false},"author":117,"featured_media":0,"comment_status":"closed","ping_status":"open","sticky":false,"template":"","format":"standard","meta":{"footnotes":""},"categories":[61,116],"tags":[],"class_list":["post-53892","post","type-post","status-publish","format-standard","hentry","category-concursu","category-horru"],"_links":{"self":[{"href":"https:\/\/edublog.educastur.es\/ixuxu\/wp-json\/wp\/v2\/posts\/53892","targetHints":{"allow":["GET"]}}],"collection":[{"href":"https:\/\/edublog.educastur.es\/ixuxu\/wp-json\/wp\/v2\/posts"}],"about":[{"href":"https:\/\/edublog.educastur.es\/ixuxu\/wp-json\/wp\/v2\/types\/post"}],"author":[{"embeddable":true,"href":"https:\/\/edublog.educastur.es\/ixuxu\/wp-json\/wp\/v2\/users\/117"}],"replies":[{"embeddable":true,"href":"https:\/\/edublog.educastur.es\/ixuxu\/wp-json\/wp\/v2\/comments?post=53892"}],"version-history":[{"count":2,"href":"https:\/\/edublog.educastur.es\/ixuxu\/wp-json\/wp\/v2\/posts\/53892\/revisions"}],"predecessor-version":[{"id":53894,"href":"https:\/\/edublog.educastur.es\/ixuxu\/wp-json\/wp\/v2\/posts\/53892\/revisions\/53894"}],"wp:attachment":[{"href":"https:\/\/edublog.educastur.es\/ixuxu\/wp-json\/wp\/v2\/media?parent=53892"}],"wp:term":[{"taxonomy":"category","embeddable":true,"href":"https:\/\/edublog.educastur.es\/ixuxu\/wp-json\/wp\/v2\/categories?post=53892"},{"taxonomy":"post_tag","embeddable":true,"href":"https:\/\/edublog.educastur.es\/ixuxu\/wp-json\/wp\/v2\/tags?post=53892"}],"curies":[{"name":"wp","href":"https:\/\/api.w.org\/{rel}","templated":true}]}}