{"id":53907,"date":"2025-07-27T10:00:38","date_gmt":"2025-07-27T08:00:38","guid":{"rendered":"https:\/\/edublog.educastur.es\/ixuxu\/?p=53907"},"modified":"2025-07-27T14:59:49","modified_gmt":"2025-07-27T12:59:49","slug":"espana-xugara-la-final-contra-inglaterra","status":"publish","type":"post","link":"https:\/\/edublog.educastur.es\/ixuxu\/2025\/07\/espana-xugara-la-final-contra-inglaterra\/","title":{"rendered":"Espa\u00f1a xugar\u00e1 la final contra Inglaterra"},"content":{"rendered":"<ul>\n<li><span class=\"xt0psk2\"><a class=\"x1i10hfl xjbqb8w x1ejq31n x18oe1m7 x1sy0etr xstzfhl x972fbf x10w94by x1qhh985 x14e42zd x9f619 x1ypdohk xt0psk2 xe8uvvx xdj266r x14z9mp xat24cr x1lziwak xexx8yu xyri2b x18d9i69 x1c1uobl x16tdsg8 x1hl2dhg xggy1nq x1a2a7pz xkrqix3 x1sur9pj xzsf02u x1s688f\" role=\"link\" href=\"https:\/\/www.facebook.com\/sefutbolfem?__cft__[0]=AZUfccnfg29ZbZg8Fdy6_q7TIsOOITiBh-06CrDbzrcFTsD1a2CuQndMb0x6F8UNGddUYqg78W3gTY68Y4vTVrYatvi7HrNXQsOvfvBT8WFeOfCBlJJUjUwswnbJ-L8h8JVMu12kCYlUcCZQm2aJHcq2MjFToI8CDmfAYRaXCgAvK2QE5g4fz6GJunftCEheXO7x43htVfL8eq5HyedckUU6&amp;__tn__=-UC%2CP-y-R\"><strong class=\"html-strong xdj266r x14z9mp xat24cr x1lziwak xexx8yu xyri2b x18d9i69 x1c1uobl x1hl2dhg x16tdsg8 x1vvkbs x1s688f\"><span class=\"html-span xdj266r x14z9mp xat24cr x1lziwak xexx8yu xyri2b x18d9i69 x1c1uobl x1hl2dhg x16tdsg8 x1vvkbs\">Selecci\u00f3n Espa\u00f1ola Femenina de F\u00fatbol<\/span><\/strong><\/a><\/span><span class=\"html-span xdj266r x14z9mp xat24cr x1lziwak xexx8yu xyri2b x18d9i69 x1c1uobl x1hl2dhg x16tdsg8 x1vvkbs x1dor1uw x1n2onr6 xxymvpz\">\u00a0<\/span><\/li>\n<li><span class=\"css-1jxf684 r-bcqeeo r-1ttztb7 r-qvutc0 r-poiln3\">\u00a1\u00a1ESPAAA\u00d1A TAR\u00c1 NA FINAAAL DE LA <\/span><span class=\"r-18u37iz\"><a class=\"css-1jxf684 r-bcqeeo r-1ttztb7 r-qvutc0 r-poiln3 r-1loqt21\" dir=\"ltr\" role=\"link\" href=\"https:\/\/x.com\/hashtag\/WEURO2025?src=hashtag_click\">#WEURO2025<\/a><\/span><span class=\"css-1jxf684 r-bcqeeo r-1ttztb7 r-qvutc0 r-poiln3\">! <\/span><\/li>\n<li><span class=\"css-1jxf684 r-bcqeeo r-1ttztb7 r-qvutc0 r-poiln3\">\u00a1La\u00a0<\/span><span class=\"r-18u37iz\"><a class=\"css-1jxf684 r-bcqeeo r-1ttztb7 r-qvutc0 r-poiln3 r-1loqt21\" dir=\"ltr\" role=\"link\" href=\"https:\/\/x.com\/SEFutbolFem\">@sefutbolfem<\/a><\/span><span class=\"css-1jxf684 r-bcqeeo r-1ttztb7 r-qvutc0 r-poiln3\">s&#8217; imp\u00f3n a Alema\u00f1a na semifinal con un gol d&#8217;Aitana na pr\u00f3rroga! <\/span><\/li>\n<li><span class=\"css-1jxf684 r-bcqeeo r-1ttztb7 r-qvutc0 r-poiln3\">\u00a0<\/span><span class=\"r-18u37iz\"><a class=\"css-1jxf684 r-bcqeeo r-1ttztb7 r-qvutc0 r-poiln3 r-1loqt21\" dir=\"ltr\" role=\"link\" href=\"https:\/\/x.com\/La1_tve\">@La1_tve<\/a><\/span>\/<a class=\"css-1jxf684 r-bcqeeo r-1ttztb7 r-qvutc0 r-poiln3 r-1loqt21\" dir=\"ltr\" role=\"link\" href=\"https:\/\/x.com\/hashtag\/WEURO2025?src=hashtag_click\">#WEURO2025<\/a><span class=\"css-1jxf684 r-bcqeeo r-1ttztb7 r-qvutc0 r-poiln3\"> | <\/span><span class=\"r-18u37iz\"><a class=\"css-1jxf684 r-bcqeeo r-1ttztb7 r-qvutc0 r-poiln3 r-1loqt21\" dir=\"ltr\" role=\"link\" href=\"https:\/\/x.com\/hashtag\/JugarLucharYGanar?src=hashtag_click\">#JugarLucharYGanar<\/a><\/span><\/li>\n<\/ul>\n<p style=\"text-align: center\"><a href=\"https:\/\/pbs.twimg.com\/media\/Gwkph2eWYAEmYkZ?format=jpg&amp;name=large\"><img loading=\"lazy\" decoding=\"async\" class=\"aligncenter \" src=\"https:\/\/pbs.twimg.com\/media\/Gwkph2eWYAEmYkZ?format=jpg&amp;name=large\" width=\"601\" height=\"751\" \/><\/a><\/p>\n<p><!--more--><\/p>\n<p style=\"text-align: center\"><a href=\"https:\/\/pbs.twimg.com\/media\/GwkpkQjW0AIcEGh?format=jpg&amp;name=900x900\"><img loading=\"lazy\" decoding=\"async\" class=\"aligncenter size-large\" src=\"https:\/\/pbs.twimg.com\/media\/GwkpkQjW0AIcEGh?format=jpg&amp;name=900x900\" width=\"720\" height=\"900\" \/><\/a><\/p>\n<p style=\"text-align: center\">\n<!-- iframe plugin v.6.0 wordpress.org\/plugins\/iframe\/ -->\n<iframe loading=\"lazy\" src=\"https:\/\/www.facebook.com\/plugins\/post.php?href=https%3A%2F%2Fwww.facebook.com%2Fphoto.php%3Ffbid%3D1160476829440933%26set%3Da.628398745982080%26type%3D3&#038;show_text=false&#038;width=500\" width=\"500\" height=\"696\" style=\"border:none;overflow:hidden\" scrolling=\"no\" frameborder=\"0\" allowfullscreen=\"true\" allow=\"autoplay; clipboard-write; encrypted-media; picture-in-picture; web-share\" 0=\"\/iframe\" class=\"iframe-class\"><\/iframe>\n<\/p>\n<p style=\"text-align: center\">\n<!-- iframe plugin v.6.0 wordpress.org\/plugins\/iframe\/ -->\n<iframe loading=\"lazy\" src=\"https:\/\/www.facebook.com\/plugins\/video.php?height=476&#038;href=https%3A%2F%2Fwww.facebook.com%2Freel%2F1126879882586520%2F&#038;show_text=false&#038;width=267&#038;t=0\" width=\"267\" height=\"476\" style=\"border:none;overflow:hidden\" scrolling=\"no\" frameborder=\"0\" allowfullscreen=\"true\" allow=\"autoplay; clipboard-write; encrypted-media; picture-in-picture; web-share\" 0=\"\/iframe\" class=\"iframe-class\"><\/iframe>\n<\/p>\n<p style=\"text-align: center\">\n<!-- iframe plugin v.6.0 wordpress.org\/plugins\/iframe\/ -->\n<iframe loading=\"lazy\" src=\"https:\/\/www.facebook.com\/plugins\/post.php?href=https%3A%2F%2Fwww.facebook.com%2Fphoto.php%3Ffbid%3D1160453309443285%26set%3Da.628398745982080%26type%3D3&#038;show_text=false&#038;width=500\" width=\"500\" height=\"441\" style=\"border:none;overflow:hidden\" scrolling=\"no\" frameborder=\"0\" allowfullscreen=\"true\" allow=\"autoplay; clipboard-write; encrypted-media; picture-in-picture; web-share\" 0=\"\/iframe\" class=\"iframe-class\"><\/iframe>\n<\/p>\n<p style=\"text-align: center\"><a href=\"https:\/\/imagenes.elpais.com\/resizer\/v2\/TCC553US7FHLRLKJAF2DBTRGMA.JPG?auth=9bce4b145aa69f240533a4824f0cf7f00e64fde5dff7a1ccac7db8a241ffd053&amp;width=1200\"><img loading=\"lazy\" decoding=\"async\" class=\"aligncenter size-large\" src=\"https:\/\/imagenes.elpais.com\/resizer\/v2\/TCC553US7FHLRLKJAF2DBTRGMA.JPG?auth=9bce4b145aa69f240533a4824f0cf7f00e64fde5dff7a1ccac7db8a241ffd053&amp;width=1200\" width=\"1200\" height=\"779\" \/><\/a><\/p>\n<p style=\"text-align: center\"><a href=\"https:\/\/imagenes.elpais.com\/resizer\/v2\/45CJJBDNKVDCHNWGISXDL3X6PM.jpg?auth=6406c028e512e2543b4f2952a930904684121c660c54b87ab8de13622e14921b&amp;width=1960\"><img loading=\"lazy\" decoding=\"async\" class=\"aligncenter size-large\" src=\"https:\/\/imagenes.elpais.com\/resizer\/v2\/45CJJBDNKVDCHNWGISXDL3X6PM.jpg?auth=6406c028e512e2543b4f2952a930904684121c660c54b87ab8de13622e14921b&amp;width=1960\" width=\"1960\" height=\"1306\" \/><\/a><\/p>\n<p style=\"text-align: center\"><a href=\"https:\/\/pbs.twimg.com\/media\/GwkqJJ6WIAAbIBh?format=jpg&amp;name=large\"><img loading=\"lazy\" decoding=\"async\" class=\"aligncenter \" src=\"https:\/\/pbs.twimg.com\/media\/GwkqJJ6WIAAbIBh?format=jpg&amp;name=large\" width=\"509\" height=\"636\" \/><\/a><\/p>\n<p style=\"text-align: center\">\n<!-- iframe plugin v.6.0 wordpress.org\/plugins\/iframe\/ -->\n<iframe loading=\"lazy\" src=\"https:\/\/www.facebook.com\/plugins\/video.php?height=476&#038;href=https%3A%2F%2Fwww.facebook.com%2Fespnfans.mexico%2Fvideos%2F724856757007387%2F&#038;show_text=false&#038;width=267&#038;t=0\" width=\"267\" height=\"476\" style=\"border:none;overflow:hidden\" scrolling=\"no\" frameborder=\"0\" allowfullscreen=\"true\" allow=\"autoplay; clipboard-write; encrypted-media; picture-in-picture; web-share\" 0=\"\/iframe\" class=\"iframe-class\"><\/iframe>\n<\/p>\n<p style=\"text-align: center\"><a href=\"https:\/\/rfef.es\/sites\/default\/files\/styles\/noticias_image_content\/public\/n\/01_granfinal_1600x900.png.webp?itok=NIC-JfHy\"><img loading=\"lazy\" decoding=\"async\" class=\"aligncenter size-large\" src=\"https:\/\/rfef.es\/sites\/default\/files\/styles\/noticias_image_content\/public\/n\/01_granfinal_1600x900.png.webp?itok=NIC-JfHy\" width=\"960\" height=\"540\" \/><\/a><\/p>\n<p style=\"text-align: center\">\n<!-- iframe plugin v.6.0 wordpress.org\/plugins\/iframe\/ -->\n<iframe loading=\"lazy\" src=\"https:\/\/www.facebook.com\/plugins\/post.php?href=https%3A%2F%2Fwww.facebook.com%2Fsefutbolfem%2Fposts%2Fpfbid0eVDA9dSiU1guWMgkJVysxN45N3D7itJweABFPd7VVXpMNMRovnTYYBy94azQ2U6cl&#038;show_text=false&#038;width=500\" width=\"500\" height=\"498\" style=\"border:none;overflow:hidden\" scrolling=\"no\" frameborder=\"0\" allowfullscreen=\"true\" allow=\"autoplay; clipboard-write; encrypted-media; picture-in-picture; web-share\" 0=\"\/iframe\" class=\"iframe-class\"><\/iframe>\n<\/p>\n","protected":false},"excerpt":{"rendered":"<p>Selecci\u00f3n Espa\u00f1ola Femenina de F\u00fatbol\u00a0 \u00a1\u00a1ESPAAA\u00d1A TAR\u00c1 NA FINAAAL DE LA #WEURO2025! \u00a1La\u00a0@sefutbolfems&#8217; imp\u00f3n a Alema\u00f1a na semifinal con un gol d&#8217;Aitana na pr\u00f3rroga! \u00a0@La1_tve\/#WEURO2025 | #JugarLucharYGanar<\/p>\n","protected":false},"author":117,"featured_media":0,"comment_status":"closed","ping_status":"open","sticky":false,"template":"","format":"standard","meta":{"footnotes":""},"categories":[133],"tags":[],"class_list":["post-53907","post","type-post","status-publish","format-standard","hentry","category-deportes"],"_links":{"self":[{"href":"https:\/\/edublog.educastur.es\/ixuxu\/wp-json\/wp\/v2\/posts\/53907","targetHints":{"allow":["GET"]}}],"collection":[{"href":"https:\/\/edublog.educastur.es\/ixuxu\/wp-json\/wp\/v2\/posts"}],"about":[{"href":"https:\/\/edublog.educastur.es\/ixuxu\/wp-json\/wp\/v2\/types\/post"}],"author":[{"embeddable":true,"href":"https:\/\/edublog.educastur.es\/ixuxu\/wp-json\/wp\/v2\/users\/117"}],"replies":[{"embeddable":true,"href":"https:\/\/edublog.educastur.es\/ixuxu\/wp-json\/wp\/v2\/comments?post=53907"}],"version-history":[{"count":11,"href":"https:\/\/edublog.educastur.es\/ixuxu\/wp-json\/wp\/v2\/posts\/53907\/revisions"}],"predecessor-version":[{"id":53925,"href":"https:\/\/edublog.educastur.es\/ixuxu\/wp-json\/wp\/v2\/posts\/53907\/revisions\/53925"}],"wp:attachment":[{"href":"https:\/\/edublog.educastur.es\/ixuxu\/wp-json\/wp\/v2\/media?parent=53907"}],"wp:term":[{"taxonomy":"category","embeddable":true,"href":"https:\/\/edublog.educastur.es\/ixuxu\/wp-json\/wp\/v2\/categories?post=53907"},{"taxonomy":"post_tag","embeddable":true,"href":"https:\/\/edublog.educastur.es\/ixuxu\/wp-json\/wp\/v2\/tags?post=53907"}],"curies":[{"name":"wp","href":"https:\/\/api.w.org\/{rel}","templated":true}]}}