{"id":53932,"date":"2025-07-24T13:17:30","date_gmt":"2025-07-24T11:17:30","guid":{"rendered":"https:\/\/edublog.educastur.es\/ixuxu\/?p=53932"},"modified":"2025-07-24T13:17:30","modified_gmt":"2025-07-24T11:17:30","slug":"iniesta-lesitu-ye-cayese-y-llevantase","status":"publish","type":"post","link":"https:\/\/edublog.educastur.es\/ixuxu\/2025\/07\/iniesta-lesitu-ye-cayese-y-llevantase\/","title":{"rendered":"Iniesta: \u00abL&#8217;\u00e9situ ye cayese y llevantase\u00bb"},"content":{"rendered":"<p style=\"text-align: center\"><a href=\"https:\/\/www.hola.com\/horizon\/landscape\/9692f8851f96-europapress6870933exfutbolistaandresiniestaentregapremiosprincesagirona.jpg?im=Resize=(960),type=downsize\"><img loading=\"lazy\" decoding=\"async\" class=\"aligncenter size-large\" src=\"https:\/\/www.hola.com\/horizon\/landscape\/9692f8851f96-europapress6870933exfutbolistaandresiniestaentregapremiosprincesagirona.jpg?im=Resize=(960),type=downsize\" width=\"960\" height=\"540\" \/><\/a><\/p>\n<p>Andr\u00e9s Iniesta:<span style=\"color: #008080\"><em> \u00abConvido a los mozos a que vaigan a terapia, nun fai falta tar mal pa dir\u00bb. <\/em><\/span>\u00a0El deportista fa\u00eda, asina, <span style=\"color: #008080\"><strong>referencia a capacidaes como l&#8217;esfuerzu, la honestid\u00e1, el trabayu duru, la resiliencia&#8230; elementos del desenvolvimientu personal que siguen marcando la diferencia<\/strong> <\/span>y que, como \u00e9l mesmu espres\u00f3,<span style=\"color: #008080\"><em> \u00abson los valores que mueven el mundu y que nos mueven internamente\u00bb.<\/em><\/span><\/p>\n<p><!--more--><br \/>\n<span style=\"color: #008080\"><em>\u00abToi meyor nel campu\u00bb,<\/em><\/span> empez\u00f3 bromiando&#8217;l exfutbolista Andr\u00e9s Iniesta, unu de los invitaos m\u00e1s especiales na gala de los premios Princesa de Girona 2025, celebraos esti mi\u00e9rcoles nel Teatru Liceu de Barcelona. Not\u00e1base&#8217;l nerviosismu nes sos palabres, consciente del leg\u00e1u qu&#8217;atesora a los sos llombos.<\/p>\n<p>El xugador, xuna de les grandes estrelles del FC Barcelona y campe\u00f3n de la Copa del Mundu cola Selecci\u00f3n Espa\u00f1ola en 2010 -siendo l&#8217;h\u00e9roe de la final \u00e9nte Holanda-, <strong>fal\u00f3 sobro l&#8217;\u00e9situ, la crecedera y les batalles qu&#8217;hai qu&#8217;encarar pa consiguir los sua\u00f1os propios<\/strong>.<\/p>\n<p><span style=\"color: #008080\"><em>\u00abCuando tienes la oportunid\u00e1 o la suerte de faer lo que te gusta, tou ye relativamente m\u00e1s f\u00e1cil. Intent\u00e9 siempres caltener los pies nel suelu, tuvi la suerte de cuntar con una familia maraviyosa que m&#8217;empunxo per esi cam\u00edn, que pa mi siempres foi&#8217;l del esfuerzu, el sacrificiu, la dedicaci\u00f3n, el trabayu y l&#8217;honestid\u00e1\u00bb<\/em><\/span>, empez\u00f3 respondiendo a les entrugues de los conductores de la gala, les periodistes Agn\u00e8s Marqu\u00e9s y Georgina Arnau.<\/p>\n<p>Iniesta nun duld\u00f3 n&#8217;animar a les nueves xeneraciones a allegase a terapia, inclusive si tou paez dir bien. <span style=\"color: #008080\"><em>\u00abNun fai falta tar mal pa dir a terapia, ye importante, y m\u00e1s con tola esixencia y la velocid\u00e1 a la que nos lleva la vida y los nuesos trabayos\u00bb<\/em><\/span>, almiti\u00f3. El exfutbolista nun duld\u00f3 en compartir colos ell\u00ed presentes los sos cap\u00edtulos vitales m\u00e1s complicaos.<span style=\"color: #008080\"><em> \u00abPas\u00e9 momentos bien escuros, dif\u00edciles, complicaos, creo que toos pasamos por dalg\u00fan momentu d&#8217;esos, pero afortunadamente eso ta ameyorando\u00bb<\/em><\/span>, espres\u00f3 de forma optimista, consciente de que les ferramientes de sal\u00fa mental avanzaron de sobremanera nos tiempos actuales. \u00abQueda muncho percorr\u00edu\u00bb, reposti\u00f3.<\/p>\n<p style=\"text-align: center\"><a href=\"https:\/\/www.hola.com\/horizon\/original_aspect_ratio\/fe2234857e02-europapress6870934exfutbolistaandresiniestaentregapremiosprincesagirona.jpg?im=Resize=(960),type=downsize\"><img loading=\"lazy\" decoding=\"async\" class=\"aligncenter size-large\" src=\"https:\/\/www.hola.com\/horizon\/original_aspect_ratio\/fe2234857e02-europapress6870934exfutbolistaandresiniestaentregapremiosprincesagirona.jpg?im=Resize=(960),type=downsize\" width=\"960\" height=\"639\" \/><\/a><\/p>\n<p><span style=\"color: #008080\"><strong>\u00abL&#8217;\u00e9situ ye cayese y llevantase\u00bb.<\/strong><\/span><\/p>\n<p><span style=\"color: #008080\"><em>\u00abYo soi un poco m\u00e1s mayor que toos estos mozos y moces nueves, pero hai valores que, da igual el tiempu que pase, son los mesmos pa cumplir los tos sua\u00f1os ya ilusiones\u00bb<\/em><\/span>, almit\u00eda Andr\u00e9s Iniesta ante&#8217;l p\u00fablicu presente nel Teatru Liceu. El deportista fa\u00eda, asina, <span style=\"color: #008080\"><strong>referencia a capacidaes como l&#8217;esfuerzu, la honestid\u00e1, el trabayu duru, la resiliencia&#8230; elementos del desenvolvimientu personal que siguen marcando la diferencia<\/strong> <\/span>y que, como \u00e9l mesmu espres\u00f3,<span style=\"color: #008080\"><em> \u00abson los valores que mueven el mundu y que nos mueven internamente\u00bb.<\/em><\/span><\/p>\n<p>La intervenci\u00f3n d&#8217;Iniesta nos galardones foi del tou emotiva: encetando la so depresi\u00f3n pasada, una tema del que fal\u00f3 nel llibru La mente tami\u00e9n xuega y nel que, almit\u00eda, la so muyer non solo foi una pieza clave de sofitu, sin\u00f3n la so salvaci\u00f3n. <em><span style=\"color: #008080\"><strong>\u00abD&#8217;eso trata la vida, de cayese y llevantase, eso ye l&#8217;\u00e9situ\u00bb<\/strong><\/span><\/em>, coment\u00f3. Faciendo referencia a la responsabilid\u00e1\u00bb que supon ser un referente, l&#8217;exjugador quixo aprofiar la importancia de la esperiencia a la de poder aconseyar a otros.<\/p>\n<p>El exfutbolista y campe\u00f3n del mundu cola Selecci\u00f3n Espa\u00f1ola foi protagonista inesper\u00e1u del discursu de Don Felipe.<\/p>\n<p>Nun chisgo un tanto inusual, el rei Felipe VI fixo referencia na so intervenci\u00f3n, que cerr\u00f3 la gala, al discursu del deportista, recordando esi magn\u00edficu gol qu&#8217;alz\u00f3 al equipu daquella dirix\u00edu por Vicente del Monte. \u00ab<strong><em>Querido Andr\u00e9s, Iniesta de la mio vida, d\u00edstinos tantes amueses d&#8217;esos valores deportivos, gracies\u00a0 Andr\u00e9s, llecciones de gran valor\u00bb<\/em><\/strong>, espres\u00f3&#8217;l monarca nun tonu bien risible y emocional.<\/p>\n","protected":false},"excerpt":{"rendered":"<p>Andr\u00e9s Iniesta: \u00abConvido a los mozos a que vaigan a terapia, nun fai falta tar mal pa dir\u00bb. \u00a0El deportista fa\u00eda, asina, referencia a capacidaes como l&#8217;esfuerzu, la honestid\u00e1, el trabayu duru, la resiliencia&#8230; elementos del desenvolvimientu personal que siguen marcando la diferencia y que, como \u00e9l mesmu espres\u00f3, \u00abson los valores que mueven el [&hellip;]<\/p>\n","protected":false},"author":117,"featured_media":0,"comment_status":"closed","ping_status":"open","sticky":false,"template":"","format":"standard","meta":{"footnotes":""},"categories":[58],"tags":[],"class_list":["post-53932","post","type-post","status-publish","format-standard","hentry","category-premios"],"_links":{"self":[{"href":"https:\/\/edublog.educastur.es\/ixuxu\/wp-json\/wp\/v2\/posts\/53932","targetHints":{"allow":["GET"]}}],"collection":[{"href":"https:\/\/edublog.educastur.es\/ixuxu\/wp-json\/wp\/v2\/posts"}],"about":[{"href":"https:\/\/edublog.educastur.es\/ixuxu\/wp-json\/wp\/v2\/types\/post"}],"author":[{"embeddable":true,"href":"https:\/\/edublog.educastur.es\/ixuxu\/wp-json\/wp\/v2\/users\/117"}],"replies":[{"embeddable":true,"href":"https:\/\/edublog.educastur.es\/ixuxu\/wp-json\/wp\/v2\/comments?post=53932"}],"version-history":[{"count":1,"href":"https:\/\/edublog.educastur.es\/ixuxu\/wp-json\/wp\/v2\/posts\/53932\/revisions"}],"predecessor-version":[{"id":53933,"href":"https:\/\/edublog.educastur.es\/ixuxu\/wp-json\/wp\/v2\/posts\/53932\/revisions\/53933"}],"wp:attachment":[{"href":"https:\/\/edublog.educastur.es\/ixuxu\/wp-json\/wp\/v2\/media?parent=53932"}],"wp:term":[{"taxonomy":"category","embeddable":true,"href":"https:\/\/edublog.educastur.es\/ixuxu\/wp-json\/wp\/v2\/categories?post=53932"},{"taxonomy":"post_tag","embeddable":true,"href":"https:\/\/edublog.educastur.es\/ixuxu\/wp-json\/wp\/v2\/tags?post=53932"}],"curies":[{"name":"wp","href":"https:\/\/api.w.org\/{rel}","templated":true}]}}