{"id":53951,"date":"2025-07-24T19:08:20","date_gmt":"2025-07-24T17:08:20","guid":{"rendered":"https:\/\/edublog.educastur.es\/ixuxu\/?p=53951"},"modified":"2025-07-29T12:22:15","modified_gmt":"2025-07-29T10:22:15","slug":"les-foles-de-calor-marin","status":"publish","type":"post","link":"https:\/\/edublog.educastur.es\/ixuxu\/2025\/07\/les-foles-de-calor-marin\/","title":{"rendered":"Les foles de calor mar\u00edn"},"content":{"rendered":"<p>\ud83c\udf0a Les foles de calor mar\u00edn y\u00e1 nun son escepcionales: son m\u00e1s frecuentes, m\u00e1s intenses y duren m\u00e1s. El so impactu va dende la perda de biodiversid\u00e1 hasta&#8217;l colapsu d&#8217;econom\u00edes costeres \ud83d\udc1f\ud83c\udf2a\ufe0f \ud83d\udcc8 Para 2100, podr\u00eden ser hasta 50 vegaes m\u00e1s frecuentes y 10 vegaes m\u00e1s intenses. <a href=\"https:\/\/scontent-bcn1-1.xx.fbcdn.net\/v\/t39.30808-6\/521953858_1170047761827035_6108626870665449132_n.jpg?_nc_cat=102&amp;ccb=1-7&amp;_nc_sid=127cfc&amp;_nc_ohc=wPStZvPG_P8Q7kNvwFx15vY&amp;_nc_oc=AdnTba6Uh3wCmg-zJDbNveCxuSF0KVx9CihqbZiZEIGs5OJrdsn0PEUc30ouxtNCc_rpluCCUllCYIXBVDLlMfh0&amp;_nc_zt=23&amp;_nc_ht=scontent-bcn1-1.xx&amp;_nc_gid=UccYo-u9nH3l3ZQJTle9VA&amp;oh=00_AfTdJliiwbAPbh559ZftXq0pFS51RpbLkLGtxt18Khbt1w&amp;oe=68884A60\">Gr\u00e1ficu<\/a> \/<span class=\"x193iq5w xeuugli x13faqbe x1vvkbs x1xmvt09 x1f6kntn xvq8zen xo1l8bm xi81zsa\"><span class=\"xt0psk2\"><span class=\"xjp7ctv\"><a class=\"x1i10hfl xjbqb8w x1ejq31n x18oe1m7 x1sy0etr xstzfhl x972fbf x10w94by x1qhh985 x14e42zd x9f619 x1ypdohk xt0psk2 xe8uvvx xdj266r x14z9mp xat24cr x1lziwak xexx8yu xyri2b x18d9i69 x1c1uobl x16tdsg8 x1hl2dhg xggy1nq x1a2a7pz xkrqix3 x1sur9pj xzsf02u x1s688f\" role=\"link\" href=\"https:\/\/www.facebook.com\/fundacionbiodiversidad?__cft__[0]=AZWE82KfsvFf372PtE7sfRlgwBoNxYr7fhej4laNFPlxTxIdlplp9TCmwmcbCFHJGl4xHzkX9E-i-3Q1We2-5M0RMSlJvRxdB5EeU0qzzrOcMAhE340c9Cq8zVAZFAgnmojwyH_y-m2oJwjVbO4X6i0AA6_zNI7KXxvyOAgVgoQGzGZnMpXzdjSxYO_X6GPTSHo&amp;__tn__=-UC*F\">Fundaci\u00f3n Biodiversidad<\/a><\/span><\/span><\/span><\/p>\n<p style=\"text-align: center\">\n<!-- iframe plugin v.6.0 wordpress.org\/plugins\/iframe\/ -->\n<iframe loading=\"lazy\" src=\"https:\/\/www.facebook.com\/plugins\/post.php?href=https%3A%2F%2Fwww.facebook.com%2Ffundacionbiodiversidad%2Fposts%2Fpfbid0sQPhdAZkvPAgTSVuJAUbuks6CfJJiQkBrrcVWhouizjZDBmb3YZpyzm6jrNQ2cfyl&#038;show_text=false&#038;width=500\" width=\"500\" height=\"498\" style=\"border:none;overflow:hidden\" scrolling=\"no\" frameborder=\"0\" allowfullscreen=\"true\" allow=\"autoplay; clipboard-write; encrypted-media; picture-in-picture; web-share\" 0=\"\/iframe\" class=\"iframe-class\"><\/iframe>\n<\/p>\n","protected":false},"excerpt":{"rendered":"<p>\ud83c\udf0a Les foles de calor mar\u00edn y\u00e1 nun son escepcionales: son m\u00e1s frecuentes, m\u00e1s intenses y duren m\u00e1s. El so impactu va dende la perda de biodiversid\u00e1 hasta&#8217;l colapsu d&#8217;econom\u00edes costeres \ud83d\udc1f\ud83c\udf2a\ufe0f \ud83d\udcc8 Para 2100, podr\u00eden ser hasta 50 vegaes m\u00e1s frecuentes y 10 vegaes m\u00e1s intenses. Gr\u00e1ficu \/Fundaci\u00f3n Biodiversidad<\/p>\n","protected":false},"author":117,"featured_media":0,"comment_status":"closed","ping_status":"open","sticky":false,"template":"","format":"standard","meta":{"footnotes":""},"categories":[1],"tags":[],"class_list":["post-53951","post","type-post","status-publish","format-standard","hentry","category-sin-categoria"],"_links":{"self":[{"href":"https:\/\/edublog.educastur.es\/ixuxu\/wp-json\/wp\/v2\/posts\/53951","targetHints":{"allow":["GET"]}}],"collection":[{"href":"https:\/\/edublog.educastur.es\/ixuxu\/wp-json\/wp\/v2\/posts"}],"about":[{"href":"https:\/\/edublog.educastur.es\/ixuxu\/wp-json\/wp\/v2\/types\/post"}],"author":[{"embeddable":true,"href":"https:\/\/edublog.educastur.es\/ixuxu\/wp-json\/wp\/v2\/users\/117"}],"replies":[{"embeddable":true,"href":"https:\/\/edublog.educastur.es\/ixuxu\/wp-json\/wp\/v2\/comments?post=53951"}],"version-history":[{"count":2,"href":"https:\/\/edublog.educastur.es\/ixuxu\/wp-json\/wp\/v2\/posts\/53951\/revisions"}],"predecessor-version":[{"id":53954,"href":"https:\/\/edublog.educastur.es\/ixuxu\/wp-json\/wp\/v2\/posts\/53951\/revisions\/53954"}],"wp:attachment":[{"href":"https:\/\/edublog.educastur.es\/ixuxu\/wp-json\/wp\/v2\/media?parent=53951"}],"wp:term":[{"taxonomy":"category","embeddable":true,"href":"https:\/\/edublog.educastur.es\/ixuxu\/wp-json\/wp\/v2\/categories?post=53951"},{"taxonomy":"post_tag","embeddable":true,"href":"https:\/\/edublog.educastur.es\/ixuxu\/wp-json\/wp\/v2\/tags?post=53951"}],"curies":[{"name":"wp","href":"https:\/\/api.w.org\/{rel}","templated":true}]}}