{"id":53965,"date":"2025-07-25T11:23:05","date_gmt":"2025-07-25T09:23:05","guid":{"rendered":"https:\/\/edublog.educastur.es\/ixuxu\/?p=53965"},"modified":"2025-07-25T11:25:25","modified_gmt":"2025-07-25T09:25:25","slug":"el-136-de-los-universitarios-asturianos-tan-arreyaos-na-creacion-dempreses","status":"publish","type":"post","link":"https:\/\/edublog.educastur.es\/ixuxu\/2025\/07\/el-136-de-los-universitarios-asturianos-tan-arreyaos-na-creacion-dempreses\/","title":{"rendered":"El 13,6% de los universitarios asturianos t\u00e1n arreyaos na creaci\u00f3n d&#8217;empreses"},"content":{"rendered":"<ul>\n<li><a href=\"https:\/\/www.rtpa.es\/noticias-asturias-ast\/2025-07-24\/El-13,6-de-los-universitarios-asturianos-tan-arreyaos-na-creacion-d'empreses_111753351415.html\">TPA \/El 13,6% de los universitarios asturianos t\u00e1n arreyaos na creaci\u00f3n d&#8217;empreses<\/a><\/li>\n<\/ul>\n<p style=\"text-align: center\"><a href=\"https:\/\/www.rtpa.es\/fotos\/\/25\/07\/20250724135920_RTPA6896093.webp\"><img loading=\"lazy\" decoding=\"async\" class=\"aligncenter size-large\" src=\"https:\/\/www.rtpa.es\/fotos\/\/25\/07\/20250724135920_RTPA6896093.webp\" width=\"853\" height=\"480\" \/><\/a><\/p>\n<p class=\"font-size-m padding-b-20 font-weight-b margin-t-16\">El 73,6% de los asturianos prefieren empezar la so carrera llaboral como emplegaos por cuenta ayena.\u00a0El 13,6 por cientu de los universitarios asturianos t\u00e1n arreyaos na creaci\u00f3n de dalguna empresa, un porcentaxe que ta cuasi cuatro puntos per debaxo de la media nacional, que ye del 17,5 por cientu, seg\u00fan los datos del \u00faltimu <strong><a href=\"https:\/\/observatoriodelemprendimiento.es\/guesss\">informe &#8216;Guesss&#8217;<\/a>, un acr\u00f3nimu que n\u2019asturianu significa Encuesta Global del Esp\u00edritu Entamador Universitariu.<\/strong><\/p>\n<p><!--more--><\/p>\n<p>Les resultancies del documentu, ellabor\u00e1u pola<strong> C\u00e1tedra d\u2019Emprendimientu de la Universid\u00e1 d&#8217;Uvi\u00e9u<\/strong> y la Fundaci\u00f3n Caxa Rural d&#8217;Asturies, fueron presentaos nuna rueda de prensa a la qu&#8217;asistieron el rector de la Universid\u00e1, Ignacio Villaverde; la directora de la Fundaci\u00f3n Caxa Rural d&#8217;Asturies; Eva Pando; la directora t\u00e9cnica de Guesss Asturies, Vanessa Sol\u00eds, y los entamadores Guillermo Vigil Rodr\u00edguez y David Varela P\u00e9rez.<\/p>\n<p>Sol\u00eds afirm\u00f3 que los datos llograos tres encuestar a cerca de 1.900 universitarios, son llixeramente inferiores a la media nacional, pero \u00abpositivos\u00bb al respective d\u2019anteriores informes, qu&#8217;ufierten datos sobro la intenci\u00f3n d\u2019emprendimientu de los universitarios, cu\u00e1ntos entamaron y\u00e1, cu\u00e1les son les causes qu&#8217;atopen tres estes motivaciones y cu\u00e1les son los factores continxentes.<\/p>\n","protected":false},"excerpt":{"rendered":"<p>TPA \/El 13,6% de los universitarios asturianos t\u00e1n arreyaos na creaci\u00f3n d&#8217;empreses El 73,6% de los asturianos prefieren empezar la so carrera llaboral como emplegaos por cuenta ayena.\u00a0El 13,6 por cientu de los universitarios asturianos t\u00e1n arreyaos na creaci\u00f3n de dalguna empresa, un porcentaxe que ta cuasi cuatro puntos per debaxo de la media nacional, [&hellip;]<\/p>\n","protected":false},"author":117,"featured_media":0,"comment_status":"closed","ping_status":"open","sticky":false,"template":"","format":"standard","meta":{"footnotes":""},"categories":[1],"tags":[],"class_list":["post-53965","post","type-post","status-publish","format-standard","hentry","category-sin-categoria"],"_links":{"self":[{"href":"https:\/\/edublog.educastur.es\/ixuxu\/wp-json\/wp\/v2\/posts\/53965","targetHints":{"allow":["GET"]}}],"collection":[{"href":"https:\/\/edublog.educastur.es\/ixuxu\/wp-json\/wp\/v2\/posts"}],"about":[{"href":"https:\/\/edublog.educastur.es\/ixuxu\/wp-json\/wp\/v2\/types\/post"}],"author":[{"embeddable":true,"href":"https:\/\/edublog.educastur.es\/ixuxu\/wp-json\/wp\/v2\/users\/117"}],"replies":[{"embeddable":true,"href":"https:\/\/edublog.educastur.es\/ixuxu\/wp-json\/wp\/v2\/comments?post=53965"}],"version-history":[{"count":3,"href":"https:\/\/edublog.educastur.es\/ixuxu\/wp-json\/wp\/v2\/posts\/53965\/revisions"}],"predecessor-version":[{"id":53968,"href":"https:\/\/edublog.educastur.es\/ixuxu\/wp-json\/wp\/v2\/posts\/53965\/revisions\/53968"}],"wp:attachment":[{"href":"https:\/\/edublog.educastur.es\/ixuxu\/wp-json\/wp\/v2\/media?parent=53965"}],"wp:term":[{"taxonomy":"category","embeddable":true,"href":"https:\/\/edublog.educastur.es\/ixuxu\/wp-json\/wp\/v2\/categories?post=53965"},{"taxonomy":"post_tag","embeddable":true,"href":"https:\/\/edublog.educastur.es\/ixuxu\/wp-json\/wp\/v2\/tags?post=53965"}],"curies":[{"name":"wp","href":"https:\/\/api.w.org\/{rel}","templated":true}]}}