{"id":53969,"date":"2025-07-24T17:27:16","date_gmt":"2025-07-24T15:27:16","guid":{"rendered":"https:\/\/edublog.educastur.es\/ixuxu\/?p=53969"},"modified":"2025-07-25T11:44:15","modified_gmt":"2025-07-25T09:44:15","slug":"el-paru-baxa-nasturies-en-2-600-persones-nel-segundu-trimestre-un-6","status":"publish","type":"post","link":"https:\/\/edublog.educastur.es\/ixuxu\/2025\/07\/el-paru-baxa-nasturies-en-2-600-persones-nel-segundu-trimestre-un-6\/","title":{"rendered":"El paru baxa n&#8217;Asturies en 2.600 persones nel segundu trimestre, un 6%"},"content":{"rendered":"<ul>\n<li><a href=\"https:\/\/www.rtpa.es\/noticias-asturias-ast\/2025-07-24\/El-paru-baxa-n'Asturies-en-2.600-persones-nel-segundu-trimestre,-un-6_111753341449.html\">TPA \/El paru baxa n&#8217;Asturies en 2.600 persones nel segundu trimestre, un 6%<\/a><\/li>\n<\/ul>\n<p style=\"text-align: center\"><a href=\"https:\/\/www.rtpa.es\/fotos\/\/24\/11\/20241106143220_RTPA5767917.webp\"><img loading=\"lazy\" decoding=\"async\" class=\"aligncenter size-large\" src=\"https:\/\/www.rtpa.es\/fotos\/\/24\/11\/20241106143220_RTPA5767917.webp\" width=\"853\" height=\"480\" \/><\/a><\/p>\n<p class=\"font-size-m padding-b-20 font-weight-b margin-t-16\"><strong>El Princip\u00e1u gan\u00f3 ente abril y xunu 12.900 ocupaos.\u00a0<\/strong>El paru bax\u00f3 n&#8217;Asturies nel segundu trimestre en 2.600 persones al respective de los tres primeros meses del a\u00f1u, lo que sup\u00f3n un retayu del 6 por cientu, colo que la cifra de paraos as\u00edtiase en 41.200, seg\u00fan la Encuesta de Poblaci\u00f3n Activa (EPA) espublizada esti xueves pol Institutu Nacional d&#8217;Estad\u00edstica (INE).<\/p>\n<p>Am\u00e1s, el Princip\u00e1u gan\u00f3 ente abril y xunu 12.900 ocupaos, un 3 por cientu m\u00e1s, la tercer meyora m\u00e1s intensa ente les comunidaes aut\u00f3nomes, lo qu&#8217;asiti\u00f3&#8217;l n\u00famberu de trabayadores en 439.200. Pela so parte, <strong>la poblaci\u00f3n activa (persones de 16 a\u00f1os o m\u00e1s que trabayen o busquen empl\u00e9u) aument\u00f3<\/strong> la comunid\u00e1 en 10.300 persones,<strong> un 2,2 por cientu<\/strong>, hasta 480.300.<\/p>\n<p>&nbsp;<\/p>\n","protected":false},"excerpt":{"rendered":"<p>TPA \/El paru baxa n&#8217;Asturies en 2.600 persones nel segundu trimestre, un 6% El Princip\u00e1u gan\u00f3 ente abril y xunu 12.900 ocupaos.\u00a0El paru bax\u00f3 n&#8217;Asturies nel segundu trimestre en 2.600 persones al respective de los tres primeros meses del a\u00f1u, lo que sup\u00f3n un retayu del 6 por cientu, colo que la cifra de paraos [&hellip;]<\/p>\n","protected":false},"author":117,"featured_media":0,"comment_status":"closed","ping_status":"open","sticky":false,"template":"","format":"standard","meta":{"footnotes":""},"categories":[258],"tags":[],"class_list":["post-53969","post","type-post","status-publish","format-standard","hentry","category-estadistiques"],"_links":{"self":[{"href":"https:\/\/edublog.educastur.es\/ixuxu\/wp-json\/wp\/v2\/posts\/53969","targetHints":{"allow":["GET"]}}],"collection":[{"href":"https:\/\/edublog.educastur.es\/ixuxu\/wp-json\/wp\/v2\/posts"}],"about":[{"href":"https:\/\/edublog.educastur.es\/ixuxu\/wp-json\/wp\/v2\/types\/post"}],"author":[{"embeddable":true,"href":"https:\/\/edublog.educastur.es\/ixuxu\/wp-json\/wp\/v2\/users\/117"}],"replies":[{"embeddable":true,"href":"https:\/\/edublog.educastur.es\/ixuxu\/wp-json\/wp\/v2\/comments?post=53969"}],"version-history":[{"count":1,"href":"https:\/\/edublog.educastur.es\/ixuxu\/wp-json\/wp\/v2\/posts\/53969\/revisions"}],"predecessor-version":[{"id":53970,"href":"https:\/\/edublog.educastur.es\/ixuxu\/wp-json\/wp\/v2\/posts\/53969\/revisions\/53970"}],"wp:attachment":[{"href":"https:\/\/edublog.educastur.es\/ixuxu\/wp-json\/wp\/v2\/media?parent=53969"}],"wp:term":[{"taxonomy":"category","embeddable":true,"href":"https:\/\/edublog.educastur.es\/ixuxu\/wp-json\/wp\/v2\/categories?post=53969"},{"taxonomy":"post_tag","embeddable":true,"href":"https:\/\/edublog.educastur.es\/ixuxu\/wp-json\/wp\/v2\/tags?post=53969"}],"curies":[{"name":"wp","href":"https:\/\/api.w.org\/{rel}","templated":true}]}}