{"id":540,"date":"2020-03-27T08:50:46","date_gmt":"2020-03-27T08:50:46","guid":{"rendered":"https:\/\/edublog.educastur.es\/ixuxu\/?p=540"},"modified":"2020-08-24T19:51:08","modified_gmt":"2020-08-24T19:51:08","slug":"dia-mundial-del-teatru","status":"publish","type":"post","link":"https:\/\/edublog.educastur.es\/ixuxu\/2020\/03\/dia-mundial-del-teatru\/","title":{"rendered":"D\u00eda Mundial del Teatru"},"content":{"rendered":"<p><img loading=\"lazy\" decoding=\"async\" class=\"\" src=\"https:\/\/3.bp.blogspot.com\/-d_uRRX2-BwM\/Wl3UDBW7uGI\/AAAAAAAABng\/irfEs0ITdV8Ej_YJPLbmZf08hkmYV0gogCLcBGAs\/s1600\/teatro.jpg\" width=\"297\" height=\"297\" \/><\/p>\n<h3><em><strong>#<\/strong>V\u00e9monosNosTeatros<\/em><\/h3>\n<p>G\u00fcei, 27 de marzu celebra\u2019l<strong> <u><em>D\u00eda Mundial del Teatru<\/em><\/u>. <\/strong>Esti d\u00eda cre\u00f3se nel a\u00f1u 1961 pol Institutu Internacional del Teatru (ITI) y cel\u00e9brase a\u00f1almente pola comunid\u00e1 teatral internacional.<\/p>\n<p>Angua\u00f1o celebramos esti d\u00eda n\u2019unes circunstancies escepcionales para tol pa\u00eds. Y precisamente por ello creemos m\u00e1s necesariu ent\u00e1 emplegar el nuesu tiempu y les nueses enerx\u00edes en celebrar el teatru, en celebrar les artes esc\u00e9niques. Porque\u2019l teatru x\u00fanenos y ax\u00fantanos, mot\u00edvanos, fainos crecer y avanzar, alim\u00e9ntanos, fainos ser meyores.<\/p>\n<p>Ver: <a href=\"http:\/\/teatroteca.teatro.es\/opac\/#indice\" target=\"_blank\" rel=\"noopener noreferrer\"><em>TEATROTEC, mediateca del Ministeriu de Cultura qu\u00b4almacena m\u00e1s de 10\u2032000 obres de teatru y espect\u00e1culos grab\u00e1os dende\u00b4l a\u00f1o 1976. Estos d\u00edes ufre, de baldre, la posibilid\u00e1 de ver en streaming 1.500 obres. <\/em><\/a><\/p>\n<p>Ver <a href=\"https:\/\/llingua.gijon.es\/page\/15710-infantil\" target=\"_blank\" rel=\"noopener noreferrer\">Gu\u00eda de compa\u00f1\u00edes de teatru que tenemos n\u00b4Asturies.<\/a><br \/>\nVer <a href=\"https:\/\/llingua.gijon.es\/page\/15711-adultos\" target=\"_blank\" rel=\"noopener noreferrer\">Gu\u00eda de compa\u00f1\u00edes de teatru d\u00b4adultos n\u00b4Asturies.<\/a><br \/>\nFonte: <a href=\"https:\/\/llingua.gijon.es\/\" target=\"_blank\" rel=\"noopener noreferrer\"><em>Oficina de Normalizaci\u00f3n Lling\u00fc\u00edstica de Xix\u00f3n.<\/em><\/a><\/p>\n","protected":false},"excerpt":{"rendered":"<p>#V\u00e9monosNosTeatros G\u00fcei, 27 de marzu celebra\u2019l D\u00eda Mundial del Teatru. Esti d\u00eda cre\u00f3se nel a\u00f1u 1961 pol Institutu Internacional del Teatru (ITI) y cel\u00e9brase a\u00f1almente pola comunid\u00e1 teatral internacional. Angua\u00f1o celebramos esti d\u00eda n\u2019unes circunstancies escepcionales para tol pa\u00eds. Y precisamente por ello creemos m\u00e1s necesariu ent\u00e1 emplegar el nuesu tiempu y les nueses enerx\u00edes [&hellip;]<\/p>\n","protected":false},"author":117,"featured_media":0,"comment_status":"closed","ping_status":"open","sticky":false,"template":"","format":"standard","meta":{"footnotes":""},"categories":[6],"tags":[],"class_list":["post-540","post","type-post","status-publish","format-standard","hentry","category-dia-de"],"_links":{"self":[{"href":"https:\/\/edublog.educastur.es\/ixuxu\/wp-json\/wp\/v2\/posts\/540","targetHints":{"allow":["GET"]}}],"collection":[{"href":"https:\/\/edublog.educastur.es\/ixuxu\/wp-json\/wp\/v2\/posts"}],"about":[{"href":"https:\/\/edublog.educastur.es\/ixuxu\/wp-json\/wp\/v2\/types\/post"}],"author":[{"embeddable":true,"href":"https:\/\/edublog.educastur.es\/ixuxu\/wp-json\/wp\/v2\/users\/117"}],"replies":[{"embeddable":true,"href":"https:\/\/edublog.educastur.es\/ixuxu\/wp-json\/wp\/v2\/comments?post=540"}],"version-history":[{"count":1,"href":"https:\/\/edublog.educastur.es\/ixuxu\/wp-json\/wp\/v2\/posts\/540\/revisions"}],"predecessor-version":[{"id":541,"href":"https:\/\/edublog.educastur.es\/ixuxu\/wp-json\/wp\/v2\/posts\/540\/revisions\/541"}],"wp:attachment":[{"href":"https:\/\/edublog.educastur.es\/ixuxu\/wp-json\/wp\/v2\/media?parent=540"}],"wp:term":[{"taxonomy":"category","embeddable":true,"href":"https:\/\/edublog.educastur.es\/ixuxu\/wp-json\/wp\/v2\/categories?post=540"},{"taxonomy":"post_tag","embeddable":true,"href":"https:\/\/edublog.educastur.es\/ixuxu\/wp-json\/wp\/v2\/tags?post=540"}],"curies":[{"name":"wp","href":"https:\/\/api.w.org\/{rel}","templated":true}]}}