{"id":54028,"date":"2025-07-25T13:14:32","date_gmt":"2025-07-25T11:14:32","guid":{"rendered":"https:\/\/edublog.educastur.es\/ixuxu\/?p=54028"},"modified":"2025-07-25T13:14:32","modified_gmt":"2025-07-25T11:14:32","slug":"unu-de-cada-diez-vecinos-duvieu-ya-llega-dende-fora-despana","status":"publish","type":"post","link":"https:\/\/edublog.educastur.es\/ixuxu\/2025\/07\/unu-de-cada-diez-vecinos-duvieu-ya-llega-dende-fora-despana\/","title":{"rendered":"Unu de cada diez vecinos d&#8217;Uvi\u00e9u y\u00e1 llega dende fora d&#8217;Espa\u00f1a"},"content":{"rendered":"<p style=\"text-align: center\"><img loading=\"lazy\" decoding=\"async\" class=\"aligncenter \" src=\"https:\/\/estaticos-cdn.prensaiberica.es\/clip\/762b0808-cfe9-44f7-8c8f-a830503b29e5_16-9-discover-aspect-ratio_default_0.webp\" width=\"904\" height=\"509\" \/> <a href=\"https:\/\/www.lne.es\/oviedo\/2025\/07\/25\/diez-vecinos-oviedo-llega-fuera-120044540.html\">LNE<\/a><\/p>\n<p>Unu de cada diez vecinos d&#8217;Uvi\u00e9u y\u00e1 llega dende fora d&#8217;Espa\u00f1a: \u00bfde qu\u00e9 pa\u00edses procede la mayor\u00eda? Pumar\u00edn ye&#8217;l barriu de la capital que m\u00e1s estranxeros tien.<\/p>\n<p><!--more--><\/p>\n<p><strong>Los estranxeros suponen el 10,50% de la poblaci\u00f3n d&#8217;Uvi\u00e9u.<\/strong> Esto ye, xuno de cada diez residentes na capital asturiana ye inmigrante. Asina lo revelen los \u00faltimos datos del padr\u00f3n, fechaos a 30 de xunu, onde se cifra en 226.040 el n\u00famberu de persones que viven nel conceyu. D&#8217;elles, 121.004 son muyeres y 105.042 homes. El datu ye inferior al rexistr\u00e1u en mayu cuando&#8217;l conceyu algam\u00f3 los 226.773 vecinos, pero caltiense dientro del r\u00e9cord hist\u00f3ricu marc\u00e1u en febreru. La pen\u00faltima marca m\u00e1s alta foi en 2012 cuando s&#8217;algama los 225.973 habitantes.<\/p>\n<p>Esti bon momentu que vive la capital asturiana ye, en parte, gracies a los nac\u00edos n&#8217;otru pa\u00eds. <strong>N&#8217;Uvi\u00e9u habiten persones de 129 nacionalidaes distintes<\/strong>, colos colombianos como predominantes, con 3.822 compatriotes. S\u00edguelu Venezuela (2.395), Ruman\u00eda (2.232), Paraguay (1.412), Marruecos (1.239) y Ucrania (1.080). Completen el top 10, Cuba (873), Per\u00fa (835), Italia (830) y Senegal (732). En total, <strong>son trenta les nacionalidaes que tienen m\u00e1s d&#8217;un centenar de representantes na capital asturiana.<\/strong><\/p>\n<p>&nbsp;<\/p>\n<p><strong>Los barrios con m\u00e1s poblaci\u00f3n estranxera<\/strong> \u00bfEn qu\u00e9 zones del conceyu moren? Pumar\u00edn ye&#8217;l barriu que m\u00e1s estranxeros tien, anque si suman les cuatro zones nes que s&#8217;estrema&#8217;l centru \u2013norte, sur, este y oeste\u2013, ye onde m\u00e1s se cunten, con 3.171 vecinos nac\u00edos n&#8217;otros pa\u00edses. M\u00e1s llugares con un destac\u00e1u n\u00famberu d&#8217;inmigrantes son L&#8217;Arga\u00f1osa, con 2.068 residentes estranxeros; Teatinos (1.925); Vallob\u00edn (1.720); Ciud\u00e1 Naranco (1.625); La Tenderina-Fozaneldi (1.343); <strong>La Corredoria (1.252)<\/strong>; Ventanielles (1.205); y Buenavista (1.155). S\u00edgen-y El Cristu (827); Oteru (514); l&#8217;Antiguu (399); La Florida (357); y San Ll\u00e1zaro (328).<\/p>\n<p>Nel polu opuestu at\u00f3pase&#8217;l barriu rural de San Pedro de Nora, con un solu estranxeru, nac\u00edu nos Pa\u00edses Baxos. L&#8217;equipu de gobiernu, lider\u00e1u por Alfredo Canteli, tien un ambiciosu oxetivu de llograr los 230.000 habitantes antes de les pr\u00f3ximes elecciones municipales. Esto ye, les previsiones que remanen ye qu&#8217;Uvi\u00e9u puede sumar 4.000 habitantes nos dos a\u00f1os que queden hasta los comicios de 2027. Blimes nun falten. El conceyu marc\u00f3 en xunu la so cifra m\u00e1s baxa de paraos dende 2008, con datos similares a los de fai xusto dos d\u00e9cades. Estos bonos guarismos son, en parte, gracies a les bones previsiones tur\u00edstiques pa esti branu. <strong>Uvi\u00e9u, am\u00e1s, tien cada vez m\u00e1s proyectos de futuru que van dar oportunidaes d&#8217;empl\u00e9u.<\/strong><\/p>\n<p>Ensin dir m\u00e1s all\u00e1, esta mesma selmana&#8217;l Conceyu robl\u00f3 la cesi\u00f3n de parte del edificiu del Viveru de Ciencies de la Sal\u00fa, de La Corredoria, al Princip\u00e1u pa la creaci\u00f3n d&#8217;un incubadora d&#8217;alta tecnolox\u00eda especializada en ciencies de la vida que preve atraer a una quincena d&#8217;empreses, va sofitase a otres 35 compa\u00f1\u00edes y calc\u00falase el desenvolvimientu d&#8217;actuaciones de dinamizaci\u00f3n en 200 sociedaes. Am\u00e1s, prevese la xeneraci\u00f3n de 115 puestos de trabayu: 50 directos y 65 indirectos.<\/p>\n<p>Tami\u00e9n va ser exa fundamental del futuru d&#8217;Uvi\u00e9u la f\u00e1brica d&#8217;armes de La Vega. El Conceyu ta redactando&#8217;l plan especial pa definir los usos futuros y nel conveniu cerr\u00f3se que&#8217;l Princip\u00e1u va adquirir la nave de ca\u00f1ones d&#8217;Ildefonso S\u00e1nchez del R\u00edu pa la xeneraci\u00f3n d&#8217;empl\u00e9u.<\/p>\n<p>&nbsp;<\/p>\n<p>&nbsp;<\/p>\n","protected":false},"excerpt":{"rendered":"<p>LNE Unu de cada diez vecinos d&#8217;Uvi\u00e9u y\u00e1 llega dende fora d&#8217;Espa\u00f1a: \u00bfde qu\u00e9 pa\u00edses procede la mayor\u00eda? Pumar\u00edn ye&#8217;l barriu de la capital que m\u00e1s estranxeros tien.<\/p>\n","protected":false},"author":117,"featured_media":0,"comment_status":"closed","ping_status":"open","sticky":false,"template":"","format":"standard","meta":{"footnotes":""},"categories":[258,33],"tags":[],"class_list":["post-54028","post","type-post","status-publish","format-standard","hentry","category-estadistiques","category-uvieu"],"_links":{"self":[{"href":"https:\/\/edublog.educastur.es\/ixuxu\/wp-json\/wp\/v2\/posts\/54028","targetHints":{"allow":["GET"]}}],"collection":[{"href":"https:\/\/edublog.educastur.es\/ixuxu\/wp-json\/wp\/v2\/posts"}],"about":[{"href":"https:\/\/edublog.educastur.es\/ixuxu\/wp-json\/wp\/v2\/types\/post"}],"author":[{"embeddable":true,"href":"https:\/\/edublog.educastur.es\/ixuxu\/wp-json\/wp\/v2\/users\/117"}],"replies":[{"embeddable":true,"href":"https:\/\/edublog.educastur.es\/ixuxu\/wp-json\/wp\/v2\/comments?post=54028"}],"version-history":[{"count":1,"href":"https:\/\/edublog.educastur.es\/ixuxu\/wp-json\/wp\/v2\/posts\/54028\/revisions"}],"predecessor-version":[{"id":54029,"href":"https:\/\/edublog.educastur.es\/ixuxu\/wp-json\/wp\/v2\/posts\/54028\/revisions\/54029"}],"wp:attachment":[{"href":"https:\/\/edublog.educastur.es\/ixuxu\/wp-json\/wp\/v2\/media?parent=54028"}],"wp:term":[{"taxonomy":"category","embeddable":true,"href":"https:\/\/edublog.educastur.es\/ixuxu\/wp-json\/wp\/v2\/categories?post=54028"},{"taxonomy":"post_tag","embeddable":true,"href":"https:\/\/edublog.educastur.es\/ixuxu\/wp-json\/wp\/v2\/tags?post=54028"}],"curies":[{"name":"wp","href":"https:\/\/api.w.org\/{rel}","templated":true}]}}