{"id":54030,"date":"2025-07-24T19:21:13","date_gmt":"2025-07-24T17:21:13","guid":{"rendered":"https:\/\/edublog.educastur.es\/ixuxu\/?p=54030"},"modified":"2025-07-25T13:21:22","modified_gmt":"2025-07-25T11:21:22","slug":"lestrenu-de-los-4-fantasticos-llanza-al-estrellalgu-un-iconu-duvieu","status":"publish","type":"post","link":"https:\/\/edublog.educastur.es\/ixuxu\/2025\/07\/lestrenu-de-los-4-fantasticos-llanza-al-estrellalgu-un-iconu-duvieu\/","title":{"rendered":"L&#8217;estrenu de \u00abLos 4 Fant\u00e1sticos\u00bb llanza al estrellalgu un iconu d&#8217;Uvi\u00e9u"},"content":{"rendered":"<p>L&#8217;estrenu de <a href=\"https:\/\/www.lne.es\/ocio\/cine\/2025\/07\/22\/4-fantasticos-regreso-gran-pantalla-estrenos-cines-119963939.html\"><span style=\"color: #008080\"><strong>\u00abLos 4 Fant\u00e1sticos\u00bb<\/strong><\/span><\/a> llanza al estrellalgu un iconu d&#8217;Uvi\u00e9u (y Pedro Pascal allaba cuatro cuesas de la ciud\u00e1).<em> \u00abPaez sac\u00e1u d&#8217;una nave espacial\u00bb<\/em>, aseguren del Calatrava los primeres en ver la superproducci\u00f3n de Marvel rodada nel ic\u00f3nico edificiu uvie\u00edn. <a href=\"https:\/\/www.lne.es\/oviedo\/2025\/07\/25\/estreno-4-fantasticos-lanza-estrellato-120044234.html\">LNE<\/a> \/<\/p>\n<p>Nel edificiu Baxter onde viven Los 4 Fant\u00e1sticos quepe hasta&#8217;l Palaciu de Congresos de Santiago Calatrava, solo que na ficci\u00f3n de la postrera de Marvel que s&#8217;estren\u00f3 ayeri \u00abel centollu\u00bb \u2013apellativu popular del edificiu pola so estructura\u2013 ta emplaz\u00e1u nuna ciud\u00e1 asemeyada a Nueva York mientres unos retrofutur\u00edsticos a\u00f1os cincuenta, y non nel arranque de los 2000 nel barriu uvie\u00edn de Buenavista.<\/p>\n<p style=\"text-align: center\"><a href=\"https:\/\/estaticos-cdn.prensaiberica.es\/clip\/879be52e-f77f-49ef-96c7-72bcd6e29971_16-9-discover-aspect-ratio_default_0.webp\"><img loading=\"lazy\" decoding=\"async\" class=\"aligncenter size-large\" src=\"https:\/\/estaticos-cdn.prensaiberica.es\/clip\/879be52e-f77f-49ef-96c7-72bcd6e29971_16-9-discover-aspect-ratio_default_0.webp\" width=\"1200\" height=\"675\" \/><\/a><\/p>\n<p style=\"text-align: center\">L&#8217;auditoriu del Calatrava na pel\u00edcula \/ LNE<\/p>\n<p><!--more--><\/p>\n<p>Quiera que non, la presentaci\u00f3n de la pel\u00edcula que protagonicen Pedro Pascal y Vanessa Kirby promete llanzar de nuevu al estrellalgu l&#8217;edificiu que na ficci\u00f3n ye la see de la Fundaci\u00f3n del Futuru y el llugar onde s&#8217;axunten toles naciones en momentos de crisis y onde los superh\u00e9roes tomen decisiones cr\u00edtiques.<\/p>\n<p>Nes imaxes cimeres puede vese a Los 4 Fant\u00e1sticos nel escenariu central del auditoriu del Calatrava; a La Muyer Invisible (Vanessa Kirby) col so f\u00edu naciellu a la entrada del edificiu, y nel interior (a la derecha), al pie de la xefa de la Fundaci\u00f3n del Futuru (Sarah Niles). A la izquierda, una vista xeneral del auditoriu del Calatrava tal que apaez na pel\u00edcula de la Marvel, convert\u00edu en see de l&#8217;Asamblea de Naciones. | FERNANDO RODR\u00cdGUEZ<\/p>\n<p style=\"text-align: center\"><a href=\"https:\/\/estaticos-cdn.prensaiberica.es\/clip\/89fd19f1-a137-4dd6-b768-53ec476aaa30_source-aspect-ratio_default_0.webp\"><img loading=\"lazy\" decoding=\"async\" class=\"aligncenter size-large\" src=\"https:\/\/estaticos-cdn.prensaiberica.es\/clip\/89fd19f1-a137-4dd6-b768-53ec476aaa30_source-aspect-ratio_default_0.webp\" width=\"1600\" height=\"1449\" \/><\/a><\/p>\n<p>Nel primer pase n&#8217;Uvi\u00e9u, ayeri, a los ocho de la tarde, nos cines Embaxadores de Foncalada, el p\u00fablicu local almit\u00eda ciertu arguyu \u00e9nte la perspectiva de ver unu de los sos edificios convert\u00edu en decor\u00e1u d&#8217;una gran *superproducci\u00f3n. Iria Ca\u00f1edo ye una de les espectadores ilusionaes. <em>\u00abL&#8217;edificiu siempres foi bien pol\u00e9micu equ\u00ed, pero al velo nesti contestu gana un valor visual brutal, paez sac\u00e1u d&#8217;otru planeta, y creo que puede ayudar a que la xente vealo con otros g\u00fceyos\u00bb<\/em>, opina.<\/p>\n<p>Tami\u00e9n na cola del cine Marcos *Ezama confirma la sensaci\u00f3n de que l&#8217;edificiu \u00abpaez sac\u00e1u d&#8217;una nave espacial\u00bb, ente que Laura *Busta bromia cola posibilid\u00e1 de que lo baltaren\u00bb, anque almite que-y fai ilusi\u00f3n\u00bb que sala Uvi\u00e9u.<\/p>\n<p>El *Calatrava, cam\u00edn d&#8217;otru planeta gracies a la Marvel<br \/>\nLa Muyer Invisible (*Vanessa *Kirby) col so f\u00edu naciellu a la entrada del edificiu. \/ *LNE<\/p>\n<p>Les opiniones sobro l&#8217;edificiu pueden tar estremaes, pero, como dic\u00eda Ram\u00f3n *Men\u00e9ndez, \u00abye un edificiu xigante y entra polos g\u00fceyos\u00bb. Al pie de \u00e9l, *Nord\u00edn y los sos f\u00edos *Karim y *Nadine, de cam\u00edn pela ciud\u00e1, *ejemplificaban l&#8217;efectu reclamo que puede xenerase agora: \u00abNun lo conoc\u00edamos, agora y\u00e1 tenemos una visita pa faer na ciud\u00e1\u00bb.<\/p>\n<p>&nbsp;<\/p>\n<p>\u00abLos 4 Fant\u00e1sticos\u00bb, estrenu mundial con requilencies a Asturies: xente \u00abatopadizo\u00bb y una localizaci\u00f3n \u00abpreciosa\u00bb<\/p>\n<p>Ayeri precisamente conoci\u00e9ronse nuevos aponderamientos de Pedro Pascal a Uvi\u00e9u, que resume la ciud\u00e1 en cuatro cuesas: <em>\u00abUna magn\u00edfica tienda de c\u00f3mics al llau del nuesu edificiu, una arquitectura maraviyosa, xente maraviyoso y comida maraviyosa\u00bb.<\/em><\/p>\n","protected":false},"excerpt":{"rendered":"<p>L&#8217;estrenu de \u00abLos 4 Fant\u00e1sticos\u00bb llanza al estrellalgu un iconu d&#8217;Uvi\u00e9u (y Pedro Pascal allaba cuatro cuesas de la ciud\u00e1). \u00abPaez sac\u00e1u d&#8217;una nave espacial\u00bb, aseguren del Calatrava los primeres en ver la superproducci\u00f3n de Marvel rodada nel ic\u00f3nico edificiu uvie\u00edn. LNE \/ Nel edificiu Baxter onde viven Los 4 Fant\u00e1sticos quepe hasta&#8217;l Palaciu de [&hellip;]<\/p>\n","protected":false},"author":117,"featured_media":0,"comment_status":"closed","ping_status":"open","sticky":false,"template":"","format":"standard","meta":{"footnotes":""},"categories":[299],"tags":[],"class_list":["post-54030","post","type-post","status-publish","format-standard","hentry","category-cine"],"_links":{"self":[{"href":"https:\/\/edublog.educastur.es\/ixuxu\/wp-json\/wp\/v2\/posts\/54030","targetHints":{"allow":["GET"]}}],"collection":[{"href":"https:\/\/edublog.educastur.es\/ixuxu\/wp-json\/wp\/v2\/posts"}],"about":[{"href":"https:\/\/edublog.educastur.es\/ixuxu\/wp-json\/wp\/v2\/types\/post"}],"author":[{"embeddable":true,"href":"https:\/\/edublog.educastur.es\/ixuxu\/wp-json\/wp\/v2\/users\/117"}],"replies":[{"embeddable":true,"href":"https:\/\/edublog.educastur.es\/ixuxu\/wp-json\/wp\/v2\/comments?post=54030"}],"version-history":[{"count":2,"href":"https:\/\/edublog.educastur.es\/ixuxu\/wp-json\/wp\/v2\/posts\/54030\/revisions"}],"predecessor-version":[{"id":54032,"href":"https:\/\/edublog.educastur.es\/ixuxu\/wp-json\/wp\/v2\/posts\/54030\/revisions\/54032"}],"wp:attachment":[{"href":"https:\/\/edublog.educastur.es\/ixuxu\/wp-json\/wp\/v2\/media?parent=54030"}],"wp:term":[{"taxonomy":"category","embeddable":true,"href":"https:\/\/edublog.educastur.es\/ixuxu\/wp-json\/wp\/v2\/categories?post=54030"},{"taxonomy":"post_tag","embeddable":true,"href":"https:\/\/edublog.educastur.es\/ixuxu\/wp-json\/wp\/v2\/tags?post=54030"}],"curies":[{"name":"wp","href":"https:\/\/api.w.org\/{rel}","templated":true}]}}