{"id":54049,"date":"2025-07-25T14:15:45","date_gmt":"2025-07-25T12:15:45","guid":{"rendered":"https:\/\/edublog.educastur.es\/ixuxu\/?p=54049"},"modified":"2025-07-25T14:16:52","modified_gmt":"2025-07-25T12:16:52","slug":"ruta-de-los-pueblos-de-les-druies-y-la-mar","status":"publish","type":"post","link":"https:\/\/edublog.educastur.es\/ixuxu\/2025\/07\/ruta-de-los-pueblos-de-les-druies-y-la-mar\/","title":{"rendered":"\u00a0Ruta de los Pueblos de les Dru\u00edes y la Mar\u00a0\u00a0\u00a0"},"content":{"rendered":"<p style=\"text-align: center\"><span class=\"x193iq5w xeuugli x13faqbe x1vvkbs xt0psk2 x1i0vuye xvs91rp xo1l8bm x5n08af x10wh9bi xpm28yp x8viiok x1o7cslx x126k92a\"><span class=\"html-span xexx8yu x4uap5 x18d9i69 xkhd6sd x1hl2dhg x16tdsg8 x1vvkbs x3nfvp2 x1j61x8r x1fcty0u xdj266r xat24cr xgzva0m xhhsvwb xxymvpz xlup9mm x1kky2od\">\n<!-- iframe plugin v.6.0 wordpress.org\/plugins\/iframe\/ -->\n<iframe loading=\"lazy\" src=\"https:\/\/www.instagram.com\/reel\/DMezzbltudR\/embed\" width=\"460\" height=\"620\" 0=\"\/iframe\" scrolling=\"yes\" class=\"iframe-class\" frameborder=\"0\"><\/iframe>\n<\/span><\/span><\/p>\n<div class=\"x5yr21d xw2csxc x1odjw0f x1n2onr6\">\n<div class=\"x9f619 x78zum5 xdt5ytf x5yr21d xexx8yu xv54qhq x1l90r2v xf7dkkf x10l6tqk xh8yej3\">\n<div class=\"html-div xdj266r x14z9mp xat24cr x1lziwak xyri2b x1c1uobl x9f619 xjbqb8w x78zum5 x15mokao x1ga7v0g x16uus16 xbiv7yw xsag5q8 xz9dl7a x1uhb9sk x1plvlek xryxfnj x1c4vz4f x2lah0s x1q0g3np xqjyukv x1qjc9v5 x1oa3qoh x1nhvcw1\">\n<div class=\"html-div xdj266r x14z9mp xat24cr x1lziwak xexx8yu xyri2b x18d9i69 x1c1uobl x9f619 xjbqb8w x78zum5 x15mokao x1ga7v0g x16uus16 xbiv7yw x1uhb9sk x1plvlek xryxfnj x1iyjqo2 x2lwn1j xeuugli x1q0g3np xqjyukv x1qjc9v5 x1oa3qoh x1nhvcw1\">\n<div class=\"html-div xdj266r x14z9mp xat24cr x1lziwak xexx8yu xyri2b x18d9i69 x1c1uobl x9f619 xjbqb8w x78zum5 x15mokao x1ga7v0g x16uus16 xbiv7yw x1uhb9sk x1plvlek xryxfnj x1iyjqo2 x2lwn1j xeuugli xdt5ytf xqjyukv x1qjc9v5 x1oa3qoh x1nhvcw1\">\n<div class=\"html-div xdj266r x14z9mp xat24cr x1lziwak xexx8yu xyri2b x18d9i69 x1c1uobl x9f619 xjbqb8w x78zum5 x15mokao x1ga7v0g x16uus16 xbiv7yw x1uhb9sk x1plvlek xryxfnj x1c4vz4f x2lah0s xdt5ytf xqjyukv x1qjc9v5 x1oa3qoh x1nhvcw1\">\n<p><span class=\"x193iq5w xeuugli x13faqbe x1vvkbs xt0psk2 x1i0vuye xvs91rp xo1l8bm x5n08af x10wh9bi xpm28yp x8viiok x1o7cslx x126k92a\"><span class=\"x193iq5w xeuugli x13faqbe x1vvkbs xt0psk2 x1i0vuye xvs91rp xo1l8bm x5n08af x10wh9bi xpm28yp x8viiok x1o7cslx x126k92a\">\ud83c\udf32 <\/span><\/span>Ente la bruma, los cantiles y los montes sagraos del norte d&#8217;Espa\u00f1a, naz xuna ruta \u00fanica onde lleenda y naturaleza caminen de la mano.<span style=\"color: #008080\"><strong> La Ruta de les Dru\u00edes y la Mar<\/strong> <\/span>conv\u00eddanos a afayar l&#8217;alma ancestral del norte peninsular al travi\u00e9s d&#8217;aldegues escond\u00edes, puertos marineros, arquitectura tradicional y sabores que remembren los ritmos de la tierra y del mar.<\/p>\n<\/div>\n<div class=\"html-div xdj266r x14z9mp xat24cr x1lziwak xexx8yu xyri2b x18d9i69 x1c1uobl x9f619 xjbqb8w x78zum5 x15mokao x1ga7v0g x16uus16 xbiv7yw x1uhb9sk x1plvlek xryxfnj x1c4vz4f x2lah0s xdt5ytf xqjyukv x1qjc9v5 x1oa3qoh x1nhvcw1\">\n<p><!--more--><\/p>\n<p>Dende los silencios de Bulnes, nos Picos d&#8217;Europa, hasta&#8217;l bullicio de Potes, na contorna de Ll\u00e9bana, el cam\u00edn percuerre paisaxes estelantes y pueblos con sieglos d&#8217;hestoria. La ruta baxa pel verde fondu de Torazu, as\u00f3mase al Cant\u00e1bricu en Tazones, Llastres y Cuideiru, ya int\u00e9rnase nos valles c\u00e1ntabros de B\u00e1rcena Mayor, Carmona y Comillas, onde tradici\u00f3n y guapura dan la mano.<\/p>\n<p>Ye un viaxe onde la borrina afalaga los teyaos de piedra, les gaites suenen nes fiestes de los pueblu y la gastronom\u00eda local \u2014dende&#8217;l cabrales hasta&#8217;l coc\u00edu llebaniegu, del sorropot\u00fan al oruxu caseru\u2014 convi\u00e9rtenser nun reflexu de l&#8217;autenticid\u00e1 norte\u00f1a.<\/p>\n<p>L&#8217;arquitectura popular, les romer\u00edes marineres, los productos de la tierra y los ecos d&#8217;antiguos mitos celtes faen d&#8217;esta ruta xuna esperiencia multisensorial que conecta colo invisible y lo eterno. \u00a0\u00bfPr\u00fayete percorrer una tierra onde&#8217;l tiempu det\u00favose, onde los montes bisbisen hestories y cada pueblu paez sal\u00edu d&#8217;una lleenda? Afaya tolos detalles en <a href=\"https:\/\/lospueblosmasbonitosdeespana.org\/ruta-dru\u00edes-y-la mar\/\">https:\/\/lospueblosmasbonitosdeespana.org\/ruta-dru\u00edes-y-la mar\/<\/a><\/p>\n<p>&nbsp;<\/p>\n<p><a class=\"x1i10hfl xjbqb8w x1ejq31n x18oe1m7 x1sy0etr xstzfhl x972fbf x10w94by x1qhh985 x14e42zd x9f619 x1ypdohk xt0psk2 xe8uvvx xdj266r x14z9mp xat24cr x1lziwak xexx8yu xyri2b x18d9i69 x1c1uobl x16tdsg8 x1hl2dhg xggy1nq x1a2a7pz _aa9_ _a6hd\" role=\"link\" href=\"https:\/\/www.instagram.com\/explore\/tags\/rutadelosdruidasylamar\/\">#RutaDeLosDruidasYLaMar<\/a> <a class=\"x1i10hfl xjbqb8w x1ejq31n x18oe1m7 x1sy0etr xstzfhl x972fbf x10w94by x1qhh985 x14e42zd x9f619 x1ypdohk xt0psk2 xe8uvvx xdj266r x14z9mp xat24cr x1lziwak xexx8yu xyri2b x18d9i69 x1c1uobl x16tdsg8 x1hl2dhg xggy1nq x1a2a7pz _aa9_ _a6hd\" role=\"link\" href=\"https:\/\/www.instagram.com\/explore\/tags\/pueblosdelnorte\/\">#PueblosDelNorte<\/a> <a class=\"x1i10hfl xjbqb8w x1ejq31n x18oe1m7 x1sy0etr xstzfhl x972fbf x10w94by x1qhh985 x14e42zd x9f619 x1ypdohk xt0psk2 xe8uvvx xdj266r x14z9mp xat24cr x1lziwak xexx8yu xyri2b x18d9i69 x1c1uobl x16tdsg8 x1hl2dhg xggy1nq x1a2a7pz _aa9_ _a6hd\" role=\"link\" href=\"https:\/\/www.instagram.com\/explore\/tags\/turismorural\/\">#TurismoRural<\/a><\/p>\n<\/div>\n<\/div>\n<\/div>\n<\/div>\n<\/div>\n<\/div>\n<p>&nbsp;<\/p>\n","protected":false},"excerpt":{"rendered":"<p>\ud83c\udf32 Ente la bruma, los cantiles y los montes sagraos del norte d&#8217;Espa\u00f1a, naz xuna ruta \u00fanica onde lleenda y naturaleza caminen de la mano. La Ruta de les Dru\u00edes y la Mar conv\u00eddanos a afayar l&#8217;alma ancestral del norte peninsular al travi\u00e9s d&#8217;aldegues escond\u00edes, puertos marineros, arquitectura tradicional y sabores que remembren los ritmos [&hellip;]<\/p>\n","protected":false},"author":117,"featured_media":0,"comment_status":"closed","ping_status":"open","sticky":false,"template":"","format":"standard","meta":{"footnotes":""},"categories":[225,1],"tags":[],"class_list":["post-54049","post","type-post","status-publish","format-standard","hentry","category-rutes","category-sin-categoria"],"_links":{"self":[{"href":"https:\/\/edublog.educastur.es\/ixuxu\/wp-json\/wp\/v2\/posts\/54049","targetHints":{"allow":["GET"]}}],"collection":[{"href":"https:\/\/edublog.educastur.es\/ixuxu\/wp-json\/wp\/v2\/posts"}],"about":[{"href":"https:\/\/edublog.educastur.es\/ixuxu\/wp-json\/wp\/v2\/types\/post"}],"author":[{"embeddable":true,"href":"https:\/\/edublog.educastur.es\/ixuxu\/wp-json\/wp\/v2\/users\/117"}],"replies":[{"embeddable":true,"href":"https:\/\/edublog.educastur.es\/ixuxu\/wp-json\/wp\/v2\/comments?post=54049"}],"version-history":[{"count":3,"href":"https:\/\/edublog.educastur.es\/ixuxu\/wp-json\/wp\/v2\/posts\/54049\/revisions"}],"predecessor-version":[{"id":54054,"href":"https:\/\/edublog.educastur.es\/ixuxu\/wp-json\/wp\/v2\/posts\/54049\/revisions\/54054"}],"wp:attachment":[{"href":"https:\/\/edublog.educastur.es\/ixuxu\/wp-json\/wp\/v2\/media?parent=54049"}],"wp:term":[{"taxonomy":"category","embeddable":true,"href":"https:\/\/edublog.educastur.es\/ixuxu\/wp-json\/wp\/v2\/categories?post=54049"},{"taxonomy":"post_tag","embeddable":true,"href":"https:\/\/edublog.educastur.es\/ixuxu\/wp-json\/wp\/v2\/tags?post=54049"}],"curies":[{"name":"wp","href":"https:\/\/api.w.org\/{rel}","templated":true}]}}