{"id":54091,"date":"2025-07-25T20:37:56","date_gmt":"2025-07-25T18:37:56","guid":{"rendered":"https:\/\/edublog.educastur.es\/ixuxu\/?p=54091"},"modified":"2025-07-26T11:35:00","modified_gmt":"2025-07-26T09:35:00","slug":"cine-de-branu-un-ciclu-sobro-laxenda-2030","status":"publish","type":"post","link":"https:\/\/edublog.educastur.es\/ixuxu\/2025\/07\/cine-de-branu-un-ciclu-sobro-laxenda-2030\/","title":{"rendered":"Cine de branu, un ciclu sobro l&#8217;Axenda 2030"},"content":{"rendered":"<p style=\"text-align: center\"><a href=\"https:\/\/actualidad.asturias.es\/documents\/537115\/2705795\/ciclo+cine+agenda+2030.jpeg\/e7f3990b-214c-5107-a7ad-a4a4b3666aa5?t=1753438549727\"><img loading=\"lazy\" decoding=\"async\" class=\"aligncenter \" src=\"https:\/\/actualidad.asturias.es\/documents\/537115\/2705795\/ciclo+cine+agenda+2030.jpeg\/e7f3990b-214c-5107-a7ad-a4a4b3666aa5?t=1753438549727\" width=\"619\" height=\"878\" \/><\/a><\/p>\n<p>Ordenaci\u00f3n del Territoriu pon en marcha <strong>Cine de branu, un ciclu sobro l&#8217;Axenda 2030<\/strong> con proyecciones gratuites en diez conceyos. La primer exhibici\u00f3n va tener llugar el pr\u00f3ximu llunes nel Platillo Skate de La Pola Llaviana.<\/p>\n<ul>\n<li><a href=\"https:\/\/actualidad.asturias.es\/-\/ordenaci\u00f3n-del-territorio-pone-en-marcha-cine-de-branu-un-ciclo-sobre-la-agenda-2030-con-proyecciones-gratuitas-en-diez-concejos?redirect=%2Fnoticias\">Actualid\u00e1 Asturies<\/a>\/ Dise\u00f1u y creativid\u00e1 <a class=\"x1i10hfl xjbqb8w x1ejq31n x18oe1m7 x1sy0etr xstzfhl x972fbf x10w94by x1qhh985 x14e42zd x9f619 x1ypdohk xt0psk2 xe8uvvx xdj266r x14z9mp xat24cr x1lziwak xexx8yu xyri2b x18d9i69 x1c1uobl x16tdsg8 x1hl2dhg xggy1nq x1a2a7pz notranslate _a6hd\" role=\"link\" href=\"https:\/\/www.instagram.com\/fa_absolutdesigner\/\">@fa_absolutdesigner<\/a>\/<a class=\"x1i10hfl xjbqb8w x1ejq31n x18oe1m7 x1sy0etr xstzfhl x972fbf x10w94by x1qhh985 x14e42zd x9f619 x1ypdohk xt0psk2 xe8uvvx xdj266r x14z9mp xat24cr x1lziwak xexx8yu xyri2b x18d9i69 x1c1uobl x16tdsg8 x1hl2dhg xggy1nq x1a2a7pz notranslate _a6hd\" role=\"link\" href=\"https:\/\/www.instagram.com\/yerba_creativa\/\">@yerba_creativa<\/a><\/li>\n<\/ul>\n<p><!--more--><\/p>\n<p>La Direcci\u00f3n Xeneral d&#8217;Axenda 2030, dependiente de la Conseyer\u00eda d&#8217;Ordenaci\u00f3n del Territoriu, Urbanismu, Vivienda y Derechos Ciudadanos, pon en marcha esti branu&#8217;l primer ciclu de cine al campu inspir\u00e1u nos valores de l&#8217;Axenda 2030: Cine de *branu. Porque naide ye m\u00e1s que naide, por que naide quede tras.<\/p>\n<p>Esti programa, gratuitu y abiertu a tolos p\u00fablicos, va percorrer diez localidaes coles mires d&#8217;averar l&#8217;Axenda 2030 a la ciudadan\u00eda al travi\u00e9s del esfrute compart\u00edu de pel\u00edcules accesibles, emocionantes y socialmente compromet\u00edes.<\/p>\n<p>&nbsp;<\/p>\n<p>Cine de branu busca espublizar al travi\u00e9s del llinguaxe universal del cine les tr\u00e9s pilastres fundamentales de la sostenibilid\u00e1 social, medioambiental y econ\u00f3mica\u2014 por aciu una mirada cr\u00edtica y esperanzadora sobre los retos qu&#8217;encara la socied\u00e1.<\/p>\n<p style=\"text-align: center\"><span class=\"x193iq5w xeuugli x13faqbe x1vvkbs xt0psk2 x1i0vuye xvs91rp xo1l8bm x5n08af x10wh9bi xpm28yp x8viiok x1o7cslx x126k92a\"><span class=\"html-span xexx8yu x4uap5 x18d9i69 xkhd6sd x1hl2dhg x16tdsg8 x1vvkbs x3nfvp2 x1j61x8r x1fcty0u xdj266r xat24cr xgzva0m xhhsvwb xxymvpz xlup9mm x1kky2od\">\n<!-- iframe plugin v.6.0 wordpress.org\/plugins\/iframe\/ -->\n<iframe loading=\"lazy\" src=\"https:\/\/www.instagram.com\/reel\/DMi5KeascZx\/embed\" width=\"400\" height=\"700\" 0=\"\/iframe\" scrolling=\"yes\" class=\"iframe-class\" frameborder=\"0\"><\/iframe>\n<\/span><\/span><\/p>\n<p>El ciclu, planteg\u00e1u como una propuesta cultural pa dinamizar la vida comu\u00f1al en zones rurales y fomentar l&#8217;accesu universal a la cultura, alliniase con dellos de los <strong>Oxetivos de Desenvolvimientu Sostenible (ODS) como la educaci\u00f3n calidable (ODS 4), la iguald\u00e1 de x\u00e9neru (ODS 5), el trabayu decente (ODS 8), l&#8217;amenorgamientu de desigualdaes (ODS 10), o la paz y la xusticia (ODS 16).<\/strong><\/p>\n<p>&nbsp;<\/p>\n<ul>\n<li>\u00a0Va Siguir con proyecciones el martes 29 en La Pola L.lena y el mi\u00e9rcoles 30, en Grau.<\/li>\n<li>N&#8217;agostu, el ciclu retomar\u00e1se&#8217;l d\u00eda 4 en Teberga, el 5 en Muros de Nal\u00f3n, el d\u00eda 6 en Colombres, el d\u00eda 11 en Pilo\u00f1a y el 12 en Salas. Les sesiones de zarru van ser n&#8217;Ibias, el d\u00eda 19, y n&#8217;A Veiga, el 20.<\/li>\n<\/ul>\n<p>\u201cCine de branu ye m\u00e1s qu&#8217;un ciclu de pel\u00edcules; ye una apueste por una Asturies qu&#8217;escucha, curia y tresforma, y por una Axenda 2030 que se comparte al calor d&#8217;una nueche de branu\u201d, valor\u00f3&#8217;l director xeneral d&#8217;Axenda 2030.<\/p>\n<p><strong>Pel\u00edcules escoy\u00edes<\/strong><\/p>\n<p>Toles pel\u00edcules fueron escoy\u00edes coles mires d&#8217;ufiertar una esperiencia cinematogr\u00e1fica calidable, con hestories humanes que conviden a pensar y a empatizar, ensin arrenunciar al esfrute. Cada proyecci\u00f3n ye una oportunid\u00e1 p&#8217;abrir conversaciones sobro&#8217;l presente y el futuru com\u00fan, en clave de derechos, xusticia y sostenibilid\u00e1:<\/p>\n<ul>\n<li><strong>El maestru que prometi\u00f3&#8217;l mar (Espa\u00f1a, 2023)\u00a0<\/strong>Una hestoria real sobre un maestru republicanu que reivindica la educaci\u00f3n como palanca de tresformamientu social, na que se #destacar el papel del maxisteriu, la memoria democr\u00e1tica y los derechos humanos. *ODS venceyaos: 1, 4, 5, 10, 16.<\/li>\n<li><strong>La familia B\u00e9lier (Francia, 2014) <\/strong>Una comedia sobro inclusi\u00f3n, diversid\u00e1 funcional, moced\u00e1 rural y vocaciones art\u00edstiques qu&#8217;amuesa la tensi\u00f3n ente los cuidos y los sua\u00f1os individuales. ODS venceyaos: 4, 5, 10, 12.<\/li>\n<li><strong>O los tr\u00e9s o nengunu (Francia, 2015)\u00a0<\/strong>Una epopeya familiar marcada pol esiliu, la resistencia y l&#8217;esperanza, que conecta colos valores de la democracia, los derechos humanos y l&#8217;acoyida. ODS venceyaos: 3, 4, 5, 8, 10, 16.<\/li>\n<li><strong>La xaula dorada (Francia, 2013)\u00a0<\/strong>Una comedia costumbrista sobre la vida cotidiana d&#8217;una familia migrante que trata sobre l&#8217;enraigono, les relaciones llaborales y la dignid\u00e1 del trabayu. ODS venceyaos: 4, 8, 10.<\/li>\n<li><strong>Sufraxistes (Reinu Un\u00edu, 2015) <\/strong>Una narraci\u00f3n sobro la llucha hist\u00f3rica polos derechos de les muyeres que repasa cu\u00e1ntu se conquist\u00f3 y cu\u00e1nto queda por conquistar. ODS venceyaos: 1, 5, 8, 10, 16.<\/li>\n<\/ul>\n<p style=\"text-align: center\"><a href=\"https:\/\/www.ekomodo.eus\/blog\/wp-content\/uploads\/2020\/02\/ODS-Objetivos-Desarrollo-Sostenible-Ekomodo-e1582029087666.jpg\"><img loading=\"lazy\" decoding=\"async\" class=\"aligncenter size-large\" src=\"https:\/\/www.ekomodo.eus\/blog\/wp-content\/uploads\/2020\/02\/ODS-Objetivos-Desarrollo-Sostenible-Ekomodo-e1582029087666.jpg\" width=\"2048\" height=\"1213\" \/><\/a><\/p>\n","protected":false},"excerpt":{"rendered":"<p>Ordenaci\u00f3n del Territoriu pon en marcha Cine de branu, un ciclu sobro l&#8217;Axenda 2030 con proyecciones gratuites en diez conceyos. La primer exhibici\u00f3n va tener llugar el pr\u00f3ximu llunes nel Platillo Skate de La Pola Llaviana. Actualid\u00e1 Asturies\/ Dise\u00f1u y creativid\u00e1 @fa_absolutdesigner\/@yerba_creativa<\/p>\n","protected":false},"author":117,"featured_media":0,"comment_status":"closed","ping_status":"open","sticky":false,"template":"","format":"standard","meta":{"footnotes":""},"categories":[299,274],"tags":[],"class_list":["post-54091","post","type-post","status-publish","format-standard","hentry","category-cine","category-ods-2023"],"_links":{"self":[{"href":"https:\/\/edublog.educastur.es\/ixuxu\/wp-json\/wp\/v2\/posts\/54091","targetHints":{"allow":["GET"]}}],"collection":[{"href":"https:\/\/edublog.educastur.es\/ixuxu\/wp-json\/wp\/v2\/posts"}],"about":[{"href":"https:\/\/edublog.educastur.es\/ixuxu\/wp-json\/wp\/v2\/types\/post"}],"author":[{"embeddable":true,"href":"https:\/\/edublog.educastur.es\/ixuxu\/wp-json\/wp\/v2\/users\/117"}],"replies":[{"embeddable":true,"href":"https:\/\/edublog.educastur.es\/ixuxu\/wp-json\/wp\/v2\/comments?post=54091"}],"version-history":[{"count":3,"href":"https:\/\/edublog.educastur.es\/ixuxu\/wp-json\/wp\/v2\/posts\/54091\/revisions"}],"predecessor-version":[{"id":54129,"href":"https:\/\/edublog.educastur.es\/ixuxu\/wp-json\/wp\/v2\/posts\/54091\/revisions\/54129"}],"wp:attachment":[{"href":"https:\/\/edublog.educastur.es\/ixuxu\/wp-json\/wp\/v2\/media?parent=54091"}],"wp:term":[{"taxonomy":"category","embeddable":true,"href":"https:\/\/edublog.educastur.es\/ixuxu\/wp-json\/wp\/v2\/categories?post=54091"},{"taxonomy":"post_tag","embeddable":true,"href":"https:\/\/edublog.educastur.es\/ixuxu\/wp-json\/wp\/v2\/tags?post=54091"}],"curies":[{"name":"wp","href":"https:\/\/api.w.org\/{rel}","templated":true}]}}