{"id":54096,"date":"2025-07-25T17:45:39","date_gmt":"2025-07-25T15:45:39","guid":{"rendered":"https:\/\/edublog.educastur.es\/ixuxu\/?p=54096"},"modified":"2025-07-25T20:50:45","modified_gmt":"2025-07-25T18:50:45","slug":"david-gimenez-nomada-de-pasu-per-asturies","status":"publish","type":"post","link":"https:\/\/edublog.educastur.es\/ixuxu\/2025\/07\/david-gimenez-nomada-de-pasu-per-asturies\/","title":{"rendered":"David Gim\u00e9nez, n\u00f3mada, de pasu per Asturies"},"content":{"rendered":"<p>David Gim\u00e9nez, n\u00f3mada: \u00abViv\u00ed en para\u00edsos del mundu y <strong>el norte d&#8217;Espa\u00f1a puede comparase en belleza\u00bb<\/strong>. David Gim\u00e9nez tien 31 a\u00f1os, ye de Salou y ta faciendo&#8217;l retu de bordiar a cuerpu tola Pen\u00ednsula Ib\u00e9rica, lo que lu llev\u00f3 a afayar Asturies estos d\u00edes. <a href=\"https:\/\/www.elcomercio.es\/aviles\/david-gimenez-nomada-reto-caminar-peninsula-iberica-asturias-20250725203308-nt.html\">La Voz d&#8217;Avil\u00e9s<\/a>\/ <a href=\"https:\/\/www.instagram.com\/elretodedavid\"><strong>@elretodedavid<\/strong><\/a><\/p>\n<p><a href=\"https:\/\/s3.ppllstatics.com\/elcomercio\/www\/multimedia\/2025\/07\/25\/david-gimenez-caminante-aviles-kqRE-RwJUjDiRH5zDYkcWFtU2hAP-1200x840@El%20Comercio.jpg\"><img loading=\"lazy\" decoding=\"async\" class=\"aligncenter size-large\" src=\"https:\/\/s3.ppllstatics.com\/elcomercio\/www\/multimedia\/2025\/07\/25\/david-gimenez-caminante-aviles-kqRE-RwJUjDiRH5zDYkcWFtU2hAP-1200x840@El%20Comercio.jpg\" width=\"1200\" height=\"840\" \/><\/a><\/p>\n<p>David Gim\u00e9nez Ramos tien 31 a\u00f1os, ye de Salou y ta llevando a cabu&#8217;l retu m\u00e1s ambiciosu de tola so vida y unu que pr\u00e1cticamente naide igual\u00f3. Esti mozu catal\u00e1n <strong>prop\u00fanxose bordiar tola Pen\u00ednsula Ib\u00e9rica caminando, m\u00e1s de 5.000 kil\u00f3metros que lu van llevar a percorrer tola mari\u00f1a d&#8217;Espa\u00f1a y Portugal nuna aventura que y\u00e1 la ta camudando la vida y que estos d\u00edes dex\u00f3-y conocer Asturies y unes paraxes naturales que lu impresionaron.<\/strong><\/p>\n<p><!--more--><\/p>\n<p>L&#8217;aventura empez\u00f3&#8217;l pas\u00e1u 18 de mayu. \u00abSiempres me gust\u00f3 enforma l&#8217;aventura y odiu la rutina. Trabayaba por temporaes, pel hibiernu nuna estaci\u00f3n d&#8217;esqu\u00ed y pel branu nuna discoteca de Salou, pero l&#8217;a\u00f1u pas\u00e1u viv\u00ed una temporada n&#8217;Australia y n&#8217;Indonesia y cuando se m&#8217;acab\u00f3&#8217;l vis\u00e1u y tuvo que volver a Espa\u00f1a ten\u00eda claro que nun quer\u00eda siguir cola mesma vida de siempre. Ende foi cuando pens\u00e9 que quer\u00eda faer un retu y conoceme m\u00e1s a mi mesmu y de cam\u00edn el pa\u00eds\u00bb, esplica esti <strong>\u00abcaminante\u00bb, como \u00e9l mesmu def\u00ednese.<\/strong><\/p>\n<p>Esti vienres pas\u00f3 la nueche n&#8217;Avil\u00e9s y a pesar de qu&#8217;inda-y queda por percorrer la met\u00e1 d&#8217;Asturies, tien bien clara la so idea sobro esta tierra qu&#8217;antes-y yera desconocida. \u00abViv\u00ed en para\u00edsos del mundu como Australia ya Indonesia y puedo dicir que&#8217;l <strong>norte d&#8217;Espa\u00f1a puede comparase en guapura ensin dala dulda. Asturies tien paisaxes que paecen de postal\u00bb.<\/strong><\/p>\n<p>Enagora aprovech\u00f3 al m\u00e1ximu&#8217;l so pasu per tierres asturianes. Nel so cam\u00edn conoci\u00f3 llugares como Llanes, Tazones, Salinas y Avil\u00e9s. Tami\u00e9n aprovech\u00f3 pa faer el descensu del Sella en canoa o ver una puesta de sol nel Cabu Pe\u00f1es que m&#8217;impresion\u00f3 y emocion\u00f3\u00bb.<\/p>\n<p>Lo cierto ye que la so aventura ta atrayendo l&#8217;atenci\u00f3n de miles de siguidores que siguen cada etapa al travi\u00e9s de les sos redes sociales, onde apaez como <strong>@elretodedavid<\/strong>, poles que documenta cada esperiencia. \u00abLa xente ye incre\u00edble, ay\u00fadenme, av\u00e9renme comida, acomp\u00e1\u00f1enme en tramos de les mios etapes n&#8217;inclusive m&#8217;ufierten agospiamientu como un mozu d&#8217;Avil\u00e9s\u00bb, estima&#8217;l mozu. Tami\u00e9n s&#8217;entornaron con \u00e9l empresarios asturianos, como la queser\u00eda Gorfol\u00ed d&#8217;Illas o Embut\u00edos Vallina, n&#8217;Avil\u00e9s, que-y ense\u00f1aron les so instalaciones y emprest\u00e1ron-y ayuda.<\/p>\n<p><strong>Un retu llenu de torgues. <\/strong>Esta ruta de miles de kil\u00f3metros empez\u00f3 fai y\u00e1 dos meses en Salou y punxo aldu al norte coles idees bien clares. \u00abEl plan yera pasar los meses de branu nel norte y que la seronda y l&#8217;iviernu p\u00edllenme nel sur dempu\u00e9s de cruciar Portugal. Nun principiu ten\u00eda pens\u00e1u terminar p&#8217;avientu, pero agora calculo que va ser m\u00e1s pa finales de xineru del a\u00f1u que vien\u00bb, esplica David Gim\u00e9nez.<\/p>\n<p>Lo cierto ye que nun se cinxe a etapes zarraes, \u00absi veo una sablera o un cabu que me gusten o dalg\u00fan sitiu que m&#8217;encamienten, pos esvio ensin problema\u00bb.<strong> Ta caminando una media de 30 kil\u00f3metros al d\u00eda<\/strong> y enagora lleva unos 1.400 kil\u00f3metros a los sos llombos.<\/p>\n<p>El cam\u00edn nun lu fai solo, eso s\u00ed. <strong>Ta acompa\u00f1\u00e1u en tou momentu por &#8216;Charlie&#8217;, que ye&#8217;l nome que lu punxo a una particular mochila con ruedes que cada ma\u00f1ana s&#8217;arreyar a la cintura y na que lleva tou lo que precisa pa sobrevivir.<\/strong> Ye ciertu que l&#8217;aventura nun ta siendo senciella. Tien un presupuestu d&#8217;unos 10 euros al d\u00eda y tuvo que faer etapes enfermu o manc\u00e1u. Agora qu\u00e9da-y por percorrer la met\u00e1 d&#8217;Asturies, polo que ye f\u00e1cil que se-y vea poles coses asturianes.<\/p>\n","protected":false},"excerpt":{"rendered":"<p>David Gim\u00e9nez, n\u00f3mada: \u00abViv\u00ed en para\u00edsos del mundu y el norte d&#8217;Espa\u00f1a puede comparase en belleza\u00bb. David Gim\u00e9nez tien 31 a\u00f1os, ye de Salou y ta faciendo&#8217;l retu de bordiar a cuerpu tola Pen\u00ednsula Ib\u00e9rica, lo que lu llev\u00f3 a afayar Asturies estos d\u00edes. La Voz d&#8217;Avil\u00e9s\/ @elretodedavid David Gim\u00e9nez Ramos tien 31 a\u00f1os, ye [&hellip;]<\/p>\n","protected":false},"author":117,"featured_media":0,"comment_status":"closed","ping_status":"open","sticky":false,"template":"","format":"standard","meta":{"footnotes":""},"categories":[1],"tags":[],"class_list":["post-54096","post","type-post","status-publish","format-standard","hentry","category-sin-categoria"],"_links":{"self":[{"href":"https:\/\/edublog.educastur.es\/ixuxu\/wp-json\/wp\/v2\/posts\/54096","targetHints":{"allow":["GET"]}}],"collection":[{"href":"https:\/\/edublog.educastur.es\/ixuxu\/wp-json\/wp\/v2\/posts"}],"about":[{"href":"https:\/\/edublog.educastur.es\/ixuxu\/wp-json\/wp\/v2\/types\/post"}],"author":[{"embeddable":true,"href":"https:\/\/edublog.educastur.es\/ixuxu\/wp-json\/wp\/v2\/users\/117"}],"replies":[{"embeddable":true,"href":"https:\/\/edublog.educastur.es\/ixuxu\/wp-json\/wp\/v2\/comments?post=54096"}],"version-history":[{"count":5,"href":"https:\/\/edublog.educastur.es\/ixuxu\/wp-json\/wp\/v2\/posts\/54096\/revisions"}],"predecessor-version":[{"id":54101,"href":"https:\/\/edublog.educastur.es\/ixuxu\/wp-json\/wp\/v2\/posts\/54096\/revisions\/54101"}],"wp:attachment":[{"href":"https:\/\/edublog.educastur.es\/ixuxu\/wp-json\/wp\/v2\/media?parent=54096"}],"wp:term":[{"taxonomy":"category","embeddable":true,"href":"https:\/\/edublog.educastur.es\/ixuxu\/wp-json\/wp\/v2\/categories?post=54096"},{"taxonomy":"post_tag","embeddable":true,"href":"https:\/\/edublog.educastur.es\/ixuxu\/wp-json\/wp\/v2\/tags?post=54096"}],"curies":[{"name":"wp","href":"https:\/\/api.w.org\/{rel}","templated":true}]}}