{"id":54113,"date":"2025-07-26T08:30:33","date_gmt":"2025-07-26T06:30:33","guid":{"rendered":"https:\/\/edublog.educastur.es\/ixuxu\/?p=54113"},"modified":"2025-07-26T11:10:45","modified_gmt":"2025-07-26T09:10:45","slug":"el-tiempu-el-comercio-102","status":"publish","type":"post","link":"https:\/\/edublog.educastur.es\/ixuxu\/2025\/07\/el-tiempu-el-comercio-102\/","title":{"rendered":"El tiempu (El Comercio)"},"content":{"rendered":"<p style=\"text-align: center\"><a href=\"https:\/\/s2.ppllstatics.com\/elcomercio\/www\/multimedia\/2025\/07\/25\/prevision-tiempo-asturias-kiD-U2301948938566Ca-1200x860@El%20Comercio.jpg\"><img loading=\"lazy\" decoding=\"async\" class=\"aligncenter size-large\" src=\"https:\/\/s2.ppllstatics.com\/elcomercio\/www\/multimedia\/2025\/07\/25\/prevision-tiempo-asturias-kiD-U2301948938566Ca-1200x860@El%20Comercio.jpg\" width=\"1200\" height=\"860\" \/><\/a><\/p>\n<p>Esp\u00e9rense grandes ratos de sol mientres el d\u00eda. Ye posible qu<strong>&#8216;amanezamos<\/strong> con nubes baxes en munchos puntos de la rex\u00f3n (sobremanera de la met\u00e1 norte), pero a partir del mediud\u00eda vamos reparar como estes nubes van dir desfaciendose de forma que&#8217;l sol va dir cobrando un mayor protagonismu. <strong>La tarde<\/strong> va ser asoleyada en pr\u00e1cticamente tol Princip\u00e1u. <strong>Les nubes<\/strong> baxes van volver, eso s\u00ed, pela nueche. <strong>Los vientos<\/strong> van ser fluexos pudiendo predominar de norte-nord\u00e9s. <strong>Les temperatures m\u00e1ximes<\/strong> van xubir llixeramente nel interior y van caltenese ensin cambeos na mari\u00f1a. <strong>Les m\u00ednimes<\/strong> apenes van variar salvu nel interior central y oriental onde podr\u00eden baxar un poco.<\/p>\n<p>El domingu preve estabilid\u00e1 anque un aumentu de nubes a lo llargo de la segunda parte del d\u00eda. Les temperatures van ser bien similares y los vientos volver\u00e1n ser fluexos y predominando de norte-nord\u00e9s. El llunes nun se refuguen dellos orbayos de mano la selmana.<\/p>\n","protected":false},"excerpt":{"rendered":"<p>Esp\u00e9rense grandes ratos de sol mientres el d\u00eda. Ye posible qu&#8216;amanezamos con nubes baxes en munchos puntos de la rex\u00f3n (sobremanera de la met\u00e1 norte), pero a partir del mediud\u00eda vamos reparar como estes nubes van dir desfaciendose de forma que&#8217;l sol va dir cobrando un mayor protagonismu. La tarde va ser asoleyada en pr\u00e1cticamente [&hellip;]<\/p>\n","protected":false},"author":117,"featured_media":0,"comment_status":"closed","ping_status":"open","sticky":false,"template":"","format":"standard","meta":{"footnotes":""},"categories":[5],"tags":[],"class_list":["post-54113","post","type-post","status-publish","format-standard","hentry","category-tiempu"],"_links":{"self":[{"href":"https:\/\/edublog.educastur.es\/ixuxu\/wp-json\/wp\/v2\/posts\/54113","targetHints":{"allow":["GET"]}}],"collection":[{"href":"https:\/\/edublog.educastur.es\/ixuxu\/wp-json\/wp\/v2\/posts"}],"about":[{"href":"https:\/\/edublog.educastur.es\/ixuxu\/wp-json\/wp\/v2\/types\/post"}],"author":[{"embeddable":true,"href":"https:\/\/edublog.educastur.es\/ixuxu\/wp-json\/wp\/v2\/users\/117"}],"replies":[{"embeddable":true,"href":"https:\/\/edublog.educastur.es\/ixuxu\/wp-json\/wp\/v2\/comments?post=54113"}],"version-history":[{"count":1,"href":"https:\/\/edublog.educastur.es\/ixuxu\/wp-json\/wp\/v2\/posts\/54113\/revisions"}],"predecessor-version":[{"id":54114,"href":"https:\/\/edublog.educastur.es\/ixuxu\/wp-json\/wp\/v2\/posts\/54113\/revisions\/54114"}],"wp:attachment":[{"href":"https:\/\/edublog.educastur.es\/ixuxu\/wp-json\/wp\/v2\/media?parent=54113"}],"wp:term":[{"taxonomy":"category","embeddable":true,"href":"https:\/\/edublog.educastur.es\/ixuxu\/wp-json\/wp\/v2\/categories?post=54113"},{"taxonomy":"post_tag","embeddable":true,"href":"https:\/\/edublog.educastur.es\/ixuxu\/wp-json\/wp\/v2\/tags?post=54113"}],"curies":[{"name":"wp","href":"https:\/\/api.w.org\/{rel}","templated":true}]}}