{"id":54121,"date":"2025-07-26T11:00:11","date_gmt":"2025-07-26T09:00:11","guid":{"rendered":"https:\/\/edublog.educastur.es\/ixuxu\/?p=54121"},"modified":"2025-07-26T11:27:37","modified_gmt":"2025-07-26T09:27:37","slug":"54121","status":"publish","type":"post","link":"https:\/\/edublog.educastur.es\/ixuxu\/2025\/07\/54121\/","title":{"rendered":"Novellana: El Pueblu exemplar\u00bb d&#8217;Asturies con tr\u00e9s espectaculares sableres xur\u00e1siques"},"content":{"rendered":"<ul>\n<li>Fonte: <a href=\"https:\/\/viajes.nationalgeographic.com.es\/a\/pueblo-ejemplar-asturias-300-habitantes-tres-espectaculares-playas-jurasicas-que-segun-felipe-vi-es-testigo-antiguo-paso-europeos-que-caminaban-hacia-santiago_23078\">National G.<\/a> \/<\/li>\n<\/ul>\n<p>El Pueblu exemplar\u00bb d&#8217;Asturies con 300 habitantes y tr\u00e9s espectaculares sableres xur\u00e1siques que seg\u00fan Felipe VI ye \u201ctestigu del antiguu pasu de los europeos que caminaben escontra Santiago\u201d. Un viaxe a la Mari\u00f1a Occidental d&#8217;Asturies, onde dende antiguu los pelegrinos del Cam\u00edn de Santiago maravi\u00e1ronse del paisaxe.<\/p>\n<p style=\"text-align: center\"><a href=\"https:\/\/content-viajes.nationalgeographic.com.es\/medio\/2025\/07\/23\/adobestock-123370157_2f7a25c7_250723172046_1280x837.webp\"><img loading=\"lazy\" decoding=\"async\" class=\"aligncenter size-large\" src=\"https:\/\/content-viajes.nationalgeographic.com.es\/medio\/2025\/07\/23\/adobestock-123370157_2f7a25c7_250723172046_1280x837.webp\" width=\"1280\" height=\"837\" \/><\/a><\/p>\n<p style=\"text-align: center\">Sablera del Silencio \/ Semeya: AdobeStock<\/p>\n<p><!--more--><\/p>\n<p>La mari\u00f1a d&#8217;esti pueblu ta form\u00e1u por sableres con cantiles xur\u00e1sicos.<\/p>\n<p>Inda hai llugares que paecen deten\u00edos nel tiempu, xusto como asocede nestos cantiles de caliar carbon\u00edfera que s&#8217;alcen estoicos sobro un Cant\u00e1bricu que lleva m\u00e1s de 300 millones d&#8217;a\u00f1os tarami\u00e1ndolos: s\u00ed, equ\u00ed la escala del tiempu escapase a lo humano. Como result\u00e1u de tala erosi\u00f3n, na Mari\u00f1a Occidental d&#8217;Asturies apaecieron cales y sableres selvaxes, dalgunes tan secretes que puede apalpase nelles el silenciu, siempres amplific\u00e1u metanes la naturaleza.<\/p>\n<p>Nesti paisaxe propio de la era xur\u00e1sica, escu\u00e9ndense aldegues que vieron pasar pelegrinos dende la d\u00f3mina medieval pero que g\u00fcei viven nun c\u00f3modu aparte. Son llugares onde la comunid\u00e1 funciona ent\u00e1 como un organismu vivu a pesar de la despoblaci\u00f3n y l&#8217;olvidu. Equ\u00ed la xeograf\u00eda nun se contempla, hab\u00edtase.<\/p>\n<p>&nbsp;<\/p>\n<p>RECUPERACI\u00d3N EXEMPLAR<\/p>\n<p style=\"text-align: center\"><a href=\"https:\/\/content-viajes.nationalgeographic.com.es\/medio\/2025\/07\/24\/novellana_52cbe17d_250724113956_1200x800.webp\"><img loading=\"lazy\" decoding=\"async\" class=\"aligncenter size-large\" src=\"https:\/\/content-viajes.nationalgeographic.com.es\/medio\/2025\/07\/24\/novellana_52cbe17d_250724113956_1200x800.webp\" width=\"1200\" height=\"800\" \/><\/a><\/p>\n<p style=\"text-align: center\">Novellana\u00a0 Semeya: Alamy<br \/>\nLa pequena pero coqueta ilesia de Santiago Ap\u00f3stol,<br \/>\nguardiana del Cristu de los Vaqueiros.<\/p>\n<p>Lo m\u00e1s estelante ye qu&#8217;esti microcosmos rural y xeol\u00f3xicu ta a bien poca distancia de Cuideiru. Pasa desapercib\u00edu porque&#8217;l so c\u00e9lebre vec\u00edn, \u201cl&#8217;anfiteatru color\u00edu y marineru\u201d, funciona como un furacu negru\u00bb qu&#8217;atrai toles miraes; pero a unos 11 minutos apaez *Novellana. \u00bfPero qu\u00e9 tien esti pequenu pueblu de 318 habitantes \u2014distribuy\u00edos ente Casta\u00f1eres, *Resiellas y el n\u00facleu principal\u2014 que xustifique salinos del focu del mapa tur\u00edsticu?<\/p>\n<p>&nbsp;<\/p>\n<p>Les primeres referencies hist\u00f3riques que podemos atopar de Novellana remontense a tiempos medievales, cuando los primeros caser\u00edos fueron asiti\u00e1ndose a lo llargo de la rasa costera pola qu&#8217;escurre&#8217;l traz\u00e1u del Cam\u00edn de la Mari\u00f1a. Anque s&#8217;alz\u00f3 en parroquia nel a\u00f1u 1791, <strong>la verdadera singularid\u00e1 algamase en 1992, cuando recibi\u00f3&#8217;l Premiu Pr\u00edncipe d&#8217;Asturies al Pueblu Exemplar\u00bb<\/strong> al pie de Sotu de Lui\u00f1a. La reconocencia nun lleg\u00f3 por casualid\u00e1. En tiempos nos que munchos territorios cayeren nel olvidu,<strong> Novellana demostr\u00f3 una resiliencia y capacid\u00e1 estraordinaria pa la cohesi\u00f3n vecinal.<\/strong> \u00abL&#8217;exemplar llabor de recuperaci\u00f3n y defensa del patrimoniu hist\u00f3ricu-art\u00edsticu\u00bb, seg\u00fan dictamin\u00f3&#8217;l xur\u00e1u, tresform\u00f3 esti rinc\u00f3n nuna demostraci\u00f3n del s\u00ed pu\u00e9dese: los vecinos restauraron l&#8217;antigua escuela convertida en casa de la Cultura, recuperaron l&#8217;hospital de pelegrinos y caltuvieron viva la ilesia de Santiago Ap\u00f3stol, del sieglu XVIII.<\/p>\n<p>&nbsp;<\/p>\n<p style=\"text-align: center\"><a href=\"https:\/\/content-viajes.nationalgeographic.com.es\/medio\/2025\/07\/24\/playa-del-silencio_3ada4887_2187587523_250724114204_1200x800.webp\"><img loading=\"lazy\" decoding=\"async\" class=\"aligncenter size-large\" src=\"https:\/\/content-viajes.nationalgeographic.com.es\/medio\/2025\/07\/24\/playa-del-silencio_3ada4887_2187587523_250724114204_1200x800.webp\" width=\"1200\" height=\"800\" \/><\/a>L&#8217;anfiteatru natural de Sablera del Silenciu.<\/p>\n<p>L&#8217;ent\u00f3s pr\u00edncipe d&#8217;Asturies, destac\u00f3 am\u00e1s mientres el so discursu la vinculaci\u00f3n del conceyu de Novellana col Cam\u00edn de Santiago:<em> \u201cN&#8217;este bell\u00edsimo conceyu de Cuideiru, nel que s&#8217;asientan Sotu de Lui\u00f1a y Novellana, espresa la rica varied\u00e1 del nuesu Princip\u00e1u. Equ\u00ed, a lo llargo de la Hestoria, convivieron los homes del monte, del valle y de la mar: vaqueiros, llabradores y marineros, testigos del antiguu pasu de los europeos que caminaben escontra Santiago y que recibieron equ\u00ed posada y caritativa asistencia\u201d<\/em>. Los pelegrinos que sigu\u00eden el Cam\u00edn de Mari\u00f1a contemplaben xuna xeolox\u00eda y un paisaxe subyugantes.<\/p>\n<p><a href=\"https:\/\/content-viajes.nationalgeographic.com.es\/medio\/2025\/07\/23\/adobestock_0932baa7_297554385_250723172026_1200x801.webp\"><img loading=\"lazy\" decoding=\"async\" class=\"aligncenter size-large\" src=\"https:\/\/content-viajes.nationalgeographic.com.es\/medio\/2025\/07\/23\/adobestock_0932baa7_297554385_250723172026_1200x801.webp\" width=\"1200\" height=\"801\" \/><\/a>Les formaciones predreses d&#8217;estes sableres son aut\u00e9nticos monumentos naturales.<\/p>\n<p>Les tr\u00e9s sableres \u2014puede llegase a elles caminando dende&#8217;l centru de la poblaci\u00f3n\u2014 de Novellana son espacios naturales que desaf\u00eden cualquier intentu de doma tur\u00edstica. Nun se llega en coche y casi nun vien xente, nin siquier pel branu, nam\u00e1 dalg\u00fan pescador de xemes en cuando. Son sableres \u2014na zona tami\u00e9n les llamen pedreros\u2014 ensin servicios, ensin vixilancia nin salvamentu mar\u00edtimu, ensin concesiones al turismu convencional. Pa caminar por elles encami\u00e9ntase llevar calz\u00e1u resistente a les roques y piedres. Tr\u00e1tase de territoriu virxe. A camb\u00e9u, g\u00fcel a algues y a salitre y si\u00e9ntese la fuerza tot\u00e9mico de la naturaleza. Eso s\u00ed, l&#8217;est\u00e1u habitual de la mar nelles ye d&#8217;aguaxe moder\u00e1u, polo qu&#8217;hai estremar los precuros a la hora del ba\u00f1u.<\/p>\n<p style=\"text-align: center\"><a href=\"https:\/\/content-viajes.nationalgeographic.com.es\/medio\/2025\/07\/23\/adobestock_974d706d_1269321837_250723172111_1200x800.webp\"><img loading=\"lazy\" decoding=\"async\" class=\"aligncenter size-large\" src=\"https:\/\/content-viajes.nationalgeographic.com.es\/medio\/2025\/07\/23\/adobestock_974d706d_1269321837_250723172111_1200x800.webp\" width=\"1200\" height=\"800\" \/><\/a><\/p>\n<p>La Sablera del Silenciu \u2014o de Gavieiro\u2014 revelase tres baxar m\u00e1s de 200 pasos tallaos nel cantil, como si l&#8217;accesu fuera un ritu inici\u00e1tico. Les sos formaciones predreses conoc\u00edes como \u00abLa Forcada\u00bb remanecen de l&#8217;agua como titanes prehist\u00f3ricos, esculp\u00edes por milenios d&#8217;erosi\u00f3n marina. Cala Salencia \u2014ye la primer sablera del conceyu de Cuideiru en tener dex\u00e1u l&#8217;accesu a perros mientres tol a\u00f1u\u2014 y la so vecina Sablera de L&#8217;Air\u00edn, separaes ambes pol castru del Fari\u00f1\u00f3n, completen esta trilox\u00eda d&#8217;arenales virxes onde los cantares rodaos grises y ocres \u2014en realid\u00e1, fragmentos de les caliares de la Formaci\u00f3n Picos d&#8217;Europa\u2014 componen testures que camuden con cada marea.<\/p>\n<p>El Pe\u00f1e del Mar-La Caladoria, xuna interesada formaci\u00f3n xeol\u00f3xica que paez un \u00f3rganu de piedra toc\u00e1u poles foles, completa un paisaxe que munchos compararon con escenarios de \u00abla Tierra Media\u00bb. Caminar pola sienda costera dexa somorguiase n&#8217;este microcosmos xeol\u00f3xicu de sableres \u00edntimes y sublimes. A la fin, el nuesu tiempu nun ye m\u00e1s qu&#8217;un leve cegu\u00f1u pal planeta. Solo que se nos escaez.<\/p>\n","protected":false},"excerpt":{"rendered":"<p>Fonte: National G. \/ El Pueblu exemplar\u00bb d&#8217;Asturies con 300 habitantes y tr\u00e9s espectaculares sableres xur\u00e1siques que seg\u00fan Felipe VI ye \u201ctestigu del antiguu pasu de los europeos que caminaben escontra Santiago\u201d. Un viaxe a la Mari\u00f1a Occidental d&#8217;Asturies, onde dende antiguu los pelegrinos del Cam\u00edn de Santiago maravi\u00e1ronse del paisaxe. Sablera del Silencio \/ [&hellip;]<\/p>\n","protected":false},"author":117,"featured_media":0,"comment_status":"closed","ping_status":"open","sticky":false,"template":"","format":"standard","meta":{"footnotes":""},"categories":[22,93],"tags":[],"class_list":["post-54121","post","type-post","status-publish","format-standard","hentry","category-pueblos","category-sableres"],"_links":{"self":[{"href":"https:\/\/edublog.educastur.es\/ixuxu\/wp-json\/wp\/v2\/posts\/54121","targetHints":{"allow":["GET"]}}],"collection":[{"href":"https:\/\/edublog.educastur.es\/ixuxu\/wp-json\/wp\/v2\/posts"}],"about":[{"href":"https:\/\/edublog.educastur.es\/ixuxu\/wp-json\/wp\/v2\/types\/post"}],"author":[{"embeddable":true,"href":"https:\/\/edublog.educastur.es\/ixuxu\/wp-json\/wp\/v2\/users\/117"}],"replies":[{"embeddable":true,"href":"https:\/\/edublog.educastur.es\/ixuxu\/wp-json\/wp\/v2\/comments?post=54121"}],"version-history":[{"count":4,"href":"https:\/\/edublog.educastur.es\/ixuxu\/wp-json\/wp\/v2\/posts\/54121\/revisions"}],"predecessor-version":[{"id":54125,"href":"https:\/\/edublog.educastur.es\/ixuxu\/wp-json\/wp\/v2\/posts\/54121\/revisions\/54125"}],"wp:attachment":[{"href":"https:\/\/edublog.educastur.es\/ixuxu\/wp-json\/wp\/v2\/media?parent=54121"}],"wp:term":[{"taxonomy":"category","embeddable":true,"href":"https:\/\/edublog.educastur.es\/ixuxu\/wp-json\/wp\/v2\/categories?post=54121"},{"taxonomy":"post_tag","embeddable":true,"href":"https:\/\/edublog.educastur.es\/ixuxu\/wp-json\/wp\/v2\/tags?post=54121"}],"curies":[{"name":"wp","href":"https:\/\/api.w.org\/{rel}","templated":true}]}}