{"id":54131,"date":"2025-07-26T11:39:45","date_gmt":"2025-07-26T09:39:45","guid":{"rendered":"https:\/\/edublog.educastur.es\/ixuxu\/?p=54131"},"modified":"2025-07-26T11:39:45","modified_gmt":"2025-07-26T09:39:45","slug":"orques-en-llanes","status":"publish","type":"post","link":"https:\/\/edublog.educastur.es\/ixuxu\/2025\/07\/orques-en-llanes\/","title":{"rendered":"Orques en Llanes"},"content":{"rendered":"<p>Orques en Llanes: la banda de &#8216;*Gladis&#8217; pon n&#8217;alerta a la mari\u00f1a asturiana. Un veleru tuvo que ser arremolc\u00e1u en sufriendo da\u00f1os nel tim\u00f3n por golpes de les orques | Los espertos creen que son les mesmes que provocaron incidentes en Cantabria y Pa\u00eds Vascu. <a href=\"https:\/\/www.elcomercio.es\/asturias\/orcas-costa-llanes-asturias-20250725120937-nt.html\">El Comercio<\/a><\/p>\n<p style=\"text-align: center\"><a href=\"https:\/\/s1.ppllstatics.com\/elcomercio\/www\/multimedia\/2025\/07\/25\/orcas-R6PbKK6QGHlOZNITqAVpyRN-1200x840@El%20Comercio.jpg\"><img loading=\"lazy\" decoding=\"async\" class=\"aligncenter size-large\" src=\"https:\/\/s1.ppllstatics.com\/elcomercio\/www\/multimedia\/2025\/07\/25\/orcas-R6PbKK6QGHlOZNITqAVpyRN-1200x840@El%20Comercio.jpg\" width=\"1200\" height=\"840\" \/><\/a><\/p>\n<p>Son un grupu d&#8217;ente tr\u00e9s y cuatro orques, dependiendo de si nesi momentu&#8217;l machu acompa\u00f1a a les femes. La m\u00e1s conocida ye &#8216;Gladis&#8217;, famosa en tola mari\u00f1a cant\u00e1brica pol so encl\u00edn a interactuar coles embarcaciones. Una costume que na mayor\u00eda de les ocasiones nun provoca neng\u00fan problema, pero que nos \u00faltimos d\u00edes produci\u00f3 y\u00e1 dellos incidentes nes mari\u00f1es del Pa\u00eds Vascu y, enantes, en Galicia. Agora, per primer vegada, tami\u00e9n asocedi\u00f3 n&#8217;Asturies.<\/p>\n<p><!--more--><\/p>\n<p>El xueves, un veleru que saleaba al altor de Llanes sufri\u00f3 da\u00f1os nel tim\u00f3n por causa de los golpes d&#8217;un grupu d&#8217;orques. La embarcaci\u00f3n tuvo que ser arremolcada polos servicios de Salvamentu Mar\u00edtimu hasta&#8217;l puertu de Llanes.<\/p>\n<p>Seg\u00fan pudo confirmar EL COMERCIU, foi a les 12 hores cuando&#8217;l Centru de Salvamentu Mar\u00edtimu de Xix\u00f3n recibi\u00f3 una llamada dende un veleru que saleaba pola mari\u00f1a llanisca y que solicitaba&#8217;l serviciu de remolque. Informaba de que sufriera da\u00f1os nel tim\u00f3n por causa de los golpes d&#8217;un grupu d&#8217;orques. Salvamentu moviliz\u00f3 a la &#8216;*Salvamar Castor&#8217;, que 50 minutos dempu\u00e9s informaba de que rematara&#8217;l remolque hasta&#8217;l puertu de Llanes ensin m\u00e1s incidentes. Nun consta nel informe la bandera del veleru nin el n\u00famberu de tripulantes, pero s\u00ed se confirm\u00f3 que nun hubo da\u00f1os personales.<\/p>\n<p><strong>Alcuentru n&#8217;A Veiga va dos selmanes<\/strong><br \/>\nLuis Laria, presidente del Cepesma, tien conocencia tami\u00e9n de lo asoced\u00edo y esplica que posiblemente se trata del mesmu grupu d&#8217;orques que nos \u00faltimos d\u00edes provocara incidentes en Galicia y el Pa\u00eds Vascu. Y el mesmu que fai unos 15 d\u00edes interactu\u00f3 tami\u00e9n con otra embarcaci\u00f3n na vertical d&#8217;A Veiga, anque naquella ocasi\u00f3n nun hubo que llamentar da\u00f1os. Porque les interacciones de les orques non siempres suponen contactu f\u00edsicu.<\/p>\n<p>Ello ye que los pescadores asturianos saben perfectamente que nos \u00faltimos tiempos amont\u00f3se la presencia de les orques nes mari\u00f1es de la comunid\u00e1. Espl\u00edcalo el presidente de la Federaci\u00f3n de Confrer\u00edes de Pescadores d&#8217;Asturies, Adolfo Garc\u00eda M\u00e9ndez. \u00abDende va dos a\u00f1os amont\u00f3se la so presencia\u00bb, confirma. Son munchos los avistamientos.<\/p>\n<p>Los pescadores achaquen esta medr\u00eda al aumentu, de la mesma, de la presencia d&#8217;at\u00fan color\u00e1u nel norte, principal alimentaci\u00f3n de les orques. Pero, hasta agora, esplica Garc\u00eda, nun hubiera nenguna interacci\u00f3n. Siquier non colos barcos de pesca. Porque ye ciertu que la mayor\u00eda de los incidentes que se fueron rexistrando asocedieron con veleros, anque non solo.<\/p>\n<p>Otru exemplu de que les orques lleven tiempu pela zona ye que y\u00e1 nel mes de marzu&#8217;l Puertu Deportivu de Xix\u00f3n achacaba&#8217;l descensu d&#8217;embarcaciones de cam\u00edn precisamente al mieu a los ataques de les orques. Flor Guard\u00e1u esplicaba ent\u00f3s que la so presencia complica les traves\u00edes para los navegantes que vienen de Francia y dir\u00edxense escontra&#8217;l sur d&#8217;Espa\u00f1a.<\/p>\n<p><strong>Alarma nel Pa\u00eds Vascu<\/strong><br \/>\nNel Pa\u00eds Vascu saltaron toles alarmes, dempu\u00e9s de rexistrar dos incidentes n&#8217;unos pocos d\u00edes. El primeru afect\u00f3 a un veleru de bandera francesa que tuvo que ser arremolc\u00e1u al puertu de Guetaria (Gip\u00fazcoa) por Salvamentu Mar\u00edtimu dempu\u00e9s de que les orques rompieren el tim\u00f3n y provocaren una v\u00eda d&#8217;agua na quilla. El segundu tuvo llugar ocho milles al norte de Cabu Villanu, en Vizcaya, anque n&#8217;ese caso los da\u00f1os fueron leves y l&#8217;embarcaci\u00f3n pudo llegar a puertu pelos sos propios medios.<\/p>\n<p>La situaci\u00f3n llev\u00f3 al Ministeriu de Tresportes y Movilid\u00e1 Sostenible, por aciu la Direcci\u00f3n Xeneral de la Marina Mercante, a emitir unu encamientu esta mesma selmana a los navegantes que vaigan pol Pa\u00eds Vascu estos d\u00edes: que lo faigan lo m\u00e1s barganal posible de la mari\u00f1a.<\/p>\n<p><strong>Fundimientu nel Estrechu<\/strong> Hasta agora, la mayor\u00eda de casos documentaos d&#8217;incidentes con orques produx\u00e9rense nel Golfu de C\u00e1diz y l&#8217;Estrechu de Xibraltar, anque la subpoblaci\u00f3n d&#8217;orca que protagoniza estos casos distribuyise hasta&#8217;l Golfu de Vizcaya y ye habitual que mientres el branu mu\u00e9vense al norte, lo qu&#8217;esplicar\u00eda los sucesos d&#8217;estes \u00faltimes selmanes. Foi nel Estrechu de Xibraltar onde, el pas\u00e1u mes de mayu, produci\u00f3se&#8217;l primer fundimientu d&#8217;un barcu por causa de los golpes d&#8217;orques. Am\u00e1s de da\u00f1os nel tim\u00f3n, como asocedi\u00f3 ayeri en Llanes, la embarcaci\u00f3n tuvo una v\u00eda d&#8217;agua.<\/p>\n<p>Como esplica Adolfo Garc\u00eda, la so presencia nes ag\u00fces del norte ye habitual dende va dos a\u00f1os. Y los incidentes que se fueron rexistrando asina lo acoten. En Galicia, por casu, los primeres avistamientos tuvieron llugar en 2023 y en 2024 y\u00e1 hubo interacciones. En septiembre d&#8217;esi a\u00f1u inclusive les vio pola R\u00eda d&#8217;Arousa. En Cantabria, n&#8217;ochobre de 2024 unos pescadores de calamares tuvieron un bon plasmu en Suances, cuando recibieron dellos golpes de dos orques<\/p>\n","protected":false},"excerpt":{"rendered":"<p>Orques en Llanes: la banda de &#8216;*Gladis&#8217; pon n&#8217;alerta a la mari\u00f1a asturiana. Un veleru tuvo que ser arremolc\u00e1u en sufriendo da\u00f1os nel tim\u00f3n por golpes de les orques | Los espertos creen que son les mesmes que provocaron incidentes en Cantabria y Pa\u00eds Vascu. El Comercio Son un grupu d&#8217;ente tr\u00e9s y cuatro orques, [&hellip;]<\/p>\n","protected":false},"author":117,"featured_media":0,"comment_status":"closed","ping_status":"open","sticky":false,"template":"","format":"standard","meta":{"footnotes":""},"categories":[1],"tags":[],"class_list":["post-54131","post","type-post","status-publish","format-standard","hentry","category-sin-categoria"],"_links":{"self":[{"href":"https:\/\/edublog.educastur.es\/ixuxu\/wp-json\/wp\/v2\/posts\/54131","targetHints":{"allow":["GET"]}}],"collection":[{"href":"https:\/\/edublog.educastur.es\/ixuxu\/wp-json\/wp\/v2\/posts"}],"about":[{"href":"https:\/\/edublog.educastur.es\/ixuxu\/wp-json\/wp\/v2\/types\/post"}],"author":[{"embeddable":true,"href":"https:\/\/edublog.educastur.es\/ixuxu\/wp-json\/wp\/v2\/users\/117"}],"replies":[{"embeddable":true,"href":"https:\/\/edublog.educastur.es\/ixuxu\/wp-json\/wp\/v2\/comments?post=54131"}],"version-history":[{"count":1,"href":"https:\/\/edublog.educastur.es\/ixuxu\/wp-json\/wp\/v2\/posts\/54131\/revisions"}],"predecessor-version":[{"id":54132,"href":"https:\/\/edublog.educastur.es\/ixuxu\/wp-json\/wp\/v2\/posts\/54131\/revisions\/54132"}],"wp:attachment":[{"href":"https:\/\/edublog.educastur.es\/ixuxu\/wp-json\/wp\/v2\/media?parent=54131"}],"wp:term":[{"taxonomy":"category","embeddable":true,"href":"https:\/\/edublog.educastur.es\/ixuxu\/wp-json\/wp\/v2\/categories?post=54131"},{"taxonomy":"post_tag","embeddable":true,"href":"https:\/\/edublog.educastur.es\/ixuxu\/wp-json\/wp\/v2\/tags?post=54131"}],"curies":[{"name":"wp","href":"https:\/\/api.w.org\/{rel}","templated":true}]}}