{"id":54133,"date":"2025-08-05T11:00:24","date_gmt":"2025-08-05T09:00:24","guid":{"rendered":"https:\/\/edublog.educastur.es\/ixuxu\/?p=54133"},"modified":"2025-08-07T22:22:01","modified_gmt":"2025-08-07T20:22:01","slug":"xiringuelu-2025","status":"publish","type":"post","link":"https:\/\/edublog.educastur.es\/ixuxu\/2025\/08\/xiringuelu-2025\/","title":{"rendered":"Xiring\u00fcelu 2025"},"content":{"rendered":"<p style=\"text-align: center\"><a href=\"https:\/\/xiringuelu.es\/wp-content\/uploads\/2025\/06\/cartelfinal-819x1024.jpg\"><img loading=\"lazy\" decoding=\"async\" class=\"aligncenter size-large\" src=\"https:\/\/xiringuelu.es\/wp-content\/uploads\/2025\/06\/cartelfinal-819x1024.jpg\" width=\"819\" height=\"1024\" \/><\/a><\/p>\n<p><span style=\"color: #ffff99\"><em>Pravia cunta les hores para la gran romer\u00eda del Xiring\u00fcelu, anque los festexos van empezar el xueves. Miles de romeros van enllenar el domingu, 10 d&#8217;agostu, el prau Salc\u00e9u y van compartir comida, bebida, bailles y, sobremanera, muncha diversi\u00f3n. Anque&#8217;l d\u00eda grande d&#8217;estes fiestes pravianes va ser el domingu, el voltaxe festivu va dir aument\u00e1u dende esti xueves, d\u00eda 7, cuando los m\u00e1s pequenos van celebrar el so propiu Xirin.<\/em><\/span><\/p>\n","protected":false},"excerpt":{"rendered":"<p>Pravia cunta les hores para la gran romer\u00eda del Xiring\u00fcelu, anque los festexos van empezar el xueves. Miles de romeros van enllenar el domingu, 10 d&#8217;agostu, el prau Salc\u00e9u y van compartir comida, bebida, bailles y, sobremanera, muncha diversi\u00f3n. Anque&#8217;l d\u00eda grande d&#8217;estes fiestes pravianes va ser el domingu, el voltaxe festivu va dir aument\u00e1u [&hellip;]<\/p>\n","protected":false},"author":117,"featured_media":0,"comment_status":"closed","ping_status":"open","sticky":false,"template":"","format":"aside","meta":{"footnotes":""},"categories":[21],"tags":[],"class_list":["post-54133","post","type-post","status-publish","format-aside","hentry","category-fiestes","post_format-post-format-aside"],"_links":{"self":[{"href":"https:\/\/edublog.educastur.es\/ixuxu\/wp-json\/wp\/v2\/posts\/54133","targetHints":{"allow":["GET"]}}],"collection":[{"href":"https:\/\/edublog.educastur.es\/ixuxu\/wp-json\/wp\/v2\/posts"}],"about":[{"href":"https:\/\/edublog.educastur.es\/ixuxu\/wp-json\/wp\/v2\/types\/post"}],"author":[{"embeddable":true,"href":"https:\/\/edublog.educastur.es\/ixuxu\/wp-json\/wp\/v2\/users\/117"}],"replies":[{"embeddable":true,"href":"https:\/\/edublog.educastur.es\/ixuxu\/wp-json\/wp\/v2\/comments?post=54133"}],"version-history":[{"count":5,"href":"https:\/\/edublog.educastur.es\/ixuxu\/wp-json\/wp\/v2\/posts\/54133\/revisions"}],"predecessor-version":[{"id":55112,"href":"https:\/\/edublog.educastur.es\/ixuxu\/wp-json\/wp\/v2\/posts\/54133\/revisions\/55112"}],"wp:attachment":[{"href":"https:\/\/edublog.educastur.es\/ixuxu\/wp-json\/wp\/v2\/media?parent=54133"}],"wp:term":[{"taxonomy":"category","embeddable":true,"href":"https:\/\/edublog.educastur.es\/ixuxu\/wp-json\/wp\/v2\/categories?post=54133"},{"taxonomy":"post_tag","embeddable":true,"href":"https:\/\/edublog.educastur.es\/ixuxu\/wp-json\/wp\/v2\/tags?post=54133"}],"curies":[{"name":"wp","href":"https:\/\/api.w.org\/{rel}","templated":true}]}}