{"id":54137,"date":"2025-07-27T08:20:37","date_gmt":"2025-07-27T06:20:37","guid":{"rendered":"https:\/\/edublog.educastur.es\/ixuxu\/?p=54137"},"modified":"2025-07-27T00:05:27","modified_gmt":"2025-07-26T22:05:27","slug":"el-tiempu-el-comercio-103","status":"publish","type":"post","link":"https:\/\/edublog.educastur.es\/ixuxu\/2025\/07\/el-tiempu-el-comercio-103\/","title":{"rendered":"El tiempu (El Comercio)"},"content":{"rendered":"<p style=\"text-align: center\"><a href=\"https:\/\/s2.ppllstatics.com\/elcomercio\/www\/multimedia\/2025\/07\/26\/prevision-tiempo-asturias-kCVB-U2301948938566Ca-1200x860@El%20Comercio.jpg\"><img loading=\"lazy\" decoding=\"async\" class=\"aligncenter size-large\" src=\"https:\/\/s2.ppllstatics.com\/elcomercio\/www\/multimedia\/2025\/07\/26\/prevision-tiempo-asturias-kCVB-U2301948938566Ca-1200x860@El%20Comercio.jpg\" width=\"1200\" height=\"860\" \/> <\/a><\/p>\n<p style=\"text-align: left\">Esperamos una xornada estable na que nun se preven precipitaciones en neng\u00fan momentu del d\u00eda. <strong>Pela ma\u00f1ana<\/strong> vamos tener intervalos de nubes altes polo qu&#8217;en pr\u00e1cticamente tol Princip\u00e1u&#8217;l cielu va tar atapec\u00edu. Asina tou, va haber momentos de grandes claros nes hores centrales de la xornada. Pero, a lo <strong>llargo de la tarde<\/strong>, van apaecer nubes baxes pola mari\u00f1a que se van acabar estendiendo tami\u00e9n escontra l&#8217;interior. <strong>Los vientos<\/strong> van ser fluexos predominando de norte. <strong>Les temperatures m\u00e1ximes<\/strong> van xubir llixeramente nel interior y van caltenese nel restu.<strong> Les m\u00ednimes<\/strong> van xubir na met\u00e1 oriental y nun van variar na occidental.<\/p>\n<p><!--more--><\/p>\n<p style=\"text-align: left\"><strong>El llunes<\/strong> va ser un d\u00eda totalmente distintu al de g\u00fcei. <strong>Los cielos<\/strong> van tar cubiertos de nubes en tola rex\u00f3n. Esta nubosid\u00e1, am\u00e1s, va dexar precipitaciones d\u00e9biles mientres el d\u00eda. <strong>Los vientos<\/strong> van siguir predominando de componente norte fluexos y <strong>les temperatures<\/strong> van baxar nel casu de les m\u00e1ximes de forma xeneralizada hasta 4 o 5 \u00baC.<strong> Les m\u00ednimes<\/strong>, sicas\u00ed, van xubir cola presencia de les nubes.<\/p>\n","protected":false},"excerpt":{"rendered":"<p>Esperamos una xornada estable na que nun se preven precipitaciones en neng\u00fan momentu del d\u00eda. Pela ma\u00f1ana vamos tener intervalos de nubes altes polo qu&#8217;en pr\u00e1cticamente tol Princip\u00e1u&#8217;l cielu va tar atapec\u00edu. Asina tou, va haber momentos de grandes claros nes hores centrales de la xornada. Pero, a lo llargo de la tarde, van apaecer [&hellip;]<\/p>\n","protected":false},"author":117,"featured_media":0,"comment_status":"closed","ping_status":"open","sticky":false,"template":"","format":"standard","meta":{"footnotes":""},"categories":[5],"tags":[],"class_list":["post-54137","post","type-post","status-publish","format-standard","hentry","category-tiempu"],"_links":{"self":[{"href":"https:\/\/edublog.educastur.es\/ixuxu\/wp-json\/wp\/v2\/posts\/54137","targetHints":{"allow":["GET"]}}],"collection":[{"href":"https:\/\/edublog.educastur.es\/ixuxu\/wp-json\/wp\/v2\/posts"}],"about":[{"href":"https:\/\/edublog.educastur.es\/ixuxu\/wp-json\/wp\/v2\/types\/post"}],"author":[{"embeddable":true,"href":"https:\/\/edublog.educastur.es\/ixuxu\/wp-json\/wp\/v2\/users\/117"}],"replies":[{"embeddable":true,"href":"https:\/\/edublog.educastur.es\/ixuxu\/wp-json\/wp\/v2\/comments?post=54137"}],"version-history":[{"count":3,"href":"https:\/\/edublog.educastur.es\/ixuxu\/wp-json\/wp\/v2\/posts\/54137\/revisions"}],"predecessor-version":[{"id":54140,"href":"https:\/\/edublog.educastur.es\/ixuxu\/wp-json\/wp\/v2\/posts\/54137\/revisions\/54140"}],"wp:attachment":[{"href":"https:\/\/edublog.educastur.es\/ixuxu\/wp-json\/wp\/v2\/media?parent=54137"}],"wp:term":[{"taxonomy":"category","embeddable":true,"href":"https:\/\/edublog.educastur.es\/ixuxu\/wp-json\/wp\/v2\/categories?post=54137"},{"taxonomy":"post_tag","embeddable":true,"href":"https:\/\/edublog.educastur.es\/ixuxu\/wp-json\/wp\/v2\/tags?post=54137"}],"curies":[{"name":"wp","href":"https:\/\/api.w.org\/{rel}","templated":true}]}}