{"id":54144,"date":"2025-07-27T13:33:35","date_gmt":"2025-07-27T11:33:35","guid":{"rendered":"https:\/\/edublog.educastur.es\/ixuxu\/?p=54144"},"modified":"2025-07-27T13:33:35","modified_gmt":"2025-07-27T11:33:35","slug":"una-sablera-asturiana-protagonista-del-cupon-del-once-del-31-de-xunetu","status":"publish","type":"post","link":"https:\/\/edublog.educastur.es\/ixuxu\/2025\/07\/una-sablera-asturiana-protagonista-del-cupon-del-once-del-31-de-xunetu\/","title":{"rendered":"Una sablera asturiana, protagonista del cup\u00f3n del ONCE del 31 de xunetu"},"content":{"rendered":"<p style=\"text-align: center\"><a href=\"https:\/\/purple-cdn.web-apps-prod.wo-cloud.com\/purple\/0f7a645f-e3c1-4a9c-a6dd-ccfa5dff68a7\/ccaeda65-166e-49c6-bbcd-ece973f0339c\/91230c75-ad18-46a1-815c-d3f4d7c5a654\/3c0d7920-8088-4113-bd47-68852dd9c007.jpg\">La Voz<\/a><\/p>\n<p style=\"text-align: center\"><a href=\"https:\/\/img.lavdg.com\/sc\/uO_CqJ3thTjk1NuQ2Kj6H7ws0kI=\/768x\/2020\/06\/20\/00121592641877530732847\/Foto\/rodiles.jpg\"><img loading=\"lazy\" decoding=\"async\" class=\"aligncenter size-large\" src=\"https:\/\/img.lavdg.com\/sc\/uO_CqJ3thTjk1NuQ2Kj6H7ws0kI=\/768x\/2020\/06\/20\/00121592641877530732847\/Foto\/rodiles.jpg\" width=\"768\" height=\"432\" \/><\/a><\/p>\n<p style=\"text-align: center\">Sablera de Rodiles, en Villaviciosa<\/p>\n<p>La sablera de Rodiles va ser la imaxe del cup\u00f3n del ONCE correspondiente al pr\u00f3ximu xueves, 31 de xunetu, dientro de la serie <strong>Sableres con bandera, que pretende dar visibilid\u00e1 a les dos sableres m\u00e1s reconoc\u00edes cola Bandera Azul en cada provincia. <\/strong>\u00a0Cinco millones de cupones van espublizar por toa Espa\u00f1a esta emblem\u00e1tica sablera asturiana, allugada nel conceyu de Villaviciosa.\u00a0<strong>La iniciativa, que se llanza en 2025<\/strong>, va siguir nos branos de los pr\u00f3ximos a\u00f1os col fin de poner en valor y fomentar el caltenimientu d&#8217;estos espacios naturales.<\/p>\n<p>El Cup\u00f3n Diariu del ONCE pon en xuegu un premiu de 500.000 euros al n\u00famberu m\u00e1s la serie y 49 premios de 35.000 euros a los cinco cifres del n\u00famberu premi\u00e1u. Am\u00e1s, 450 premios de 250 euros a los cuatro primeres cifres y otros 450 premios a los cuatro \u00faltimes; 9.000 premios de 25 euros nel casu de tr\u00e9s \u00faltimes o tr\u00e9s primeres; y lo mesmo para los dos primeres y \u00faltimes (6 euros) y reintegru de 2 euros a la primera o la \u00faltima cifra del n\u00famberu premi\u00e1u.<\/p>\n","protected":false},"excerpt":{"rendered":"<p>La Voz Sablera de Rodiles, en Villaviciosa La sablera de Rodiles va ser la imaxe del cup\u00f3n del ONCE correspondiente al pr\u00f3ximu xueves, 31 de xunetu, dientro de la serie Sableres con bandera, que pretende dar visibilid\u00e1 a les dos sableres m\u00e1s reconoc\u00edes cola Bandera Azul en cada provincia. \u00a0Cinco millones de cupones van espublizar [&hellip;]<\/p>\n","protected":false},"author":117,"featured_media":0,"comment_status":"closed","ping_status":"open","sticky":false,"template":"","format":"standard","meta":{"footnotes":""},"categories":[93],"tags":[],"class_list":["post-54144","post","type-post","status-publish","format-standard","hentry","category-sableres"],"_links":{"self":[{"href":"https:\/\/edublog.educastur.es\/ixuxu\/wp-json\/wp\/v2\/posts\/54144","targetHints":{"allow":["GET"]}}],"collection":[{"href":"https:\/\/edublog.educastur.es\/ixuxu\/wp-json\/wp\/v2\/posts"}],"about":[{"href":"https:\/\/edublog.educastur.es\/ixuxu\/wp-json\/wp\/v2\/types\/post"}],"author":[{"embeddable":true,"href":"https:\/\/edublog.educastur.es\/ixuxu\/wp-json\/wp\/v2\/users\/117"}],"replies":[{"embeddable":true,"href":"https:\/\/edublog.educastur.es\/ixuxu\/wp-json\/wp\/v2\/comments?post=54144"}],"version-history":[{"count":2,"href":"https:\/\/edublog.educastur.es\/ixuxu\/wp-json\/wp\/v2\/posts\/54144\/revisions"}],"predecessor-version":[{"id":54146,"href":"https:\/\/edublog.educastur.es\/ixuxu\/wp-json\/wp\/v2\/posts\/54144\/revisions\/54146"}],"wp:attachment":[{"href":"https:\/\/edublog.educastur.es\/ixuxu\/wp-json\/wp\/v2\/media?parent=54144"}],"wp:term":[{"taxonomy":"category","embeddable":true,"href":"https:\/\/edublog.educastur.es\/ixuxu\/wp-json\/wp\/v2\/categories?post=54144"},{"taxonomy":"post_tag","embeddable":true,"href":"https:\/\/edublog.educastur.es\/ixuxu\/wp-json\/wp\/v2\/tags?post=54144"}],"curies":[{"name":"wp","href":"https:\/\/api.w.org\/{rel}","templated":true}]}}