{"id":54147,"date":"2025-07-27T13:43:09","date_gmt":"2025-07-27T11:43:09","guid":{"rendered":"https:\/\/edublog.educastur.es\/ixuxu\/?p=54147"},"modified":"2025-07-27T14:45:48","modified_gmt":"2025-07-27T12:45:48","slug":"alba-ye-treslladada-a-llion-para-completar-la-so-adaptacion-al-mediu-natural","status":"publish","type":"post","link":"https:\/\/edublog.educastur.es\/ixuxu\/2025\/07\/alba-ye-treslladada-a-llion-para-completar-la-so-adaptacion-al-mediu-natural\/","title":{"rendered":"Alba ye treslladada a Lli\u00f3n para completar la so adaptaci\u00f3n al mediu natural"},"content":{"rendered":"<ul>\n<li><a href=\"https:\/\/www.lavozdeasturias.es\/noticia\/asturias\/2025\/07\/27\/osezna-alba-rescatada-tevergatrasladada-leon-completar-adaptacion-medio-natural\/00031753609067010777460.htm\"><strong>La Voz<\/strong><\/a> \/<\/li>\n<\/ul>\n<p style=\"text-align: center\"><a href=\"https:\/\/img.lavdg.com\/sc\/QDgZRdvHPrppNu8OrB9v4Z2CSIY=\/768x\/2025\/04\/14\/00121744633933004223270\/Foto\/59.jpg\"><img loading=\"lazy\" decoding=\"async\" class=\"aligncenter size-large\" src=\"https:\/\/img.lavdg.com\/sc\/QDgZRdvHPrppNu8OrB9v4Z2CSIY=\/768x\/2025\/04\/14\/00121744633933004223270\/Foto\/59.jpg\" width=\"768\" height=\"432\" \/><\/a><\/p>\n<p>La osezna Alba, rescatada en Teberga, <strong>ye treslladada a Lli\u00f3n para completar la so adaptaci\u00f3n al mediu natural.<\/strong> L&#8217;animal foi rescat\u00e1u a mediaos d&#8217;abril por axentes del Mediu Natural del Princip\u00e1u. Alba, la cr\u00eda d&#8217;osu pardu cant\u00e1bricu rescatada a mediaos d&#8217;abril por axentes del Mediu Natural del Princip\u00e1u nel conceyu de Teberga foi treslladada a la cortil d&#8217;aclimataci\u00f3n d&#8217;osos pardos del monte de Valsemana.<\/p>\n<p><!--more--><\/p>\n<p>Les instalaciones de Valsemana afacer en 2019 pa poder allugar exemplares d&#8217;osu pardu en semilibert\u00e1, nuna fase previa a la so lliberaci\u00f3n y dende ent\u00f3s pasaron pell\u00ed seis esbardos.\u00a0Alba atopase dende la so recoyida nel Centru de Recuperaci\u00f3n de la Fauna Montesa de Villaescusa, en Cantabria.<\/p>\n<p><strong>La osezna, de 2,1 kilogramos de pesu, foi rescatada en constatando que nun yera posible&#8217;l realcuentru cola so madre en condiciones de segurid\u00e1. L&#8217;animal foi top\u00e1u nel marcu del programa de siguimientu d&#8217;oses con cr\u00eda.<\/strong><\/p>\n<p><strong>\u00c9nte&#8217;l riesgu de deshidrataci\u00f3n, sometiose a revisi\u00f3n nuna cl\u00ednica veterinaria n&#8217;Uvi\u00e9u<\/strong>, onde se confirm\u00f3 que nun presentaba mancaes nin patolox\u00edes y dende ell\u00ed foi treslladada al Centru de Recuperaci\u00f3n de Fauna Montesa de Cantabria, onde permaneci\u00f3 hasta&#8217;l pas\u00e1u xueves.<\/p>\n<p>Pa completar la so adaptaci\u00f3n al mediu natural y ameyorar les sos posibilidaes de supervivencia, agora foi treslladada a les instalaciones d&#8217;aclimataci\u00f3n d&#8217;osos pardos que la Xunta de Castiella y Lli\u00f3n xestiona na finca de Valsemana, <strong>onde va permanecer ente unu y dos meses, antes del so reintroducci\u00f3n al mediu natural.<\/strong><\/p>\n<p>Estes decisiones alcordarense ente les tr\u00e9s comunidaes aut\u00f3nomes, que trabayen de manera conxunta pol bienestar y la recuperaci\u00f3n de los osos pardos cant\u00e1bricos, informa&#8217;l Gobiernu del Princip\u00e1u.<\/p>\n<p>Les instalaciones de Valsemana pa poder allugar exemplares d&#8217;osu pardu en semilibert\u00e1, n&#8217;una fase previa a la so lliberaci\u00f3n.<strong> Dende ent\u00f3s pasaron pell\u00ed seis esbardos:<\/strong><\/p>\n<ul>\n<li><strong>Saba<\/strong> (2019). Esta osa llogr\u00f3 reproducise en llibert\u00e1.<\/li>\n<li><strong>\u00c9ndriga<\/strong> (2020).<\/li>\n<li><strong>Mart\u00edn<\/strong> (2022), procedente de la localid\u00e1 lleonesa de San Mart\u00edn del Moru Toledanu.<\/li>\n<li><strong>Cova<\/strong>, regogida n&#8217;Asturies, y Barniedo, esbardo top\u00e1u en Lli\u00f3n (2024).<\/li>\n<\/ul>\n","protected":false},"excerpt":{"rendered":"<p>La Voz \/ La osezna Alba, rescatada en Teberga, ye treslladada a Lli\u00f3n para completar la so adaptaci\u00f3n al mediu natural. L&#8217;animal foi rescat\u00e1u a mediaos d&#8217;abril por axentes del Mediu Natural del Princip\u00e1u. Alba, la cr\u00eda d&#8217;osu pardu cant\u00e1bricu rescatada a mediaos d&#8217;abril por axentes del Mediu Natural del Princip\u00e1u nel conceyu de Teberga [&hellip;]<\/p>\n","protected":false},"author":117,"featured_media":0,"comment_status":"closed","ping_status":"open","sticky":false,"template":"","format":"standard","meta":{"footnotes":""},"categories":[1],"tags":[],"class_list":["post-54147","post","type-post","status-publish","format-standard","hentry","category-sin-categoria"],"_links":{"self":[{"href":"https:\/\/edublog.educastur.es\/ixuxu\/wp-json\/wp\/v2\/posts\/54147","targetHints":{"allow":["GET"]}}],"collection":[{"href":"https:\/\/edublog.educastur.es\/ixuxu\/wp-json\/wp\/v2\/posts"}],"about":[{"href":"https:\/\/edublog.educastur.es\/ixuxu\/wp-json\/wp\/v2\/types\/post"}],"author":[{"embeddable":true,"href":"https:\/\/edublog.educastur.es\/ixuxu\/wp-json\/wp\/v2\/users\/117"}],"replies":[{"embeddable":true,"href":"https:\/\/edublog.educastur.es\/ixuxu\/wp-json\/wp\/v2\/comments?post=54147"}],"version-history":[{"count":3,"href":"https:\/\/edublog.educastur.es\/ixuxu\/wp-json\/wp\/v2\/posts\/54147\/revisions"}],"predecessor-version":[{"id":54192,"href":"https:\/\/edublog.educastur.es\/ixuxu\/wp-json\/wp\/v2\/posts\/54147\/revisions\/54192"}],"wp:attachment":[{"href":"https:\/\/edublog.educastur.es\/ixuxu\/wp-json\/wp\/v2\/media?parent=54147"}],"wp:term":[{"taxonomy":"category","embeddable":true,"href":"https:\/\/edublog.educastur.es\/ixuxu\/wp-json\/wp\/v2\/categories?post=54147"},{"taxonomy":"post_tag","embeddable":true,"href":"https:\/\/edublog.educastur.es\/ixuxu\/wp-json\/wp\/v2\/tags?post=54147"}],"curies":[{"name":"wp","href":"https:\/\/api.w.org\/{rel}","templated":true}]}}