{"id":54157,"date":"2025-07-27T13:53:36","date_gmt":"2025-07-27T11:53:36","guid":{"rendered":"https:\/\/edublog.educastur.es\/ixuxu\/?p=54157"},"modified":"2025-07-27T13:53:36","modified_gmt":"2025-07-27T11:53:36","slug":"asturies-va-recibir-anguano-3-754-millones-del-estau-nentregues-a-cuenta","status":"publish","type":"post","link":"https:\/\/edublog.educastur.es\/ixuxu\/2025\/07\/asturies-va-recibir-anguano-3-754-millones-del-estau-nentregues-a-cuenta\/","title":{"rendered":"Asturies va recibir angua\u00f1o 3.754 millones del Est\u00e1u n&#8217;entregues a cuenta"},"content":{"rendered":"<ul>\n<li class=\"font-size-xxl margin-b-5 font-weight-b color-b-050 letter-spacing--1 fuente-corporativa\"><a href=\"https:\/\/www.rtpa.es\/noticias-economia-ast\/2025-07-26\/Asturies-va-recibir-angua\u00f1o-3.754-millones-del-Estau-n'entregues-a-cuenta_111753519779.html\">Asturies va recibir angua\u00f1o 3.754 millones del Est\u00e1u n&#8217;entregues a cuenta. TPA<\/a><\/li>\n<\/ul>\n<p style=\"text-align: center\"><a href=\"https:\/\/www.rtpa.es\/fotos\/\/22\/04\/20220405133039_RTPA1973905.jpg\"><img loading=\"lazy\" decoding=\"async\" class=\"aligncenter size-large\" src=\"https:\/\/www.rtpa.es\/fotos\/\/22\/04\/20220405133039_RTPA1973905.jpg\" width=\"853\" height=\"480\" \/><\/a><\/p>\n<p class=\"font-size-m padding-b-20 font-weight-b margin-t-16\">\u00a0Les arques auton\u00f3miques d&#8217;Asturies van recibir del Est\u00e1u angua\u00f1o un total de 3.754,26 millones d&#8217;euros n&#8217;entregues a cuenta, lo que <strong>representa una medr\u00eda del 8,56% al respective de 2024.\u00a0<\/strong>L&#8217;Est\u00e1u tien previsto abonar esti mes a les comunidaes aut\u00f3nomes 9.952 millones d&#8217;euros en conceutu d&#8217;atrasos de les entregues a cuenta de 2025, actualizaes por fin tres la convalidaci\u00f3n esta selmana nel Congresu del real decretu llei qu&#8217;aprob\u00f3&#8217;l Gobiernu fai daqu\u00e9 m\u00e1s d&#8217;un mes.<\/p>\n<p>Fuentes del Ministeriu de Facienda informaron a EFE de que la previsi\u00f3n ye qu&#8217;esos pagos, correspondientes a los meses de xineru a xunu, se dean a finales d&#8217;esti mes y que tami\u00e9n s&#8217;abonar\u00e1 nesi plazu la lliquidaci\u00f3n correspondiente a 2023, lo que va suponer en conxuntu m\u00e1s de 21.600 millones d&#8217;euros pa les arques de les autonom\u00edes de r\u00e9xime com\u00fan -toes menos Navarra y Pa\u00eds Vascu-. La Comunid\u00e1 Valenciana, la que m\u00e1s meyora.<\/p>\n","protected":false},"excerpt":{"rendered":"<p>Asturies va recibir angua\u00f1o 3.754 millones del Est\u00e1u n&#8217;entregues a cuenta. TPA \u00a0Les arques auton\u00f3miques d&#8217;Asturies van recibir del Est\u00e1u angua\u00f1o un total de 3.754,26 millones d&#8217;euros n&#8217;entregues a cuenta, lo que representa una medr\u00eda del 8,56% al respective de 2024.\u00a0L&#8217;Est\u00e1u tien previsto abonar esti mes a les comunidaes aut\u00f3nomes 9.952 millones d&#8217;euros en conceutu [&hellip;]<\/p>\n","protected":false},"author":117,"featured_media":0,"comment_status":"closed","ping_status":"open","sticky":false,"template":"","format":"standard","meta":{"footnotes":""},"categories":[271],"tags":[],"class_list":["post-54157","post","type-post","status-publish","format-standard","hentry","category-economia"],"_links":{"self":[{"href":"https:\/\/edublog.educastur.es\/ixuxu\/wp-json\/wp\/v2\/posts\/54157","targetHints":{"allow":["GET"]}}],"collection":[{"href":"https:\/\/edublog.educastur.es\/ixuxu\/wp-json\/wp\/v2\/posts"}],"about":[{"href":"https:\/\/edublog.educastur.es\/ixuxu\/wp-json\/wp\/v2\/types\/post"}],"author":[{"embeddable":true,"href":"https:\/\/edublog.educastur.es\/ixuxu\/wp-json\/wp\/v2\/users\/117"}],"replies":[{"embeddable":true,"href":"https:\/\/edublog.educastur.es\/ixuxu\/wp-json\/wp\/v2\/comments?post=54157"}],"version-history":[{"count":1,"href":"https:\/\/edublog.educastur.es\/ixuxu\/wp-json\/wp\/v2\/posts\/54157\/revisions"}],"predecessor-version":[{"id":54158,"href":"https:\/\/edublog.educastur.es\/ixuxu\/wp-json\/wp\/v2\/posts\/54157\/revisions\/54158"}],"wp:attachment":[{"href":"https:\/\/edublog.educastur.es\/ixuxu\/wp-json\/wp\/v2\/media?parent=54157"}],"wp:term":[{"taxonomy":"category","embeddable":true,"href":"https:\/\/edublog.educastur.es\/ixuxu\/wp-json\/wp\/v2\/categories?post=54157"},{"taxonomy":"post_tag","embeddable":true,"href":"https:\/\/edublog.educastur.es\/ixuxu\/wp-json\/wp\/v2\/tags?post=54157"}],"curies":[{"name":"wp","href":"https:\/\/api.w.org\/{rel}","templated":true}]}}