{"id":54159,"date":"2025-07-27T13:57:36","date_gmt":"2025-07-27T11:57:36","guid":{"rendered":"https:\/\/edublog.educastur.es\/ixuxu\/?p=54159"},"modified":"2025-07-28T13:44:27","modified_gmt":"2025-07-28T11:44:27","slug":"los-premios-eisner-de-comic-reconocen-al-asturianu-javier-rodriguez","status":"publish","type":"post","link":"https:\/\/edublog.educastur.es\/ixuxu\/2025\/07\/los-premios-eisner-de-comic-reconocen-al-asturianu-javier-rodriguez\/","title":{"rendered":"Los premios Eisner, de c\u00f3mic, reconocen al asturianu Javier Rodr\u00edguez"},"content":{"rendered":"<div class=\"padding-t-35\">\n<p class=\"font-size-xxl margin-b-5 font-weight-b color-b-050 letter-spacing--1 fuente-corporativa\">Los premios Eisner reconocen al asturianu <a href=\"https:\/\/es.wikipedia.org\/wiki\/Javier_Rodr\u00edguez_(artista)\"><strong>Javier Rodr\u00edguez<\/strong> <\/a>y a la llibrer\u00eda Akira de Madrid. Los premios Eisner, consideraos como los \u00d3scar del c\u00f3mic, premiaron na so 37 edici\u00f3n al dibuxante asturianu Javier Rodr\u00edguez y a la llibrer\u00eda Akira Comics, de Madrid, que consigue\u2019l segundu reconocimientu na hestoria d\u2019estos premios. <span style=\"font-size: 16px\">Galard\u00f3n a la meyor serie llendada con &#8216;Zatanna: Abajo la sala&#8217;, de DC Comics. <a href=\"https:\/\/es.wikipedia.org\/wiki\/Javier_Rodr\u00edguez_(artista)\">Web de Javier<\/a> \/<a href=\"https:\/\/www.lne.es\/asturias-exterior\/2025\/07\/28\/asturiano-cotizado-meca-estadounidense-comic-120115153.html?utm_content=imagen&amp;utm_medium=social&amp;utm_campaign=echobox&amp;utm_source=Facebook&amp;fbclid=IwY2xjawL0OitleHRuA2FlbQIxMABicmlkETFIa3BiZktqMDJDSnQ0REJhAR5V0qvenuwY9h3RVSsoYjeWzDYqnmomEV36hxhjC9t7QQ48nwaJFPL5pC2dgg_aem_T0cdPj0C0h_4ZLUH0mH4zw#Echobox=1753687190\"><strong> LNE<\/strong><\/a> \/<a href=\"https:\/\/www.elcomercio.es\/culturas\/comic-espanol-internacional-nunca-premios-eisner-20250725000245-ntrc.html#vtm_modulosEngag=historias-visuales:portada:noticia:2\"> El Comercio<\/a> \/<\/span><\/p>\n<p style=\"text-align: center\"><a href=\"https:\/\/www.rtpa.es\/fotos\/\/25\/07\/20250726164845_RTPA6907212.webp\"><img loading=\"lazy\" decoding=\"async\" class=\"aligncenter size-large\" src=\"https:\/\/www.rtpa.es\/fotos\/\/25\/07\/20250726164845_RTPA6907212.webp\" width=\"853\" height=\"480\" \/><\/a><\/p>\n<p>&nbsp;<\/p>\n<\/div>\n<p><!--more--><\/p>\n<div id=\"noticiacompleta\" class=\"parragraph-padding font-c-conent\">\n<p>Javier Rodr\u00edguez (Uvi\u00e9u, 1972) gan\u00f3\u2019l so primer Eisner a meyor serie llendada nuna gala que tuvo llugar el vienres pela nueche na Comic-Con de San Diego (Estaos Xun\u00edos), que se celebra hasta esti domingu.<\/p>\n<p style=\"text-align: center\"><a href=\"https:\/\/estaticos-cdn.prensaiberica.es\/clip\/ee291e75-0dab-4d43-80bb-5d51833e8c5d_16-9-discover-aspect-ratio_default_0_x844y474.webp\"><img loading=\"lazy\" decoding=\"async\" class=\"aligncenter size-large\" src=\"https:\/\/estaticos-cdn.prensaiberica.es\/clip\/ee291e75-0dab-4d43-80bb-5d51833e8c5d_16-9-discover-aspect-ratio_default_0_x844y474.webp\" width=\"1200\" height=\"675\" \/><\/a><\/p>\n<p>La serie ye una publicaci\u00f3n de DC Black Label que foi eloxada pola so narrativa visual y les sos composiciones. Ye un c\u00f3mic de maxa y acci\u00f3n nel que\u2019l personaxe principal (Zatanna) enfrenta traumes y duldes y pescuda los sos mieos y inseguridaes.<\/p>\n<p>Rodr\u00edguez ye dibuxante, colorista y escritor. Ente los sos trabayos m\u00e1s destacaos t\u00e1n Batgirl: Year One, Daredevil y The Amazing Spider-Man.<\/p>\n<p>Rodr\u00edguez gan\u00f3 nuna de les tres nominaciones a les qu\u2019aspiraba cola so obra &#8216;Zatanna. Bring Down the House&#8217;, espublizada con gui\u00f3n de la canadiense Mariko Tamaki.<\/p>\n<p>L&#8217;asturianu bien cotiz\u00e1u na meca estadounidense del c\u00f3mic que trunf\u00f3 en San Diego: \u00abTener un premiu &#8216;Eisner&#8217; ye un cu\u00f1u de garant\u00eda a la to obra, te respuende por\u00bb. <strong>Ye uvie\u00edn, trabaya dende Xix\u00f3n para la gran industria norteamericano del c\u00f3mic y ac\u00e1benlu de dar el \u00abEisner\u00bb \u2013\u00bbOscar\u00bb del arte gr\u00e1fico\u2013 por \u00abZatanna: embaxo la sala\u00bb<\/strong><\/p>\n<p>Javier Rodr\u00edguez (Uvi\u00e9u, 1972) lleva trenta a\u00f1os dibuxando c\u00f3mics. Toa esa carrera, y n&#8217;especial l&#8217;esfuerzu que dedic\u00f3 va un a\u00f1u a la <strong>miniserie \u00abZatanna: Bring Down The House\u00bb (\u00abEmbaxo la sala\u00bb)<\/strong> para DC Comics, con guion de la canadiense Mariko Tamaki, viose compens\u00e1u&#8217;l pas\u00e1u s\u00e1badu col premiu \u00abEisner\u00bb a la meyor miniserie del a\u00f1u na Comic-con de San Diego.<\/p>\n<ul>\n<li><strong>-Tener un \u00abEisner\u00bb. \u00bfQu\u00e9 lu pasa pela cabeza?<\/strong><\/li>\n<\/ul>\n<p>-Ye enforma xubid\u00f3n. Solo tar nom\u00e1u, yera la primer vegada, y en tr\u00e9s categor\u00edes, y\u00e1 yera la hostia. Esti c\u00f3mic en concretu diome enforma trabayu, tuvi zarr\u00e1u cuatro meses para acabalo, y foi d&#8217;esos momentos en que notes daqu\u00e9 importante na to carrera, un camb\u00e9u de marcha. Cola ed\u00e1 que tengo y\u00e1 ye dif\u00edcil dar xiros grandes, pero empec\u00e9 a trabayar d&#8217;otra manera, nel dibuxu, en #el color, na manera de cuntar la hestoria. Que te lo reconozan ye una allegr\u00eda.<\/p>\n<ul>\n<li><strong>-\u00bfC\u00f3mo foi ese camudo?<\/strong><\/li>\n<\/ul>\n<p>-Ven\u00eda de tar munchos a\u00f1os con Marvel, y DC Comics, colos qu&#8217;empezara de colorista fai enforma, abri\u00e9ronme les puertes mientres la pandemia a proyectos bien chulos. Gust\u00f3me lo que me dexaron faer, y cuando me propunxeron \u00abZatanna\u00bb para una serie llindada, autoconclusiva, na que como llector nun precises saber nada del personaxe, y pudiendo ocupame de too l&#8217;apart\u00e1u gr\u00e1ficu, fui de cabeza. La guionista, Mariko, ten\u00eda enforma trabayu, y el guion retras\u00f3se, asina que DC diome pol mediu un Superman, \u00abLa ll\u00e1mpara negra\u00bb, escritu por Christopher Cantwell. Eso dex\u00f3me llegar a \u00abZatanna\u00bb bien engras\u00e1u nun trabayu de colores planos, ll\u00ednea clara y bien centr\u00e1u nel dise\u00f1u de la p\u00e1xina.<\/p>\n<p style=\"text-align: center\"><a href=\"https:\/\/estaticos-cdn.prensaiberica.es\/clip\/a4989757-45a6-49aa-9b07-3f8bdabe9ce8_source-aspect-ratio_default_0.webp\"><img loading=\"lazy\" decoding=\"async\" class=\"aligncenter size-large\" src=\"https:\/\/estaticos-cdn.prensaiberica.es\/clip\/a4989757-45a6-49aa-9b07-3f8bdabe9ce8_source-aspect-ratio_default_0.webp\" width=\"594\" height=\"885\" \/><\/a><br \/>\nLa portada del c\u00f3mic premi\u00e1u. \/ LNE<\/p>\n<ul>\n<li><strong>-\u00bfC\u00f3mo ye Zatanna y qu\u00e9 pudo faer con ella?<\/strong><\/li>\n<\/ul>\n<p>-Ye un personaxe un pocu de serie B dientro de la editorial. Va vistida de maga, con calca\u00f1aes, sombreru de copa.. Equ\u00ed Mariko fixo como un \u00abBatman a\u00f1u unu\u00bb, l&#8217;orixe del personaxe. Pero nun precis\u00e1bamos neng\u00fan venceyu previu, pod\u00edamos trabayar de cero. Y eso encant\u00f3me. Na hestoria ye una muyer que trabaya en Les Vegues nun espect\u00e1culu de maxa ven\u00edu a menos nel que les families, cola entrada, tienen el men\u00fa y la piscina. Ye tou un pocu deprimente. Dempu\u00e9s hai un xiru, conoz los sos poderes, enfrentase a esa situaci\u00f3n\u2026 Ye bien entreten\u00edu porque&#8217;l personaxe inicial ye una maga con medies de los sesenta pero f\u00eda d&#8217;un personaxe de DC de los a\u00f1os 30 y que yera una especie de Mandrake El Magu pero d&#8217;Hacendado.<\/p>\n<ul>\n<li><strong>-Cuando falaba de trabayar d&#8217;otra forma, \u00bfpuede esplicalo con m\u00e1s detalle?<\/strong><\/li>\n<\/ul>\n<p>-Nun ye tantu&#8217;l dibuxu, sin\u00f3n c\u00f3mo faigo los c\u00f3mics. Ye daqu\u00e9 no qu&#8217;aportuno enforma, que tien que ver cola parte did\u00e1ctica. Siempres digo, cuantim\u00e1s si falamos de superh\u00e9roes, que los c\u00f3mics funcionen de manera dafechu distinta a les pel\u00edcules. Nel c\u00f3mic nun trabayes nin col tiempu nin col son\u00edu. Solo decidimos sobro l&#8217;espaciu, y esa ye la nuesa manera de cuntar una hestoria. Si yo faigo un c\u00f3mic de pirates y a ti g\u00fastente los barcos, igual tas dos hores mirando los dibuxos.<\/p>\n<p>Pero igual te gusta m\u00e1s la parte rom\u00e1ntica y lle\u00edsti la hestoria en venti minutos. Les dos esperiencies llectores son igual d&#8217;interesantes. Pos yo, lo que tratu de faer ye esplotar al m\u00e1ximu la llectura espacial. Cola composici\u00f3n, tirando los colores\u2026 Cualquier elementu ye narraci\u00f3n. Tengo bien presente que nun toi al llau del llector pa empone-y, pero lo que m\u00e1s me pon ye saber que daqui\u00e9n, a miles de kil\u00f3metros, va construyir la hestoria colos elementos gr\u00e1ficos que yo asiti\u00e9. Ye daqu\u00e9 m\u00e1xicu. Toi esquizando esi cam\u00edn. Obligando inclusive al llector a manipoliar el c\u00f3mic pa lleer la hestoria, como faemos no nuevo de DC que y\u00e1 ta n&#8217;Estaos Xun\u00edos y va salir agora en septiembre n&#8217;Espa\u00f1a.<\/p>\n<ul>\n<li><strong>-V\u00e9olu ilusion\u00e1u. \u00bfDe qu\u00e9 se trata?<\/strong><\/li>\n<\/ul>\n<p>-DC Comics decidi\u00f3 llanzar a\u00f1u y picu la serie \u00ababsolute\u00bb, un rellanzamientu de personaxes por que un llector pudiera aportar a ellos ensin saber nada de la so hestoria, empezando otra vegada dende&#8217;l principiu. Rellanzaron Wonder Woman, Superman y Batman con un impactu brutal y depu\u00e9s otres tr\u00e9s: Flax, Llinterna Verde y Detective Marcianu (Martian Manhunter). A mi encargarenme&#8217;l marcianu col guionista Deniz Camp, y tamos encantaos de conocenos. Creo que tengo guionista hasta que me xubile. El Marcianu ye un se\u00f1or verde calvu con traxe de ba\u00f1u, y quer\u00eda faer daqu\u00e9 que nun tuviera nada que ver. Porque esi n\u00famberu \u00fan yera daqu\u00e9 dafechu nuevu. En cuenta de un axente del FBI que&#8217;l so cuerpu tomalo un marcianu poderosu, pensamos nesi axente qu&#8217;empieza a percibir lo que piensa la xente por un fumu de colores que s&#8217;esprende de les coses, gracies a una entid\u00e1 que ta ocupando&#8217;l so cuerpu.<\/p>\n<p>Asocedi\u00f3me trabayar un modelu en 3D, un amigu suxuri\u00f3 fa\u00e9melo con plastilina y en dos d\u00edes sali\u00f3me un c\u00edclope verde colos brazos enormes. Pens\u00e9 que yera una llocura, pero a la editorial encant\u00f3los el mo\u00f1ecu. Presentose en Nueva York l&#8217;a\u00f1u pas\u00e1u y la xente flip\u00f3. El n\u00famberu \u00fan vendi\u00f3 m\u00e1s que tolos n\u00famberos anteriores del personaxe xuntos dende los a\u00f1os cincuenta. Diba ser una miniserie de seis y y\u00e1 la pasemos a dolce. Tenemos carta blanca y d\u00e9xenme esperimentar a niveles estratosf\u00e9ricos. Trescurre na d\u00f3mina actual, y eso dexa falar d&#8217;inmigraci\u00f3n, diversid\u00e1 cultural, usu de la violencia\u2026 Deniz Camp vien presentala en septiembre a Avil\u00e9s.<\/p>\n<ul>\n<li><strong>-Volviendo al \u00abEisner\u00bb. \u00bfC\u00f3mo vivi\u00f3 la entrega?<\/strong><\/li>\n<\/ul>\n<p>-Nun fui a San Diego. Tampoco me convidaren. Taba en Xix\u00f3n, en casa, y dorm\u00edme siguiendo la ceremonia per internet. Nun me dieren nengunu de los dos primeros a los que taba nom\u00e1u y pens\u00e9 que tampoco ganar\u00eda&#8217;l meyor serie. Asina que qued\u00e9 dorm\u00edu, y cuando volv\u00ed espertame, a les dos hores, y\u00e1 empec\u00e9 a ver el tel\u00e9fonu, les llamaes\u2026<\/p>\n<ul>\n<li><strong>-\u00bfQu\u00e9 supon un \u00abEisner\u00bb?<\/strong><\/li>\n<\/ul>\n<p>-Ye un logotipu que va ayudar muncho a vender el llibru. Y ye daqu\u00e9 que tol mundu va mirar, como&#8217;l n\u00famberu d&#8217;estrelles d&#8217;una pel\u00edcula o un restor\u00e1n. Nesi sent\u00edu, un cu\u00f1u de garant\u00eda a la to obra.<\/p>\n<ul>\n<li><strong>-\u00bfA qui\u00e9n lo dedica, en qui\u00e9n piensa?<\/strong><\/li>\n<\/ul>\n<p>-Na mio familia, porque l&#8217;a\u00f1u pas\u00e1u, trabayando nesi llibru, nun pudi faer nada con elles, coles mios f\u00edes y cola mio pareya. Foi un branu perduru. Asina que esto ye como cuando faes unes oposiciones. Am\u00e1s del premiu, gracies a esi llibru anterior puedo tener agora una serie como la del Detective Marcianu. Porque \u00abZatanna\u00bb tuvo bones cr\u00edtiques y vendi\u00f3se bien. Eso ye lo que te sostien y d\u00e9xate depu\u00e9s faer propuestes ventureres, y s\u00e9 que la mio propuesta ye bastante alternativa dientro de mundu de Marvel y DC.<\/p>\n<\/div>\n<p style=\"text-align: center\"><a href=\"https:\/\/s1.ppllstatics.com\/rc\/www\/multimedia\/2025\/07\/25\/fotolrad_EISNER-OK1200x840.jpg\"><img loading=\"lazy\" decoding=\"async\" class=\"aligncenter size-large\" src=\"https:\/\/s1.ppllstatics.com\/rc\/www\/multimedia\/2025\/07\/25\/fotolrad_EISNER-OK1200x840.jpg\" width=\"1200\" height=\"840\" \/><\/a><\/p>\n<p>El c\u00f3mic espa\u00f1ol, m\u00e1s internacional que nunca nos premios Eisner. Un bon pu\u00f1\u00e1u d&#8217;autores patrios aspiren a llevantar la madrugada del vienres al s\u00e1badu unu de los consideraos Oscar del arte secuencial, en que&#8217;l so palmar\u00e9s y\u00e1 s&#8217;inscriben una trentena de nomes propios. <a href=\"https:\/\/www.elcomercio.es\/culturas\/comic-espanol-internacional-nunca-premios-eisner-20250725000245-ntrc.html#vtm_modulosEngag=historias-visuales:portada:noticia:2\"><strong>Art\u00edculo El Comercio<\/strong><\/a><\/p>\n<p>&nbsp;<\/p>\n","protected":false},"excerpt":{"rendered":"<p>Los premios Eisner reconocen al asturianu Javier Rodr\u00edguez y a la llibrer\u00eda Akira de Madrid. Los premios Eisner, consideraos como los \u00d3scar del c\u00f3mic, premiaron na so 37 edici\u00f3n al dibuxante asturianu Javier Rodr\u00edguez y a la llibrer\u00eda Akira Comics, de Madrid, que consigue\u2019l segundu reconocimientu na hestoria d\u2019estos premios. Galard\u00f3n a la meyor serie [&hellip;]<\/p>\n","protected":false},"author":117,"featured_media":0,"comment_status":"closed","ping_status":"open","sticky":false,"template":"","format":"standard","meta":{"footnotes":""},"categories":[57],"tags":[],"class_list":["post-54159","post","type-post","status-publish","format-standard","hentry","category-comic"],"_links":{"self":[{"href":"https:\/\/edublog.educastur.es\/ixuxu\/wp-json\/wp\/v2\/posts\/54159","targetHints":{"allow":["GET"]}}],"collection":[{"href":"https:\/\/edublog.educastur.es\/ixuxu\/wp-json\/wp\/v2\/posts"}],"about":[{"href":"https:\/\/edublog.educastur.es\/ixuxu\/wp-json\/wp\/v2\/types\/post"}],"author":[{"embeddable":true,"href":"https:\/\/edublog.educastur.es\/ixuxu\/wp-json\/wp\/v2\/users\/117"}],"replies":[{"embeddable":true,"href":"https:\/\/edublog.educastur.es\/ixuxu\/wp-json\/wp\/v2\/comments?post=54159"}],"version-history":[{"count":5,"href":"https:\/\/edublog.educastur.es\/ixuxu\/wp-json\/wp\/v2\/posts\/54159\/revisions"}],"predecessor-version":[{"id":54285,"href":"https:\/\/edublog.educastur.es\/ixuxu\/wp-json\/wp\/v2\/posts\/54159\/revisions\/54285"}],"wp:attachment":[{"href":"https:\/\/edublog.educastur.es\/ixuxu\/wp-json\/wp\/v2\/media?parent=54159"}],"wp:term":[{"taxonomy":"category","embeddable":true,"href":"https:\/\/edublog.educastur.es\/ixuxu\/wp-json\/wp\/v2\/categories?post=54159"},{"taxonomy":"post_tag","embeddable":true,"href":"https:\/\/edublog.educastur.es\/ixuxu\/wp-json\/wp\/v2\/tags?post=54159"}],"curies":[{"name":"wp","href":"https:\/\/api.w.org\/{rel}","templated":true}]}}