{"id":54163,"date":"2025-07-27T09:15:31","date_gmt":"2025-07-27T07:15:31","guid":{"rendered":"https:\/\/edublog.educastur.es\/ixuxu\/?p=54163"},"modified":"2025-07-27T15:02:27","modified_gmt":"2025-07-27T13:02:27","slug":"primer-campana-dobservacion-de-la-carabela-portuguesa-na-mar-dasturies","status":"publish","type":"post","link":"https:\/\/edublog.educastur.es\/ixuxu\/2025\/07\/primer-campana-dobservacion-de-la-carabela-portuguesa-na-mar-dasturies\/","title":{"rendered":"Primer campa\u00f1a d&#8217;observaci\u00f3n de la carabela portuguesa na mar d&#8217;Asturies."},"content":{"rendered":"<div class=\"padding-t-35\">\n<p class=\"font-size-xxl margin-b-5 font-weight-b color-b-050 letter-spacing--1 fuente-corporativa\">El Bioparc y la Universid\u00e1 entamen la primer campa\u00f1a d&#8217;observaci\u00f3n de la carabela portuguesa na mar d&#8217;Asturies. <span style=\"font-size: 16px\">Van investigar c\u00f3mo neveguen y c\u00f3mo se distribuyen pa predicir la so llegada a les sableres del Princip\u00e1u.<\/span><\/p>\n<p style=\"text-align: center\"><a href=\"https:\/\/www.rtpa.es\/fotos\/\/25\/07\/20250726180647_RTPA6907278.webp\"><img loading=\"lazy\" decoding=\"async\" class=\"aligncenter size-large\" src=\"https:\/\/www.rtpa.es\/fotos\/\/25\/07\/20250726180647_RTPA6907278.webp\" width=\"853\" height=\"480\" \/><\/a><\/p>\n<\/div>\n<div id=\"noticiacompleta\" class=\"parragraph-padding font-c-conent\">\n<p>El primer exemplar de carabela portuguesa que lleg\u00f3 al Acuariu foi recoy\u00edu esta selmana na sablera de Xag\u00f3n se\u00f1ala Reyes Descalzo, conservadora del Bioparc Acuariu de Xix\u00f3n.<\/p>\n<p><!--more--><\/p>\n<p>Hasta agora los adultos nun sobreviv\u00eden m\u00e1s qu&#8217;unos pocos d\u00edes fuera del mar abiertu, polo que fac\u00eda mui dif\u00edcil el so estudiu asegura Fernando Gonz\u00e1lez Taboada, cient\u00edficu titular nel <a href=\"https:\/\/www.ieo.es\/ca_ES\/web\/gijon\/home\"><strong>Centru Oceanogr\u00e1ficu de Xix\u00f3n (IEO-CSIC).<\/strong><\/a><\/p>\n<p>Al descubrimientu de la so biolox\u00eda xune l&#8217;inter\u00e9s por saber c\u00f3mo se mueven y lleguen a les nueses costes dende zones tropicales. Drones, veh\u00edculos submarinos y embarcaciones van dexar al Oceanogr\u00e1ficu y a la Universid\u00e1 d&#8217;Uvi\u00e9u faer el siguimientu n\u2019agua apunta Carlos Cuadrado, t\u00e9cnicu de la Universid\u00e1 d&#8217;Uvi\u00e9u. Piden am\u00e1s la collaboraci\u00f3n ciudadana.<\/p>\n<p>Un proyectu financi\u00e1u pola Axencia Estatal d&#8217;investigaci\u00f3n al que se sumaron tami\u00e9n la Universid\u00e1 de Les Palmes de Gran Canaria y l&#8217;Institutu de Ciencies Marines d&#8217;Andaluc\u00eda.<\/p>\n<\/div>\n<p>&nbsp;<\/p>\n","protected":false},"excerpt":{"rendered":"<p>El Bioparc y la Universid\u00e1 entamen la primer campa\u00f1a d&#8217;observaci\u00f3n de la carabela portuguesa na mar d&#8217;Asturies. Van investigar c\u00f3mo neveguen y c\u00f3mo se distribuyen pa predicir la so llegada a les sableres del Princip\u00e1u. El primer exemplar de carabela portuguesa que lleg\u00f3 al Acuariu foi recoy\u00edu esta selmana na sablera de Xag\u00f3n se\u00f1ala Reyes [&hellip;]<\/p>\n","protected":false},"author":117,"featured_media":0,"comment_status":"closed","ping_status":"open","sticky":false,"template":"","format":"standard","meta":{"footnotes":""},"categories":[93,48],"tags":[],"class_list":["post-54163","post","type-post","status-publish","format-standard","hentry","category-sableres","category-salu"],"_links":{"self":[{"href":"https:\/\/edublog.educastur.es\/ixuxu\/wp-json\/wp\/v2\/posts\/54163","targetHints":{"allow":["GET"]}}],"collection":[{"href":"https:\/\/edublog.educastur.es\/ixuxu\/wp-json\/wp\/v2\/posts"}],"about":[{"href":"https:\/\/edublog.educastur.es\/ixuxu\/wp-json\/wp\/v2\/types\/post"}],"author":[{"embeddable":true,"href":"https:\/\/edublog.educastur.es\/ixuxu\/wp-json\/wp\/v2\/users\/117"}],"replies":[{"embeddable":true,"href":"https:\/\/edublog.educastur.es\/ixuxu\/wp-json\/wp\/v2\/comments?post=54163"}],"version-history":[{"count":2,"href":"https:\/\/edublog.educastur.es\/ixuxu\/wp-json\/wp\/v2\/posts\/54163\/revisions"}],"predecessor-version":[{"id":54165,"href":"https:\/\/edublog.educastur.es\/ixuxu\/wp-json\/wp\/v2\/posts\/54163\/revisions\/54165"}],"wp:attachment":[{"href":"https:\/\/edublog.educastur.es\/ixuxu\/wp-json\/wp\/v2\/media?parent=54163"}],"wp:term":[{"taxonomy":"category","embeddable":true,"href":"https:\/\/edublog.educastur.es\/ixuxu\/wp-json\/wp\/v2\/categories?post=54163"},{"taxonomy":"post_tag","embeddable":true,"href":"https:\/\/edublog.educastur.es\/ixuxu\/wp-json\/wp\/v2\/tags?post=54163"}],"curies":[{"name":"wp","href":"https:\/\/api.w.org\/{rel}","templated":true}]}}