{"id":54166,"date":"2025-07-28T10:05:36","date_gmt":"2025-07-28T08:05:36","guid":{"rendered":"https:\/\/edublog.educastur.es\/ixuxu\/?p=54166"},"modified":"2025-07-27T14:07:04","modified_gmt":"2025-07-27T12:07:04","slug":"la-feria-de-muestres-abre-les-sos-puertes-nunos-dies-con-nueves-marques-y-mas-presencia-institucional","status":"publish","type":"post","link":"https:\/\/edublog.educastur.es\/ixuxu\/2025\/07\/la-feria-de-muestres-abre-les-sos-puertes-nunos-dies-con-nueves-marques-y-mas-presencia-institucional\/","title":{"rendered":"La Feria de Muestres abre les sos puertes nunos d\u00edes con nueves marques y m\u00e1s presencia institucional."},"content":{"rendered":"<div class=\"padding-t-35\">\n<p class=\"font-size-xxl margin-b-5 font-weight-b color-b-050 letter-spacing--1 fuente-corporativa\">La Feria de Muestres abre les sos puertes nunos d\u00edes con nueves marques y m\u00e1s presencia institucional. <span style=\"font-size: 16px\">La llanzadera ente la Feria de Muestres y Cabue\u00f1es va tener m\u00e1s paraes.<a href=\"https:\/\/www.rtpa.es\/noticias-asturias-ast\/2025-07-26\/La-Feria-de-Muestres-abre-les-sos-puertes-en-seis-dies-con-nueves-marques-y-mas-presencia-institucional_111753531137.html\"> TPA<\/a><\/span><\/p>\n<p style=\"text-align: center\"><a href=\"https:\/\/www.rtpa.es\/fotos\/\/25\/07\/20250726135921_RTPA6906804.webp\"><img loading=\"lazy\" decoding=\"async\" class=\"aligncenter size-large\" src=\"https:\/\/www.rtpa.es\/fotos\/\/25\/07\/20250726135921_RTPA6906804.webp\" width=\"853\" height=\"480\" \/><\/a><\/p>\n<\/div>\n<p><!--more--><\/p>\n<div id=\"noticiacompleta\" class=\"parragraph-padding font-c-conent\">\n<p>La Feria Internacional de Muestres de Xix\u00f3n sigue creciendo a les puertes de la so 68 edici\u00f3n asegura \u00c1lvaro Alonso, director de la Feria de Muestres y Secretariu Xeneral de la C\u00e1mara de Comerciu de Xix\u00f3n.<\/p>\n<p>Diversif\u00edcase&#8217;l merc\u00e1u y con ello son m\u00e1s los sectores presentes. Como&#8217;l de les dos ruedes, con presencia per primer vegada de Vespa, consecuencia del esitosu congresu mundial celebr\u00e1u en mayu. O les Reformes onde precisamente atopamos dalgunos de los espositores que s&#8217;estrenen en Fidma 2025 se\u00f1ala Omar P\u00e9rez, xerente de Reformar.<\/p>\n<p>Porque la Feria ye un escaparate al empar qu\u2019un potente dinamizador econ\u00f3micu. Los datos af\u00edtenlo.<\/p>\n<\/div>\n","protected":false},"excerpt":{"rendered":"<p>La Feria de Muestres abre les sos puertes nunos d\u00edes con nueves marques y m\u00e1s presencia institucional. La llanzadera ente la Feria de Muestres y Cabue\u00f1es va tener m\u00e1s paraes. TPA<\/p>\n","protected":false},"author":117,"featured_media":0,"comment_status":"closed","ping_status":"open","sticky":false,"template":"","format":"standard","meta":{"footnotes":""},"categories":[209],"tags":[],"class_list":["post-54166","post","type-post","status-publish","format-standard","hentry","category-fidma-xixon"],"_links":{"self":[{"href":"https:\/\/edublog.educastur.es\/ixuxu\/wp-json\/wp\/v2\/posts\/54166","targetHints":{"allow":["GET"]}}],"collection":[{"href":"https:\/\/edublog.educastur.es\/ixuxu\/wp-json\/wp\/v2\/posts"}],"about":[{"href":"https:\/\/edublog.educastur.es\/ixuxu\/wp-json\/wp\/v2\/types\/post"}],"author":[{"embeddable":true,"href":"https:\/\/edublog.educastur.es\/ixuxu\/wp-json\/wp\/v2\/users\/117"}],"replies":[{"embeddable":true,"href":"https:\/\/edublog.educastur.es\/ixuxu\/wp-json\/wp\/v2\/comments?post=54166"}],"version-history":[{"count":1,"href":"https:\/\/edublog.educastur.es\/ixuxu\/wp-json\/wp\/v2\/posts\/54166\/revisions"}],"predecessor-version":[{"id":54167,"href":"https:\/\/edublog.educastur.es\/ixuxu\/wp-json\/wp\/v2\/posts\/54166\/revisions\/54167"}],"wp:attachment":[{"href":"https:\/\/edublog.educastur.es\/ixuxu\/wp-json\/wp\/v2\/media?parent=54166"}],"wp:term":[{"taxonomy":"category","embeddable":true,"href":"https:\/\/edublog.educastur.es\/ixuxu\/wp-json\/wp\/v2\/categories?post=54166"},{"taxonomy":"post_tag","embeddable":true,"href":"https:\/\/edublog.educastur.es\/ixuxu\/wp-json\/wp\/v2\/tags?post=54166"}],"curies":[{"name":"wp","href":"https:\/\/api.w.org\/{rel}","templated":true}]}}