{"id":54168,"date":"2025-07-27T14:08:39","date_gmt":"2025-07-27T12:08:39","guid":{"rendered":"https:\/\/edublog.educastur.es\/ixuxu\/?p=54168"},"modified":"2025-07-28T12:57:06","modified_gmt":"2025-07-28T10:57:06","slug":"54168","status":"publish","type":"post","link":"https:\/\/edublog.educastur.es\/ixuxu\/2025\/07\/54168\/","title":{"rendered":"La gran fiesta del cielu de Xix\u00f3n"},"content":{"rendered":"<ul>\n<li><a href=\"https:\/\/www.elcomercio.es\/gijon\/gran-fiesta-cielo-gijon-imagenes-20250727130421-ga.html\">Semeyes El Comercio<\/a> \/ <a href=\"https:\/\/www.lne.es\/gijon\/2025\/07\/27\/festival-aereo-surca-soleado-cielo-120101564.html\">LNE<\/a> \/ <a href=\"https:\/\/www.lne.es\/fotos\/gijon\/2025\/07\/27\/espectacular-multitudinario-festival-aereo-gijon-120103439.html\">Semeyes LNE<\/a> \/<\/li>\n<\/ul>\n<p style=\"text-align: center\"><a href=\"https:\/\/s1.ppllstatics.com\/elcomercio\/www\/multimedia\/2025\/07\/27\/festival-aereo-gijon-2025%20(17)-kOyF-U2302489344627IW-1200x840@El%20Comercio.jpg\"><img loading=\"lazy\" decoding=\"async\" class=\"aligncenter size-large\" src=\"https:\/\/s1.ppllstatics.com\/elcomercio\/www\/multimedia\/2025\/07\/27\/festival-aereo-gijon-2025%20(17)-kOyF-U2302489344627IW-1200x840@El%20Comercio.jpg\" width=\"1200\" height=\"840\" \/><\/a><\/p>\n<p>Miles de persones rexunt\u00e1ronse na badea de San Llorienzo para esfrutar de los vuelos y saltos del Festival A\u00e9reu de Xix\u00f3n.<\/p>\n<p><!--more--><\/p>\n<p style=\"text-align: center\"><a href=\"https:\/\/s3.ppllstatics.com\/elcomercio\/www\/multimedia\/2025\/07\/27\/festival-aereo-gijon-2025%20(7).jpg\"><img loading=\"lazy\" decoding=\"async\" class=\"aligncenter size-large\" src=\"https:\/\/s3.ppllstatics.com\/elcomercio\/www\/multimedia\/2025\/07\/27\/festival-aereo-gijon-2025%20(7).jpg\" width=\"1447\" height=\"965\" \/><\/a><\/p>\n<p style=\"text-align: center\"><a href=\"https:\/\/s3.ppllstatics.com\/elcomercio\/www\/multimedia\/2025\/07\/27\/festival-aereo-gijon-2025%20(21).jpg\"><img loading=\"lazy\" decoding=\"async\" class=\"aligncenter size-large\" src=\"https:\/\/s3.ppllstatics.com\/elcomercio\/www\/multimedia\/2025\/07\/27\/festival-aereo-gijon-2025%20(21).jpg\" width=\"1620\" height=\"1080\" \/><\/a><\/p>\n<p style=\"text-align: center\"><a href=\"https:\/\/estaticos-cdn.prensaiberica.es\/clip\/1c6ee53c-5a32-4d30-9493-e4be20fac04e_source-aspect-ratio_default_0.jpg\"><img loading=\"lazy\" decoding=\"async\" class=\"aligncenter size-large\" src=\"https:\/\/estaticos-cdn.prensaiberica.es\/clip\/1c6ee53c-5a32-4d30-9493-e4be20fac04e_source-aspect-ratio_default_0.jpg\" width=\"2000\" height=\"1333\" \/><\/a><\/p>\n<p style=\"text-align: center\">\n<!-- iframe plugin v.6.0 wordpress.org\/plugins\/iframe\/ -->\n<iframe loading=\"lazy\" src=\"https:\/\/www.facebook.com\/plugins\/post.php?href=https%3A%2F%2Fwww.facebook.com%2Fphoto.php%3Ffbid%3D1361151548701998%26set%3Da.212088163608348%26type%3D3&#038;show_text=true&#038;width=500\" width=\"500\" height=\"806\" style=\"border:none;overflow:hidden\" scrolling=\"no\" frameborder=\"0\" allowfullscreen=\"true\" allow=\"autoplay; clipboard-write; encrypted-media; picture-in-picture; web-share\" 0=\"\/iframe\" class=\"iframe-class\"><\/iframe>\n<\/p>\n","protected":false},"excerpt":{"rendered":"<p>Semeyes El Comercio \/ LNE \/ Semeyes LNE \/ Miles de persones rexunt\u00e1ronse na badea de San Llorienzo para esfrutar de los vuelos y saltos del Festival A\u00e9reu de Xix\u00f3n.<\/p>\n","protected":false},"author":117,"featured_media":0,"comment_status":"closed","ping_status":"open","sticky":false,"template":"","format":"standard","meta":{"footnotes":""},"categories":[133,204,183],"tags":[],"class_list":["post-54168","post","type-post","status-publish","format-standard","hentry","category-deportes","category-festivales","category-xixon"],"_links":{"self":[{"href":"https:\/\/edublog.educastur.es\/ixuxu\/wp-json\/wp\/v2\/posts\/54168","targetHints":{"allow":["GET"]}}],"collection":[{"href":"https:\/\/edublog.educastur.es\/ixuxu\/wp-json\/wp\/v2\/posts"}],"about":[{"href":"https:\/\/edublog.educastur.es\/ixuxu\/wp-json\/wp\/v2\/types\/post"}],"author":[{"embeddable":true,"href":"https:\/\/edublog.educastur.es\/ixuxu\/wp-json\/wp\/v2\/users\/117"}],"replies":[{"embeddable":true,"href":"https:\/\/edublog.educastur.es\/ixuxu\/wp-json\/wp\/v2\/comments?post=54168"}],"version-history":[{"count":6,"href":"https:\/\/edublog.educastur.es\/ixuxu\/wp-json\/wp\/v2\/posts\/54168\/revisions"}],"predecessor-version":[{"id":54260,"href":"https:\/\/edublog.educastur.es\/ixuxu\/wp-json\/wp\/v2\/posts\/54168\/revisions\/54260"}],"wp:attachment":[{"href":"https:\/\/edublog.educastur.es\/ixuxu\/wp-json\/wp\/v2\/media?parent=54168"}],"wp:term":[{"taxonomy":"category","embeddable":true,"href":"https:\/\/edublog.educastur.es\/ixuxu\/wp-json\/wp\/v2\/categories?post=54168"},{"taxonomy":"post_tag","embeddable":true,"href":"https:\/\/edublog.educastur.es\/ixuxu\/wp-json\/wp\/v2\/tags?post=54168"}],"curies":[{"name":"wp","href":"https:\/\/api.w.org\/{rel}","templated":true}]}}