{"id":54174,"date":"2025-07-26T20:00:46","date_gmt":"2025-07-26T18:00:46","guid":{"rendered":"https:\/\/edublog.educastur.es\/ixuxu\/?p=54174"},"modified":"2025-07-28T13:08:56","modified_gmt":"2025-07-28T11:08:56","slug":"asina-fixo-melendi-sonar-lhimnu-dasturies-ente-4-millones-dalmes","status":"publish","type":"post","link":"https:\/\/edublog.educastur.es\/ixuxu\/2025\/07\/asina-fixo-melendi-sonar-lhimnu-dasturies-ente-4-millones-dalmes\/","title":{"rendered":"Asina fixo Melendi sonar l&#8217;himnu d&#8217;Asturies \u00e9nte 4 millones d&#8217;almes"},"content":{"rendered":"<ul>\n<li><a href=\"https:\/\/www.lne.es\/asturias-exterior\/2025\/07\/27\/melendi-sonar-himno-asturias-4-120099218.html\">LNE<\/a> \/ <a href=\"https:\/\/twitter.com\/i\/status\/1949193759968903568\">videu<\/a> \/<a class=\"x1i10hfl xjbqb8w x1ejq31n x18oe1m7 x1sy0etr xstzfhl x972fbf x10w94by x1qhh985 x14e42zd x9f619 x1ypdohk xt0psk2 xe8uvvx xdj266r x14z9mp xat24cr x1lziwak xexx8yu xyri2b x18d9i69 x1c1uobl x16tdsg8 x1hl2dhg xggy1nq x1a2a7pz xkrqix3 x1sur9pj xzsf02u x1s688f\" role=\"link\" href=\"https:\/\/www.facebook.com\/melenditouroficial?__cft__[0]=AZVGRSZVCpAr8iihzTdjC27WQ7XH7NT_5-wWM1NQQgvea-pwODaZUqV2PCwL3N0pdfAEbDeivHVwhmwo8gR9Fh9--0Psoj7kZdnVz2D50_6sAwfqFqTdgQoVvjDiGdX9xsWTzkTplSkMIJbLuA12rElZDbBNSBSV5Xh3UEdjUbE3H0MyUz3d24psAr2sSkM38KjFRNEkjN2yL3-kBBa2zbcd&amp;__tn__=-UC-R\"><strong class=\"html-strong xdj266r x14z9mp xat24cr x1lziwak xexx8yu xyri2b x18d9i69 x1c1uobl x1hl2dhg x16tdsg8 x1vvkbs x1s688f\"><span class=\"html-span xdj266r x14z9mp xat24cr x1lziwak xexx8yu xyri2b x18d9i69 x1c1uobl x1hl2dhg x16tdsg8 x1vvkbs\">Melendi &#8211; Tour<\/span><\/strong><\/a><span class=\"html-span xdj266r x14z9mp xat24cr x1lziwak xexx8yu xyri2b x18d9i69 x1c1uobl x1hl2dhg x16tdsg8 x1vvkbs x1dor1uw x1n2onr6 xxymvpz\">\u00a0<\/span><\/li>\n<\/ul>\n<p>Asina fixo Melendi sonar l&#8217;himnu d&#8217;Asturies \u00e9nte 4 millones d&#8217;almes (y tami\u00e9n canta por Fernando Alonso). El cantante, cola camiseta de Cazorla y al pie de la Real Banda de Gaites \u00abCiudad d&#8217;Uvi\u00e9u\u00bb, abre en Sevilla \u00abLa velada del a\u00f1u\u00bb d&#8217;Ibai\u00a0 Llano. <a class=\"css-sbcvet-StyledCommonLink ejg0rhn6 link-a11y-focus\" href=\"https:\/\/www.tiktok.com\/tag\/laveladadela%C3%B1ov?lang=es\" target=\"_self\" rel=\"opener noopener\" data-e2e=\"search-common-link\" aria-label=\"Watch more videos of the #LaVeladaDelA\u00f1oV category\"><strong class=\"css-1p6dp51-StrongText ejg0rhn2\">#LaVeladaDelA\u00f1oV<\/strong><\/a><span data-e2e=\"new-desc-span\"> entam\u00f3 con esti himnu de <\/span><a class=\"css-sbcvet-StyledCommonLink ejg0rhn6 link-a11y-focus\" href=\"https:\/\/www.tiktok.com\/@melendi?lang=es\" target=\"_self\" rel=\"opener noopener\" data-e2e=\"search-common-link\" aria-label=\"Watch more videos from user @Melendi\"><strong class=\"css-1p6dp51-StrongText ejg0rhn2\">@Melendi<\/strong><\/a><span data-e2e=\"new-desc-span\">\u00a0\ud83d\udd25<\/span>\u00a0<a class=\"css-sbcvet-StyledCommonLink ejg0rhn6 link-a11y-focus\" href=\"https:\/\/www.tiktok.com\/tag\/melendi?lang=es\" target=\"_self\" rel=\"opener noopener\" data-e2e=\"search-common-link\" aria-label=\"Watch more videos of the #melendi category\"><strong class=\"css-1p6dp51-StrongText ejg0rhn2\">#melendi<\/strong><\/a><span data-e2e=\"new-desc-span\">\u00a0<\/span><a class=\"css-sbcvet-StyledCommonLink ejg0rhn6 link-a11y-focus\" href=\"https:\/\/www.tiktok.com\/tag\/laveladadela%C3%B1o?lang=es\" target=\"_self\" rel=\"opener noopener\" data-e2e=\"search-common-link\" aria-label=\"Watch more videos of the #laveladadela\u00f1o category\"><strong class=\"css-1p6dp51-StrongText ejg0rhn2\">#laveladadela\u00f1o<\/strong><\/a><span data-e2e=\"new-desc-span\">\u00a0<\/span><a class=\"css-sbcvet-StyledCommonLink ejg0rhn6 link-a11y-focus\" href=\"https:\/\/www.tiktok.com\/tag\/ibai?lang=es\" target=\"_self\" rel=\"opener noopener\" data-e2e=\"search-common-link\" aria-label=\"Watch more videos of the #ibai category\"><strong class=\"css-1p6dp51-StrongText ejg0rhn2\">#ibai<\/strong><\/a><span data-e2e=\"new-desc-span\">\u00a0<\/span><a class=\"css-sbcvet-StyledCommonLink ejg0rhn6 link-a11y-focus\" href=\"https:\/\/www.tiktok.com\/tag\/elnano?lang=es\" target=\"_self\" rel=\"opener noopener\" data-e2e=\"search-common-link\" aria-label=\"Watch more videos of the #elnano category\"><strong class=\"css-1p6dp51-StrongText ejg0rhn2\">#elnano<\/strong><\/a><span data-e2e=\"new-desc-span\">\u00a0<\/span><a class=\"css-sbcvet-StyledCommonLink ejg0rhn6 link-a11y-focus\" href=\"https:\/\/www.tiktok.com\/@estadiolacartuja?lang=es\" target=\"_self\" rel=\"opener noopener\" data-e2e=\"search-common-link\" aria-label=\"Watch more videos from user @Estadio la Cartuja\"><strong class=\"css-1p6dp51-StrongText ejg0rhn2\">@Estadio la Cartuja<\/strong><\/a><span data-e2e=\"new-desc-span\">\u00a0<\/span><a class=\"css-sbcvet-StyledCommonLink ejg0rhn6 link-a11y-focus\" href=\"https:\/\/www.tiktok.com\/@ibaillanos?lang=es\" target=\"_self\" rel=\"opener noopener\" data-e2e=\"search-common-link\" aria-label=\"Watch more videos from user @Ibai\"><strong class=\"css-1p6dp51-StrongText ejg0rhn2\">@Ibai<\/strong><\/a><\/p>\n<p style=\"text-align: center\">\n<!-- iframe plugin v.6.0 wordpress.org\/plugins\/iframe\/ -->\n<iframe loading=\"lazy\" src=\"https:\/\/www.facebook.com\/plugins\/video.php?height=314&#038;href=https%3A%2F%2Fwww.facebook.com%2Fmelenditouroficial%2Fvideos%2F1063232439270457%2F&#038;show_text=false&#038;width=560&#038;t=0\" width=\"560\" height=\"314\" style=\"border:none;overflow:hidden\" scrolling=\"no\" frameborder=\"0\" allowfullscreen=\"true\" allow=\"autoplay; clipboard-write; encrypted-media; picture-in-picture; web-share\" 0=\"\/iframe\" class=\"iframe-class\"><\/iframe>\n<\/p>\n<p><!--more--><\/p>\n<p style=\"text-align: center\"><a href=\"https:\/\/estaticos-cdn.prensaiberica.es\/clip\/c8da2d4e-3619-4420-a989-a6e2e617f753_16-9-aspect-ratio_default_0.webp\"><img loading=\"lazy\" decoding=\"async\" class=\"aligncenter size-large\" src=\"https:\/\/estaticos-cdn.prensaiberica.es\/clip\/c8da2d4e-3619-4420-a989-a6e2e617f753_16-9-aspect-ratio_default_0.webp\" width=\"880\" height=\"495\" \/><\/a><\/p>\n<p>&nbsp;<\/p>\n<p>L&#8217;himnu rexonal son\u00f3 \u00e9nte les 70.000 persones nel estadiu y los casi 4 millones que sigu\u00eden la velada en Twitch y am\u00e1s convirti\u00f3se n&#8217;unu de los momentos m\u00e1s comentaos por redes sociales, pola sorpresa que supunxo l&#8217;himnu d&#8217;Asturies nuna cita asina. Melendi xunt\u00f3 uvie\u00edsmu y asturian\u00eda, y\u00e1 que, al salir cola camiseta de Cazorla, la so actuaci\u00f3n tami\u00e9n foi un homenaxe al ascensu del Uvi\u00e9u a Primer Divisi\u00f3n.<\/p>\n<p>Pero nun foi lo \u00fanico que fixo Melendi, una y bones <a href=\"https:\/\/twitter.com\/i\/status\/1949171518631497893\"><span style=\"color: #008080\">el cantante tami\u00e9n interpret\u00f3 El Nano, el cantar homenaxe a Fernando Alonso<\/span><\/a>, el pilotu asturianu, bien conocida polos siguidores del pilotu. Melendi p\u00fasose a botar col final del cantar, siguiendo pol p\u00fablicu y acompa\u00f1\u00e1u por India Martinez y Saiko.<\/p>\n<p>&nbsp;<\/p>\n","protected":false},"excerpt":{"rendered":"<p>LNE \/ videu \/Melendi &#8211; Tour\u00a0 Asina fixo Melendi sonar l&#8217;himnu d&#8217;Asturies \u00e9nte 4 millones d&#8217;almes (y tami\u00e9n canta por Fernando Alonso). El cantante, cola camiseta de Cazorla y al pie de la Real Banda de Gaites \u00abCiudad d&#8217;Uvi\u00e9u\u00bb, abre en Sevilla \u00abLa velada del a\u00f1u\u00bb d&#8217;Ibai\u00a0 Llano. #LaVeladaDelA\u00f1oV entam\u00f3 con esti himnu de @Melendi\u00a0\ud83d\udd25\u00a0#melendi\u00a0#laveladadela\u00f1o\u00a0#ibai\u00a0#elnano\u00a0@Estadio [&hellip;]<\/p>\n","protected":false},"author":117,"featured_media":0,"comment_status":"closed","ping_status":"open","sticky":false,"template":"","format":"standard","meta":{"footnotes":""},"categories":[133,243,1],"tags":[],"class_list":["post-54174","post","type-post","status-publish","format-standard","hentry","category-deportes","category-himnu","category-sin-categoria"],"_links":{"self":[{"href":"https:\/\/edublog.educastur.es\/ixuxu\/wp-json\/wp\/v2\/posts\/54174","targetHints":{"allow":["GET"]}}],"collection":[{"href":"https:\/\/edublog.educastur.es\/ixuxu\/wp-json\/wp\/v2\/posts"}],"about":[{"href":"https:\/\/edublog.educastur.es\/ixuxu\/wp-json\/wp\/v2\/types\/post"}],"author":[{"embeddable":true,"href":"https:\/\/edublog.educastur.es\/ixuxu\/wp-json\/wp\/v2\/users\/117"}],"replies":[{"embeddable":true,"href":"https:\/\/edublog.educastur.es\/ixuxu\/wp-json\/wp\/v2\/comments?post=54174"}],"version-history":[{"count":6,"href":"https:\/\/edublog.educastur.es\/ixuxu\/wp-json\/wp\/v2\/posts\/54174\/revisions"}],"predecessor-version":[{"id":54269,"href":"https:\/\/edublog.educastur.es\/ixuxu\/wp-json\/wp\/v2\/posts\/54174\/revisions\/54269"}],"wp:attachment":[{"href":"https:\/\/edublog.educastur.es\/ixuxu\/wp-json\/wp\/v2\/media?parent=54174"}],"wp:term":[{"taxonomy":"category","embeddable":true,"href":"https:\/\/edublog.educastur.es\/ixuxu\/wp-json\/wp\/v2\/categories?post=54174"},{"taxonomy":"post_tag","embeddable":true,"href":"https:\/\/edublog.educastur.es\/ixuxu\/wp-json\/wp\/v2\/tags?post=54174"}],"curies":[{"name":"wp","href":"https:\/\/api.w.org\/{rel}","templated":true}]}}