{"id":542,"date":"2020-03-23T08:51:30","date_gmt":"2020-03-23T08:51:30","guid":{"rendered":"https:\/\/edublog.educastur.es\/ixuxu\/?p=542"},"modified":"2020-08-24T19:51:52","modified_gmt":"2020-08-24T19:51:52","slug":"dia-metereoloxicu-mundial","status":"publish","type":"post","link":"https:\/\/edublog.educastur.es\/ixuxu\/2020\/03\/dia-metereoloxicu-mundial\/","title":{"rendered":"D\u00eda Metereol\u00f3xicu Mundial"},"content":{"rendered":"<p><a href=\"https:\/\/aemetblog.files.wordpress.com\/2020\/03\/captura-8.jpg\" target=\"_blank\" rel=\"noopener noreferrer\"><img loading=\"lazy\" decoding=\"async\" class=\"\" src=\"https:\/\/aemetblog.files.wordpress.com\/2020\/03\/captura-8.jpg\" width=\"425\" height=\"604\" \/><\/a><\/p>\n<p><strong><em>El 23 de marzu celebra\u2019l D\u00eda Meteorol\u00f3xicu Mundial<\/em><\/strong>, y estableci\u00f3se para conmemorar la puesta en marcha del Conveniu para la creaci\u00f3n de la <strong><em>Organizaci\u00f3n Meteorol\u00f3xica Mundial (OMM)<\/em><\/strong>, que\u2019l so oxetivu ye asegurar el bienestar, protecci\u00f3n y segurid\u00e1 de tola humanid\u00e1.<\/p>\n<p>Ye una fecha relevante que tien como oxetivu crear conciencia de la importancia que tien la meteorolox\u00eda y l\u2019hidrolox\u00eda para l\u2019equilibriu mediu ambiental y toles actividaes que realiza l\u2019home nel planeta, seg\u00fan pa la continuid\u00e1 de la vida tal que se conoz hasta agora.<\/p>\n<p><u>Cel\u00e9brase dende 1997 <\/u>y cada a\u00f1u los m\u00e1s de 180 Estaos Miembros qu\u2019integren la <strong><em>Organizaci\u00f3n Meteorol\u00f3xica Mundial,<\/em><\/strong> celebren esti d\u00eda centr\u00e1ndose nuna tema d\u2019inter\u00e9s para la humanid\u00e1.<\/p>\n<p><a href=\"https:\/\/news.un.org\/es\/story\/2020\/03\/1471612\" target=\"_blank\" rel=\"noopener noreferrer\">Ver art\u00edculo interesante. <\/a><\/p>\n","protected":false},"excerpt":{"rendered":"<p>El 23 de marzu celebra\u2019l D\u00eda Meteorol\u00f3xicu Mundial, y estableci\u00f3se para conmemorar la puesta en marcha del Conveniu para la creaci\u00f3n de la Organizaci\u00f3n Meteorol\u00f3xica Mundial (OMM), que\u2019l so oxetivu ye asegurar el bienestar, protecci\u00f3n y segurid\u00e1 de tola humanid\u00e1. Ye una fecha relevante que tien como oxetivu crear conciencia de la importancia que tien [&hellip;]<\/p>\n","protected":false},"author":117,"featured_media":0,"comment_status":"closed","ping_status":"open","sticky":false,"template":"","format":"standard","meta":{"footnotes":""},"categories":[6],"tags":[],"class_list":["post-542","post","type-post","status-publish","format-standard","hentry","category-dia-de"],"_links":{"self":[{"href":"https:\/\/edublog.educastur.es\/ixuxu\/wp-json\/wp\/v2\/posts\/542","targetHints":{"allow":["GET"]}}],"collection":[{"href":"https:\/\/edublog.educastur.es\/ixuxu\/wp-json\/wp\/v2\/posts"}],"about":[{"href":"https:\/\/edublog.educastur.es\/ixuxu\/wp-json\/wp\/v2\/types\/post"}],"author":[{"embeddable":true,"href":"https:\/\/edublog.educastur.es\/ixuxu\/wp-json\/wp\/v2\/users\/117"}],"replies":[{"embeddable":true,"href":"https:\/\/edublog.educastur.es\/ixuxu\/wp-json\/wp\/v2\/comments?post=542"}],"version-history":[{"count":1,"href":"https:\/\/edublog.educastur.es\/ixuxu\/wp-json\/wp\/v2\/posts\/542\/revisions"}],"predecessor-version":[{"id":543,"href":"https:\/\/edublog.educastur.es\/ixuxu\/wp-json\/wp\/v2\/posts\/542\/revisions\/543"}],"wp:attachment":[{"href":"https:\/\/edublog.educastur.es\/ixuxu\/wp-json\/wp\/v2\/media?parent=542"}],"wp:term":[{"taxonomy":"category","embeddable":true,"href":"https:\/\/edublog.educastur.es\/ixuxu\/wp-json\/wp\/v2\/categories?post=542"},{"taxonomy":"post_tag","embeddable":true,"href":"https:\/\/edublog.educastur.es\/ixuxu\/wp-json\/wp\/v2\/tags?post=542"}],"curies":[{"name":"wp","href":"https:\/\/api.w.org\/{rel}","templated":true}]}}