{"id":54216,"date":"2025-07-27T19:54:31","date_gmt":"2025-07-27T17:54:31","guid":{"rendered":"https:\/\/edublog.educastur.es\/ixuxu\/?p=54216"},"modified":"2025-07-27T21:59:24","modified_gmt":"2025-07-27T19:59:24","slug":"ultima-xornada-duna-senora-fiesta-en-vegarrionda-pilona","status":"publish","type":"post","link":"https:\/\/edublog.educastur.es\/ixuxu\/2025\/07\/ultima-xornada-duna-senora-fiesta-en-vegarrionda-pilona\/","title":{"rendered":"\u00daltima xornada d&#8217;Una Se\u00f1ora Fiesta en Vegarrionda (Pilo\u00f1a)"},"content":{"rendered":"<p style=\"text-align: center\"><a href=\"https:\/\/s1.ppllstatics.com\/elcomercio\/www\/multimedia\/2025\/07\/27\/senora-fiesta-pilona%20(5).jpg\"><img loading=\"lazy\" decoding=\"async\" class=\"aligncenter size-large\" src=\"https:\/\/s1.ppllstatics.com\/elcomercio\/www\/multimedia\/2025\/07\/27\/senora-fiesta-pilona%20(5).jpg\" width=\"1920\" height=\"1440\" \/><\/a><\/p>\n<p>Romer\u00eda indie-\u00e1stur a la vera del r\u00edo. Miles de persones esfruten <strong>en Vegarrionda (Pilo\u00f1a) de la \u00faltima xornada d&#8217;Una Se\u00f1ora Fiesta.<\/strong> Nun hai nada como l&#8217;agua del R\u00edu La Marea para enfrescar la sidra, los pinreles y lo que se tercie cuando&#8217;l sol apierta en La Bilortera. Una romer\u00eda indie-\u00e1stur ensin m\u00fasica amplificada entamada por voluntarios y voluntarios de La Ben\u00e9fica cola ayuda del Conceyu de Pilo\u00f1a. Sidra, empanada, tortiella, panderetes, mandilones de cuadros y pa\u00f1uelos a la cabeza dan una idea del calter de la folixa. <a href=\"https:\/\/www.elcomercio.es\/asturias\/oriente\/senora-fiesta-fotos-pilona-20250727193231-ga.html\">Semeyes El Comercio<\/a><\/p>\n<p><!--more--><\/p>\n<p>Yera la de g\u00fcei la tercer xornada d&#8217;angua\u00f1o, que tresllad\u00f3 a Infiestu los conciertos para dexar alendar a Vegarrionda, qu&#8217;acoy\u00f3 un Filand\u00f3n como primer actu, un alcuentru \u00edntimu de palabres, cantar y tradici\u00f3n al calor del llagar que tuvo llugar nel prau de Maribel. La xornada musical foi&#8217;l s\u00e1badu nel edificiu de La Ben\u00e9fica. Mientres el cuerpu aguante, la fiesta sigue.<\/p>\n<p><a href=\"https:\/\/s3.ppllstatics.com\/elcomercio\/www\/multimedia\/2025\/07\/27\/senora-fiesta-pilona%20(7).jpg\"><img loading=\"lazy\" decoding=\"async\" class=\"aligncenter size-large\" src=\"https:\/\/s3.ppllstatics.com\/elcomercio\/www\/multimedia\/2025\/07\/27\/senora-fiesta-pilona%20(7).jpg\" width=\"1920\" height=\"1440\" \/><\/a><\/p>\n<p style=\"text-align: center\"><a href=\"https:\/\/s2.ppllstatics.com\/elcomercio\/www\/multimedia\/2025\/07\/27\/senora-fiesta-pilona%20(8).jpg\"><img loading=\"lazy\" decoding=\"async\" class=\"aligncenter size-large\" src=\"https:\/\/s2.ppllstatics.com\/elcomercio\/www\/multimedia\/2025\/07\/27\/senora-fiesta-pilona%20(8).jpg\" width=\"1920\" height=\"1440\" \/><\/a><\/p>\n","protected":false},"excerpt":{"rendered":"<p>Romer\u00eda indie-\u00e1stur a la vera del r\u00edo. Miles de persones esfruten en Vegarrionda (Pilo\u00f1a) de la \u00faltima xornada d&#8217;Una Se\u00f1ora Fiesta. Nun hai nada como l&#8217;agua del R\u00edu La Marea para enfrescar la sidra, los pinreles y lo que se tercie cuando&#8217;l sol apierta en La Bilortera. Una romer\u00eda indie-\u00e1stur ensin m\u00fasica amplificada entamada por [&hellip;]<\/p>\n","protected":false},"author":117,"featured_media":0,"comment_status":"closed","ping_status":"open","sticky":false,"template":"","format":"standard","meta":{"footnotes":""},"categories":[21,247],"tags":[],"class_list":["post-54216","post","type-post","status-publish","format-standard","hentry","category-fiestes","category-la-benefica"],"_links":{"self":[{"href":"https:\/\/edublog.educastur.es\/ixuxu\/wp-json\/wp\/v2\/posts\/54216","targetHints":{"allow":["GET"]}}],"collection":[{"href":"https:\/\/edublog.educastur.es\/ixuxu\/wp-json\/wp\/v2\/posts"}],"about":[{"href":"https:\/\/edublog.educastur.es\/ixuxu\/wp-json\/wp\/v2\/types\/post"}],"author":[{"embeddable":true,"href":"https:\/\/edublog.educastur.es\/ixuxu\/wp-json\/wp\/v2\/users\/117"}],"replies":[{"embeddable":true,"href":"https:\/\/edublog.educastur.es\/ixuxu\/wp-json\/wp\/v2\/comments?post=54216"}],"version-history":[{"count":6,"href":"https:\/\/edublog.educastur.es\/ixuxu\/wp-json\/wp\/v2\/posts\/54216\/revisions"}],"predecessor-version":[{"id":54222,"href":"https:\/\/edublog.educastur.es\/ixuxu\/wp-json\/wp\/v2\/posts\/54216\/revisions\/54222"}],"wp:attachment":[{"href":"https:\/\/edublog.educastur.es\/ixuxu\/wp-json\/wp\/v2\/media?parent=54216"}],"wp:term":[{"taxonomy":"category","embeddable":true,"href":"https:\/\/edublog.educastur.es\/ixuxu\/wp-json\/wp\/v2\/categories?post=54216"},{"taxonomy":"post_tag","embeddable":true,"href":"https:\/\/edublog.educastur.es\/ixuxu\/wp-json\/wp\/v2\/tags?post=54216"}],"curies":[{"name":"wp","href":"https:\/\/api.w.org\/{rel}","templated":true}]}}