{"id":54225,"date":"2025-07-27T14:02:35","date_gmt":"2025-07-27T12:02:35","guid":{"rendered":"https:\/\/edublog.educastur.es\/ixuxu\/?p=54225"},"modified":"2025-07-28T13:41:30","modified_gmt":"2025-07-28T11:41:30","slug":"ricardo-y-sofia-casarense-naristebano-na-boda-vaqueira","status":"publish","type":"post","link":"https:\/\/edublog.educastur.es\/ixuxu\/2025\/07\/ricardo-y-sofia-casarense-naristebano-na-boda-vaqueira\/","title":{"rendered":"Ricardo y Sof\u00eda casarense n&#8217;Arist\u00e9bano, na boda vaqueira"},"content":{"rendered":"<p style=\"text-align: center\"><a href=\"https:\/\/www.rtpa.es\/fotos\/\/25\/07\/20250727151014_RTPA6909294.webp\"><img loading=\"lazy\" decoding=\"async\" class=\"aligncenter size-large\" src=\"https:\/\/www.rtpa.es\/fotos\/\/25\/07\/20250727151014_RTPA6909294.webp\" width=\"853\" height=\"480\" \/><\/a><\/p>\n<p>Una ceremonia civil y oficiada pola alcaldesa de Navia. Como cada \u00faltimu domingu de xunetu, la bra\u00f1a d&#8217;Arist\u00e9bano acueye una de les bodes m\u00e1s peculiares del panorama nacional &#8216;La Vaqueirada&#8217;. Los novios, Ricardo y Sof\u00eda, llevaben a\u00f1os queriendo casase por esti ritu y g\u00fcei f\u00edxose realid\u00e1. <a href=\"https:\/\/www.lne.es\/fotos\/occidente\/2025\/07\/27\/imagenes-boda-vaqueira-aristebano-2025-120107060.html\">Semeyes LNE<\/a><\/p>\n<p><!--more--><\/p>\n<p>A caballu, xuntu al conseyu rector, los invitaos y la comitiva nupcial formada pola dote de los novios. Asina empieza unu de los ritos m\u00e1s esperaos del branu, &#8216;La Vaqueirada&#8217;.<strong> La boda vaqueira nel Altu d&#8217;Arist\u00e9bano, ente Vald\u00e9s y Tin\u00e9u. <\/strong><\/p>\n<p style=\"text-align: center\"><a href=\"https:\/\/estaticos-cdn.prensaiberica.es\/clip\/f2c1683d-dd09-4529-9d01-0ba1311027dc_source-aspect-ratio_default_0.jpg\"><img loading=\"lazy\" decoding=\"async\" class=\"aligncenter size-large\" src=\"https:\/\/estaticos-cdn.prensaiberica.es\/clip\/f2c1683d-dd09-4529-9d01-0ba1311027dc_source-aspect-ratio_default_0.jpg\" width=\"2000\" height=\"1333\" \/><\/a><\/p>\n<p><strong>Una fiesta declarada d&#8217;Inter\u00e9s Tur\u00edsticu Internacional<\/strong> que conmemora&#8217;l leg\u00e1u cultural de los vaqueiros d&#8217;alzada. Una ceremonia que, per tercer a\u00f1u na so hestoria, volvi\u00f3 ser civil y oficiada pola alcaldesa de Navia, conceyu d&#8217;onde son los novios. Una xornada festiva que ta marcada por dances y bailles de la cultura vaqueira.<\/p>\n<p style=\"text-align: center\"><a href=\"https:\/\/estaticos-cdn.prensaiberica.es\/clip\/298e7d76-b628-47b0-85c5-42457337bffc_source-aspect-ratio_default_0.jpg\"><img loading=\"lazy\" decoding=\"async\" class=\"aligncenter size-large\" src=\"https:\/\/estaticos-cdn.prensaiberica.es\/clip\/298e7d76-b628-47b0-85c5-42457337bffc_source-aspect-ratio_default_0.jpg\" width=\"2000\" height=\"1333\" \/><\/a><\/p>\n<p style=\"text-align: center\"><span class=\"x193iq5w xeuugli x13faqbe x1vvkbs xt0psk2 x1i0vuye xvs91rp xo1l8bm x5n08af x10wh9bi xpm28yp x8viiok x1o7cslx x126k92a\"><span class=\"html-span xexx8yu x4uap5 x18d9i69 xkhd6sd x1hl2dhg x16tdsg8 x1vvkbs x3nfvp2 x1j61x8r x1fcty0u xdj266r xat24cr xgzva0m xhhsvwb xxymvpz xlup9mm x1kky2od\">\n<!-- iframe plugin v.6.0 wordpress.org\/plugins\/iframe\/ -->\n<iframe loading=\"lazy\" src=\"https:\/\/www.instagram.com\/reel\/DMnrIDbMCp7\/embed\" width=\"460\" height=\"620\" 0=\"\/iframe\" scrolling=\"yes\" class=\"iframe-class\" frameborder=\"0\"><\/iframe>\n<\/span><\/span><\/p>\n<p style=\"text-align: center\"><a href=\"https:\/\/estaticos-cdn.prensaiberica.es\/clip\/5686d0ba-21c3-4cfb-975e-adc592837760_source-aspect-ratio_default_0.jpg\"><img loading=\"lazy\" decoding=\"async\" class=\"aligncenter size-large\" src=\"https:\/\/estaticos-cdn.prensaiberica.es\/clip\/5686d0ba-21c3-4cfb-975e-adc592837760_source-aspect-ratio_default_0.jpg\" width=\"2000\" height=\"1333\" \/><\/a><\/p>\n<p style=\"text-align: center\"><a href=\"https:\/\/s3.ppllstatics.com\/elcomercio\/www\/multimedia\/2025\/07\/27\/vaqueiradaboca-RdMmdJPzrsGeENRaKnExFdJ-1200x840@El%20Comercio.jpg\"><img loading=\"lazy\" decoding=\"async\" class=\"aligncenter size-large\" src=\"https:\/\/s3.ppllstatics.com\/elcomercio\/www\/multimedia\/2025\/07\/27\/vaqueiradaboca-RdMmdJPzrsGeENRaKnExFdJ-1200x840@El%20Comercio.jpg\" width=\"1200\" height=\"840\" \/><\/a><\/p>\n<p>&nbsp;<\/p>\n<p style=\"text-align: center\"><a href=\"https:\/\/estaticos-cdn.prensaiberica.es\/clip\/9b8de294-eb34-4208-8f01-d695f49d204f_source-aspect-ratio_default_0.jpg\"><img loading=\"lazy\" decoding=\"async\" class=\"aligncenter size-large\" src=\"https:\/\/estaticos-cdn.prensaiberica.es\/clip\/9b8de294-eb34-4208-8f01-d695f49d204f_source-aspect-ratio_default_0.jpg\" width=\"2000\" height=\"1333\" \/><\/a><\/p>\n<p style=\"text-align: center\"><a href=\"https:\/\/s1.ppllstatics.com\/elcomercio\/www\/multimedia\/2025\/07\/27\/vaqueiradanovios-U50724875117uIZ-748x524@El%20Comercio.jpg\"><img loading=\"lazy\" decoding=\"async\" class=\"aligncenter size-large\" src=\"https:\/\/s1.ppllstatics.com\/elcomercio\/www\/multimedia\/2025\/07\/27\/vaqueiradanovios-U50724875117uIZ-748x524@El%20Comercio.jpg\" width=\"748\" height=\"524\" \/><\/a><\/p>\n<p style=\"text-align: center\"><a href=\"https:\/\/estaticos-cdn.prensaiberica.es\/clip\/35ef7be3-2f0f-42d3-b940-4eddf8eb95f9_source-aspect-ratio_default_0.jpg\"><img loading=\"lazy\" decoding=\"async\" class=\"aligncenter size-large\" src=\"https:\/\/estaticos-cdn.prensaiberica.es\/clip\/35ef7be3-2f0f-42d3-b940-4eddf8eb95f9_source-aspect-ratio_default_0.jpg\" width=\"2000\" height=\"1500\" \/><\/a><\/p>\n","protected":false},"excerpt":{"rendered":"<p>Una ceremonia civil y oficiada pola alcaldesa de Navia. Como cada \u00faltimu domingu de xunetu, la bra\u00f1a d&#8217;Arist\u00e9bano acueye una de les bodes m\u00e1s peculiares del panorama nacional &#8216;La Vaqueirada&#8217;. Los novios, Ricardo y Sof\u00eda, llevaben a\u00f1os queriendo casase por esti ritu y g\u00fcei f\u00edxose realid\u00e1. Semeyes LNE<\/p>\n","protected":false},"author":117,"featured_media":0,"comment_status":"closed","ping_status":"open","sticky":false,"template":"","format":"standard","meta":{"footnotes":""},"categories":[113],"tags":[],"class_list":["post-54225","post","type-post","status-publish","format-standard","hentry","category-tradiciones"],"_links":{"self":[{"href":"https:\/\/edublog.educastur.es\/ixuxu\/wp-json\/wp\/v2\/posts\/54225","targetHints":{"allow":["GET"]}}],"collection":[{"href":"https:\/\/edublog.educastur.es\/ixuxu\/wp-json\/wp\/v2\/posts"}],"about":[{"href":"https:\/\/edublog.educastur.es\/ixuxu\/wp-json\/wp\/v2\/types\/post"}],"author":[{"embeddable":true,"href":"https:\/\/edublog.educastur.es\/ixuxu\/wp-json\/wp\/v2\/users\/117"}],"replies":[{"embeddable":true,"href":"https:\/\/edublog.educastur.es\/ixuxu\/wp-json\/wp\/v2\/comments?post=54225"}],"version-history":[{"count":6,"href":"https:\/\/edublog.educastur.es\/ixuxu\/wp-json\/wp\/v2\/posts\/54225\/revisions"}],"predecessor-version":[{"id":54283,"href":"https:\/\/edublog.educastur.es\/ixuxu\/wp-json\/wp\/v2\/posts\/54225\/revisions\/54283"}],"wp:attachment":[{"href":"https:\/\/edublog.educastur.es\/ixuxu\/wp-json\/wp\/v2\/media?parent=54225"}],"wp:term":[{"taxonomy":"category","embeddable":true,"href":"https:\/\/edublog.educastur.es\/ixuxu\/wp-json\/wp\/v2\/categories?post=54225"},{"taxonomy":"post_tag","embeddable":true,"href":"https:\/\/edublog.educastur.es\/ixuxu\/wp-json\/wp\/v2\/tags?post=54225"}],"curies":[{"name":"wp","href":"https:\/\/api.w.org\/{rel}","templated":true}]}}