{"id":54237,"date":"2025-07-27T21:00:30","date_gmt":"2025-07-27T19:00:30","guid":{"rendered":"https:\/\/edublog.educastur.es\/ixuxu\/?p=54237"},"modified":"2025-07-28T22:38:21","modified_gmt":"2025-07-28T20:38:21","slug":"gracies-a-la-seleccion-femenina-de-futbol-subcampeones-deuropa","status":"publish","type":"post","link":"https:\/\/edublog.educastur.es\/ixuxu\/2025\/07\/gracies-a-la-seleccion-femenina-de-futbol-subcampeones-deuropa\/","title":{"rendered":"Gracies a la Selecci\u00f3n Femenina de F\u00fatbol, subcampeones d&#8217;Europa"},"content":{"rendered":"<div class=\"html-div xdj266r x14z9mp xat24cr x1lziwak xexx8yu xyri2b x18d9i69 x1c1uobl\">\n<div class=\"html-div xdj266r x14z9mp x1lziwak x18d9i69 x1cy8zhl x78zum5 x1q0g3np xod5an3 xz9dl7a x1g0dm76 xpdmqnj\">\n<div class=\"html-div xdj266r x14z9mp xat24cr x1lziwak xexx8yu xyri2b x18d9i69 x1c1uobl x1iyjqo2 xeuugli\">\n<div class=\"x78zum5 xdt5ytf xz62fqu x16ldp7u\">\n<div class=\"xu06os2 x1ok221b\">\n<div class=\"html-div xdj266r x14z9mp xat24cr x1lziwak xexx8yu xyri2b x18d9i69 x1c1uobl\" data-ad-rendering-role=\"profile_name\">\n<ul>\n<li id=\"_r_p2_\" class=\"html-h4 x14z9mp xat24cr x1lziwak xexx8yu xyri2b x18d9i69 x1c1uobl x1vvkbs x1heor9g x1qlqyl8 x1pd3egz x1a2a7pz x1gslohp x1yc453h\"><span class=\"xt0psk2\"><a class=\"x1i10hfl xjbqb8w x1ejq31n x18oe1m7 x1sy0etr xstzfhl x972fbf x10w94by x1qhh985 x14e42zd x9f619 x1ypdohk xt0psk2 xe8uvvx xdj266r x14z9mp xat24cr x1lziwak xexx8yu xyri2b x18d9i69 x1c1uobl x16tdsg8 x1hl2dhg xggy1nq x1a2a7pz xkrqix3 x1sur9pj xzsf02u x1s688f\" role=\"link\" href=\"https:\/\/www.facebook.com\/sefutbolfem?__cft__[0]=AZXz81lo3VjVpe43NN4d9I7O_C992S9o_rDQmBvqbxCPaThMXEqi1HxwY0Kbk3hFxpqKNz7P2bFGnr8Cr9t6zq_ZNEo9GQQTFiUttGsq2E_blPd_pYNOpruVSW9-wXFv9H8TvY1tTolkNQpZgN66AZ7Vw5300oCWvnlR2pI3gN9Sb-nEB9Gw_ciZGatNxxd-vYS74X_CuEefJJMRKqUBHeZr&amp;__tn__=-UC%2CP-R\"><strong class=\"html-strong xdj266r x14z9mp xat24cr x1lziwak xexx8yu xyri2b x18d9i69 x1c1uobl x1hl2dhg x16tdsg8 x1vvkbs x1s688f\"><span class=\"html-span xdj266r x14z9mp xat24cr x1lziwak xexx8yu xyri2b x18d9i69 x1c1uobl x1hl2dhg x16tdsg8 x1vvkbs\">Selecci\u00f3n Espa\u00f1ola Femenina de F\u00fatbol<\/span><\/strong><\/a><\/span> \/<span class=\"html-span xdj266r x14z9mp xat24cr x1lziwak xexx8yu xyri2b x18d9i69 x1c1uobl x1hl2dhg x16tdsg8 x1vvkbs\"><a class=\"x1i10hfl xjbqb8w x1ejq31n x18oe1m7 x1sy0etr xstzfhl x972fbf x10w94by x1qhh985 x14e42zd x9f619 x1ypdohk xt0psk2 xe8uvvx xdj266r x14z9mp xat24cr x1lziwak xexx8yu xyri2b x18d9i69 x1c1uobl x16tdsg8 x1hl2dhg xggy1nq x1a2a7pz xkrqix3 x1sur9pj x1fey0fg x1s688f\" role=\"link\" href=\"https:\/\/www.facebook.com\/hashtag\/weuro2025?__eep__=6&amp;__cft__[0]=AZXz81lo3VjVpe43NN4d9I7O_C992S9o_rDQmBvqbxCPaThMXEqi1HxwY0Kbk3hFxpqKNz7P2bFGnr8Cr9t6zq_ZNEo9GQQTFiUttGsq2E_blPd_pYNOpruVSW9-wXFv9H8TvY1tTolkNQpZgN66AZ7Vw5300oCWvnlR2pI3gN9Sb-nEB9Gw_ciZGatNxxd-vYS74X_CuEefJJMRKqUBHeZr&amp;__tn__=*NK-R\">#WEURO2025<\/a><\/span> | <span class=\"html-span xdj266r x14z9mp xat24cr x1lziwak xexx8yu xyri2b x18d9i69 x1c1uobl x1hl2dhg x16tdsg8 x1vvkbs\"><a class=\"x1i10hfl xjbqb8w x1ejq31n x18oe1m7 x1sy0etr xstzfhl x972fbf x10w94by x1qhh985 x14e42zd x9f619 x1ypdohk xt0psk2 xe8uvvx xdj266r x14z9mp xat24cr x1lziwak xexx8yu xyri2b x18d9i69 x1c1uobl x16tdsg8 x1hl2dhg xggy1nq x1a2a7pz xkrqix3 x1sur9pj x1fey0fg x1s688f\" role=\"link\" href=\"https:\/\/www.facebook.com\/hashtag\/jugarlucharyganar?__eep__=6&amp;__cft__[0]=AZXz81lo3VjVpe43NN4d9I7O_C992S9o_rDQmBvqbxCPaThMXEqi1HxwY0Kbk3hFxpqKNz7P2bFGnr8Cr9t6zq_ZNEo9GQQTFiUttGsq2E_blPd_pYNOpruVSW9-wXFv9H8TvY1tTolkNQpZgN66AZ7Vw5300oCWvnlR2pI3gN9Sb-nEB9Gw_ciZGatNxxd-vYS74X_CuEefJJMRKqUBHeZr&amp;__tn__=*NK-R\">#JugarLucharYGanar<\/a><\/span><\/li>\n<\/ul>\n<p><em>Gracies or faenos sua\u00f1ar. Por tol trabayu. Per cada part\u00edu y cada gol. Foi incre\u00edble percorrer esti cam\u00edn xuntes.<\/em><\/p>\n<p style=\"text-align: center\">\n<!-- iframe plugin v.6.0 wordpress.org\/plugins\/iframe\/ -->\n<iframe loading=\"lazy\" src=\"https:\/\/www.facebook.com\/plugins\/post.php?href=https%3A%2F%2Fwww.facebook.com%2FIberdrola%2Fposts%2Fpfbid02ZUpfrABXNuV91zbzgQ8o1JMqDBuyL8NbgENtkr8JUMttykWkgRKWwxQU1vfSBDLrl&#038;show_text=false&#038;width=500\" width=\"500\" height=\"498\" style=\"border:none;overflow:hidden\" scrolling=\"no\" frameborder=\"0\" allowfullscreen=\"true\" allow=\"autoplay; clipboard-write; encrypted-media; picture-in-picture; web-share\" 0=\"\/iframe\" class=\"iframe-class\"><\/iframe>\n<\/p>\n<p><!--more--><\/p>\n<p style=\"text-align: center\">\n<!-- iframe plugin v.6.0 wordpress.org\/plugins\/iframe\/ -->\n<iframe loading=\"lazy\" src=\"https:\/\/www.facebook.com\/plugins\/post.php?href=https%3A%2F%2Fwww.facebook.com%2Fsefutbolfem%2Fposts%2Fpfbid02jeZE86UJtumSiwpxkNjKRUnFTVr3b6dzbAs4vTX5RSwdJ87SKTWVFgxeRM5MZe1Tl&#038;show_text=false&#038;width=500\" width=\"500\" height=\"498\" style=\"border:none;overflow:hidden\" scrolling=\"no\" frameborder=\"0\" allowfullscreen=\"true\" allow=\"autoplay; clipboard-write; encrypted-media; picture-in-picture; web-share\" 0=\"\/iframe\" class=\"iframe-class\"><\/iframe>\n<\/p>\n<p>Nun pudo ser. Espa\u00f1a cay\u00f3 nos penaltis \u00e9nte Inglaterra, pero moviliz\u00f3 a los aficionaos.<\/p>\n<p>&nbsp;<\/p>\n<p style=\"text-align: center\"><a href=\"https:\/\/s2.ppllstatics.com\/rc\/www\/multimedia\/2025\/07\/27\/penaltis-U2302491652653FWG-U2302491652653ahE-1600x1066@RC.jpg\"><img loading=\"lazy\" decoding=\"async\" class=\"aligncenter size-large\" src=\"https:\/\/s2.ppllstatics.com\/rc\/www\/multimedia\/2025\/07\/27\/penaltis-U2302491652653FWG-U2302491652653ahE-1600x1066@RC.jpg\" width=\"1600\" height=\"1066\" \/><\/a><\/p>\n<p>&nbsp;<\/p>\n<p style=\"text-align: center\"><a href=\"https:\/\/s1.ppllstatics.com\/rc\/www\/multimedia\/2025\/07\/27\/uefa.jpg\"><img loading=\"lazy\" decoding=\"async\" class=\"aligncenter size-large\" src=\"https:\/\/s1.ppllstatics.com\/rc\/www\/multimedia\/2025\/07\/27\/uefa.jpg\" width=\"1600\" height=\"1066\" \/><\/a><\/p>\n<p style=\"text-align: center\">\n<!-- iframe plugin v.6.0 wordpress.org\/plugins\/iframe\/ -->\n<iframe loading=\"lazy\" src=\"https:\/\/www.facebook.com\/plugins\/video.php?height=476&#038;href=https%3A%2F%2Fwww.facebook.com%2Freel%2F984718203662165%2F&#038;show_text=false&#038;width=269&#038;t=0\" width=\"269\" height=\"476\" style=\"border:none;overflow:hidden\" scrolling=\"no\" frameborder=\"0\" allowfullscreen=\"true\" allow=\"autoplay; clipboard-write; encrypted-media; picture-in-picture; web-share\" 0=\"\/iframe\" class=\"iframe-class\"><\/iframe>\n<\/p>\n<p>&nbsp;<\/p>\n<p style=\"text-align: center\"><strong>Esther, Bota d&#8217;oru de la Eurocopa<\/strong><\/p>\n<p style=\"text-align: center\"><a href=\"https:\/\/rfef.es\/sites\/default\/files\/styles\/noticias_image_content\/public\/n\/2025-07-07_partido_espana-belgica_2430.jpg.webp?itok=MLyz4Wcg\"><img loading=\"lazy\" decoding=\"async\" class=\"aligncenter size-large\" src=\"https:\/\/rfef.es\/sites\/default\/files\/styles\/noticias_image_content\/public\/n\/2025-07-07_partido_espana-belgica_2430.jpg.webp?itok=MLyz4Wcg\" width=\"960\" height=\"540\" \/><\/a><\/p>\n<\/div>\n<\/div>\n<\/div>\n<\/div>\n<\/div>\n<\/div>\n<p style=\"text-align: center\">\n<!-- iframe plugin v.6.0 wordpress.org\/plugins\/iframe\/ -->\n<iframe loading=\"lazy\" src=\"https:\/\/www.facebook.com\/plugins\/post.php?href=https%3A%2F%2Fwww.facebook.com%2Fsefutbolfem%2Fposts%2Fpfbid0msRgAwEjUt3EHCCRa3C5PBMrfwWmvPwz7mHdCeSJ1fbrQZQQ1oCLEbmSa5sVm57gl&#038;show_text=false&#038;width=500\" width=\"500\" height=\"451\" style=\"border:none;overflow:hidden\" scrolling=\"no\" frameborder=\"0\" allowfullscreen=\"true\" allow=\"autoplay; clipboard-write; encrypted-media; picture-in-picture; web-share\" 0=\"\/iframe\" class=\"iframe-class\"><\/iframe>\n<\/p>\n","protected":false},"excerpt":{"rendered":"<p>Selecci\u00f3n Espa\u00f1ola Femenina de F\u00fatbol \/#WEURO2025 | #JugarLucharYGanar Gracies or faenos sua\u00f1ar. Por tol trabayu. Per cada part\u00edu y cada gol. Foi incre\u00edble percorrer esti cam\u00edn xuntes.<\/p>\n","protected":false},"author":117,"featured_media":0,"comment_status":"closed","ping_status":"open","sticky":false,"template":"","format":"standard","meta":{"footnotes":""},"categories":[133],"tags":[],"class_list":["post-54237","post","type-post","status-publish","format-standard","hentry","category-deportes"],"_links":{"self":[{"href":"https:\/\/edublog.educastur.es\/ixuxu\/wp-json\/wp\/v2\/posts\/54237","targetHints":{"allow":["GET"]}}],"collection":[{"href":"https:\/\/edublog.educastur.es\/ixuxu\/wp-json\/wp\/v2\/posts"}],"about":[{"href":"https:\/\/edublog.educastur.es\/ixuxu\/wp-json\/wp\/v2\/types\/post"}],"author":[{"embeddable":true,"href":"https:\/\/edublog.educastur.es\/ixuxu\/wp-json\/wp\/v2\/users\/117"}],"replies":[{"embeddable":true,"href":"https:\/\/edublog.educastur.es\/ixuxu\/wp-json\/wp\/v2\/comments?post=54237"}],"version-history":[{"count":10,"href":"https:\/\/edublog.educastur.es\/ixuxu\/wp-json\/wp\/v2\/posts\/54237\/revisions"}],"predecessor-version":[{"id":54304,"href":"https:\/\/edublog.educastur.es\/ixuxu\/wp-json\/wp\/v2\/posts\/54237\/revisions\/54304"}],"wp:attachment":[{"href":"https:\/\/edublog.educastur.es\/ixuxu\/wp-json\/wp\/v2\/media?parent=54237"}],"wp:term":[{"taxonomy":"category","embeddable":true,"href":"https:\/\/edublog.educastur.es\/ixuxu\/wp-json\/wp\/v2\/categories?post=54237"},{"taxonomy":"post_tag","embeddable":true,"href":"https:\/\/edublog.educastur.es\/ixuxu\/wp-json\/wp\/v2\/tags?post=54237"}],"curies":[{"name":"wp","href":"https:\/\/api.w.org\/{rel}","templated":true}]}}