{"id":54241,"date":"2025-07-28T08:30:01","date_gmt":"2025-07-28T06:30:01","guid":{"rendered":"https:\/\/edublog.educastur.es\/ixuxu\/?p=54241"},"modified":"2025-07-27T22:23:51","modified_gmt":"2025-07-27T20:23:51","slug":"el-tiempu-el-comercio-104","status":"publish","type":"post","link":"https:\/\/edublog.educastur.es\/ixuxu\/2025\/07\/el-tiempu-el-comercio-104\/","title":{"rendered":"El tiempu (El Comercio)"},"content":{"rendered":"<p style=\"text-align: center\"><a href=\"https:\/\/s3.ppllstatics.com\/elcomercio\/www\/multimedia\/2025\/07\/27\/prevision-tiempo-asturias-kpTC-U2301948938566Ca-1200x860@El%20Comercio.jpg\"><img loading=\"lazy\" decoding=\"async\" class=\"aligncenter size-large\" src=\"https:\/\/s3.ppllstatics.com\/elcomercio\/www\/multimedia\/2025\/07\/27\/prevision-tiempo-asturias-kpTC-U2301948938566Ca-1200x860@El%20Comercio.jpg\" width=\"1200\" height=\"860\" \/><\/a><\/p>\n<p><strong>Vamos empezar la selmana<\/strong> con un d\u00eda marc\u00e1u pola nubosid\u00e1. <strong>Los cielos<\/strong> van tar cubiertos con, a lo sumo, delles escamplaes escontra&#8217;l suroccidente. Estes nubes van dexar precipitaciones d\u00e9biles mientres el d\u00eda que van ser m\u00e1s frecuentes escontra l&#8217;oriente asturianu. <strong>Los vientos<\/strong> van predominar de norte-nordeste fluexos polo xeneral. <strong>Les temperatures m\u00e1ximes<\/strong> van caltenese ensin cambeos na mari\u00f1a y prelitoral pero va baxar nel restu, siendo&#8217;l descensu m\u00e1s significativu cuanto m\u00e1s movamos escontra&#8217;l cordal onde van baxar hasta 4 \u00baC respectu al domingu. <strong>Les m\u00ednimes<\/strong>, sicas\u00ed, van xubir de forma xeneralizada en tola rex\u00f3n ente 2 y 3 \u00baC.<\/p>\n<p><!--more--><\/p>\n<p><strong> El martes<\/strong> vamos amanecer tami\u00e9n con nube baxes pero, conforme vaiga trescurriendo la xornada, van abrise claros pudiendo quedar los cielos estenos en munchos puntos d&#8217;Asturies. Comoquier, nun se refuga dalg\u00fan orbayu a primeres hores, especialmente nel oriente. Les temperatures, el martes, van ser pr\u00e1cticamente un calcu a les del llunes. Nam\u00e1, podr\u00eden xubir un pocu nel cordal central.<\/p>\n<p><strong>El mi\u00e9rcoles<\/strong> vamos tener intervalos nublos con m\u00e1s claros mientres les hores centrales del d\u00eda.<\/p>\n","protected":false},"excerpt":{"rendered":"<p>Vamos empezar la selmana con un d\u00eda marc\u00e1u pola nubosid\u00e1. Los cielos van tar cubiertos con, a lo sumo, delles escamplaes escontra&#8217;l suroccidente. Estes nubes van dexar precipitaciones d\u00e9biles mientres el d\u00eda que van ser m\u00e1s frecuentes escontra l&#8217;oriente asturianu. Los vientos van predominar de norte-nordeste fluexos polo xeneral. Les temperatures m\u00e1ximes van caltenese ensin [&hellip;]<\/p>\n","protected":false},"author":117,"featured_media":0,"comment_status":"closed","ping_status":"open","sticky":false,"template":"","format":"standard","meta":{"footnotes":""},"categories":[5],"tags":[],"class_list":["post-54241","post","type-post","status-publish","format-standard","hentry","category-tiempu"],"_links":{"self":[{"href":"https:\/\/edublog.educastur.es\/ixuxu\/wp-json\/wp\/v2\/posts\/54241","targetHints":{"allow":["GET"]}}],"collection":[{"href":"https:\/\/edublog.educastur.es\/ixuxu\/wp-json\/wp\/v2\/posts"}],"about":[{"href":"https:\/\/edublog.educastur.es\/ixuxu\/wp-json\/wp\/v2\/types\/post"}],"author":[{"embeddable":true,"href":"https:\/\/edublog.educastur.es\/ixuxu\/wp-json\/wp\/v2\/users\/117"}],"replies":[{"embeddable":true,"href":"https:\/\/edublog.educastur.es\/ixuxu\/wp-json\/wp\/v2\/comments?post=54241"}],"version-history":[{"count":3,"href":"https:\/\/edublog.educastur.es\/ixuxu\/wp-json\/wp\/v2\/posts\/54241\/revisions"}],"predecessor-version":[{"id":54244,"href":"https:\/\/edublog.educastur.es\/ixuxu\/wp-json\/wp\/v2\/posts\/54241\/revisions\/54244"}],"wp:attachment":[{"href":"https:\/\/edublog.educastur.es\/ixuxu\/wp-json\/wp\/v2\/media?parent=54241"}],"wp:term":[{"taxonomy":"category","embeddable":true,"href":"https:\/\/edublog.educastur.es\/ixuxu\/wp-json\/wp\/v2\/categories?post=54241"},{"taxonomy":"post_tag","embeddable":true,"href":"https:\/\/edublog.educastur.es\/ixuxu\/wp-json\/wp\/v2\/tags?post=54241"}],"curies":[{"name":"wp","href":"https:\/\/api.w.org\/{rel}","templated":true}]}}