{"id":54288,"date":"2025-07-28T09:10:04","date_gmt":"2025-07-28T07:10:04","guid":{"rendered":"https:\/\/edublog.educastur.es\/ixuxu\/?p=54288"},"modified":"2025-07-28T22:52:09","modified_gmt":"2025-07-28T20:52:09","slug":"gloria-fuertes-el-corazon-de-la-tierra","status":"publish","type":"post","link":"https:\/\/edublog.educastur.es\/ixuxu\/2025\/07\/gloria-fuertes-el-corazon-de-la-tierra\/","title":{"rendered":"Recordamos a Gloria Fuertes nel so aniversariu de nacencia"},"content":{"rendered":"<p style=\"text-align: center\"><em><span style=\"color: #008080;font-size: 28px\"><strong><span style=\"text-decoration: underline\">EL CORAZ\u00d3N DE LA TIERRA<\/span><\/strong><\/span><\/em><br \/>\n<span style=\"text-decoration: underline;font-size: 28px;color: #008080\">Gloria Fuertes<\/span><\/p>\n<p style=\"text-align: center\"><em><span style=\"font-size: 24px;color: #008080\">El coraz\u00f3n de la Tierra <\/span><\/em><br \/>\n<em><span style=\"font-size: 24px;color: #008080\">tien homes que lu esga\u00f1en.<\/span><\/em><br \/>\n<em><span style=\"font-size: 24px;color: #008080\">La Tierra ye bien vieya.<\/span><\/em><br \/>\n<em><span style=\"font-size: 24px;color: #008080\">Sufre ataques al coraz\u00f3n<\/span><\/em><br \/>\n<em><span style=\"font-size: 24px;color: #008080\">nes sos coraes.<\/span><\/em><\/p>\n<p style=\"text-align: center\"><em><span style=\"font-size: 24px;color: #008080\">Los sos volcanes, <\/span><\/em><br \/>\n<em><span style=\"font-size: 24px;color: #008080\">llaten demasi\u00e1u <\/span><\/em><br \/>\n<em><span style=\"font-size: 24px;color: #008080\">por escesu d&#8217;odiu y de lava.<\/span><\/em><\/p>\n<p style=\"text-align: center\"><em><span style=\"font-size: 24px;color: #008080\">La Tierra nun ta para munchos trotes<\/span><\/em><br \/>\n<em><span style=\"font-size: 24px;color: #008080\">ta cansada.<\/span><\/em><br \/>\n<em><span style=\"font-size: 24px;color: #008080\">Cuando sotierren nella ne\u00f1os<\/span><\/em><br \/>\n<em><span style=\"font-size: 24px;color: #008080\">con metralla dan-y arcaes.<\/span><\/em><\/p>\n<p><a href=\"https:\/\/pongamosquehablodemadrid.com\/wp-content\/uploads\/2017\/09\/centenario-gloria-fuertes-1917-1998-gloriafuertes100-el-balcon-de-gloria-fuertes-20-09-2017-pobre-de-nacimiento.jpg\"><img loading=\"lazy\" decoding=\"async\" class=\"aligncenter \" src=\"https:\/\/pongamosquehablodemadrid.com\/wp-content\/uploads\/2017\/09\/centenario-gloria-fuertes-1917-1998-gloriafuertes100-el-balcon-de-gloria-fuertes-20-09-2017-pobre-de-nacimiento.jpg\" width=\"524\" height=\"393\" \/><\/a><\/p>\n<p style=\"text-align: center\">Gloria Fuertes naci\u00f3 en Madrid un 28 de xunetu de 1917 (<a href=\"https:\/\/www.cervantes.es\/bibliotecas_documentacion_espanol\/creadores\/fuertes_gloria.htm\">Bio<\/a>)<\/p>\n","protected":false},"excerpt":{"rendered":"<p>EL CORAZ\u00d3N DE LA TIERRA Gloria Fuertes El coraz\u00f3n de la Tierra tien homes que lu esga\u00f1en. La Tierra ye bien vieya. Sufre ataques al coraz\u00f3n nes sos coraes. Los sos volcanes, llaten demasi\u00e1u por escesu d&#8217;odiu y de lava. La Tierra nun ta para munchos trotes ta cansada. Cuando sotierren nella ne\u00f1os con metralla [&hellip;]<\/p>\n","protected":false},"author":117,"featured_media":0,"comment_status":"closed","ping_status":"open","sticky":false,"template":"","format":"standard","meta":{"footnotes":""},"categories":[39],"tags":[],"class_list":["post-54288","post","type-post","status-publish","format-standard","hentry","category-poesia"],"_links":{"self":[{"href":"https:\/\/edublog.educastur.es\/ixuxu\/wp-json\/wp\/v2\/posts\/54288","targetHints":{"allow":["GET"]}}],"collection":[{"href":"https:\/\/edublog.educastur.es\/ixuxu\/wp-json\/wp\/v2\/posts"}],"about":[{"href":"https:\/\/edublog.educastur.es\/ixuxu\/wp-json\/wp\/v2\/types\/post"}],"author":[{"embeddable":true,"href":"https:\/\/edublog.educastur.es\/ixuxu\/wp-json\/wp\/v2\/users\/117"}],"replies":[{"embeddable":true,"href":"https:\/\/edublog.educastur.es\/ixuxu\/wp-json\/wp\/v2\/comments?post=54288"}],"version-history":[{"count":5,"href":"https:\/\/edublog.educastur.es\/ixuxu\/wp-json\/wp\/v2\/posts\/54288\/revisions"}],"predecessor-version":[{"id":54311,"href":"https:\/\/edublog.educastur.es\/ixuxu\/wp-json\/wp\/v2\/posts\/54288\/revisions\/54311"}],"wp:attachment":[{"href":"https:\/\/edublog.educastur.es\/ixuxu\/wp-json\/wp\/v2\/media?parent=54288"}],"wp:term":[{"taxonomy":"category","embeddable":true,"href":"https:\/\/edublog.educastur.es\/ixuxu\/wp-json\/wp\/v2\/categories?post=54288"},{"taxonomy":"post_tag","embeddable":true,"href":"https:\/\/edublog.educastur.es\/ixuxu\/wp-json\/wp\/v2\/tags?post=54288"}],"curies":[{"name":"wp","href":"https:\/\/api.w.org\/{rel}","templated":true}]}}