{"id":54297,"date":"2025-07-28T15:00:29","date_gmt":"2025-07-28T13:00:29","guid":{"rendered":"https:\/\/edublog.educastur.es\/ixuxu\/?p=54297"},"modified":"2025-07-28T22:24:58","modified_gmt":"2025-07-28T20:24:58","slug":"el-museu-de-belles-artes-dasturies-incorpora-una-obra-duna-romeria","status":"publish","type":"post","link":"https:\/\/edublog.educastur.es\/ixuxu\/2025\/07\/el-museu-de-belles-artes-dasturies-incorpora-una-obra-duna-romeria\/","title":{"rendered":"El Mus\u00e9u de Belles Artes d\u2019Asturies incorpora una obra d&#8217;una romer\u00eda"},"content":{"rendered":"<div class=\"html-div xdj266r x14z9mp xat24cr x1lziwak xexx8yu x1a8lsjc xf7dkkf xv54qhq\">\n<div class=\"html-div xdj266r x14z9mp xat24cr x1lziwak xexx8yu xyri2b x18d9i69 x1c1uobl x1jx94hy x78zum5 x1q0g3np\">\n<div class=\"x78zum5 xdt5ytf xz62fqu x16ldp7u\">\n<div class=\"xu06os2 x1ok221b\">\n<div class=\"html-div xdj266r x14z9mp xat24cr x1lziwak xexx8yu xyri2b x18d9i69 x1c1uobl\" data-ad-rendering-role=\"profile_name\">\n<ul>\n<li class=\"html-h3 x14z9mp xat24cr x1lziwak xexx8yu xyri2b x18d9i69 x1c1uobl x1vvkbs x1heor9g x1qlqyl8 x1pd3egz x1a2a7pz x1gslohp x1yc453h\"><span class=\"x1lliihq x6ikm8r x10wlt62 x1n2onr6\"><span class=\"xt0psk2\"><a class=\"x1i10hfl xjbqb8w x1ejq31n x18oe1m7 x1sy0etr xstzfhl x972fbf x10w94by x1qhh985 x14e42zd x9f619 x1ypdohk xt0psk2 xe8uvvx xdj266r x14z9mp xat24cr x1lziwak xexx8yu xyri2b x18d9i69 x1c1uobl x16tdsg8 x1hl2dhg xggy1nq x1a2a7pz xkrqix3 x1sur9pj xzsf02u x1s688f\" role=\"link\" href=\"https:\/\/www.facebook.com\/culturaAST?__cft__[0]=AZWu5xywLFJm87ybcGEH3seOmTuu8YYSPKDavghrP3u7ZUJpBbcNrC6WzRlbF0uWQ-chFhgXjFVWIgsKud7VJfrOFEnO54oSaqpm_jAcfIOp8p6DbbvLCRP0vQUU3o3uq7jgtsfQYnfymwCbNJG-2wE2zDbgYYgkR7z9EPqS9dioO2eDnwlbk3QQCndzm7IKQnMtCThY8m7u9xGsCWyH4V_PVF3VukS3QzuBVvl_EutIFA&amp;__tn__=-UC%2CP-y-R\"><strong class=\"html-strong xdj266r x14z9mp xat24cr x1lziwak xexx8yu xyri2b x18d9i69 x1c1uobl x1hl2dhg x16tdsg8 x1vvkbs x1s688f\"><span class=\"html-span xdj266r x14z9mp xat24cr x1lziwak xexx8yu xyri2b x18d9i69 x1c1uobl x1hl2dhg x16tdsg8 x1vvkbs\">Conseyer\u00eda de Cultura, Pol\u00edtica Lling\u00fc\u00edstica y Deporte<\/span><\/strong><\/a><\/span><\/span><\/li>\n<\/ul>\n<\/div>\n<\/div>\n<\/div>\n<\/div>\n<\/div>\n<div class=\"html-div xdj266r x14z9mp xat24cr x1lziwak xexx8yu xyri2b x18d9i69 x1c1uobl\" dir=\"auto\">\n<div class=\"html-div xdj266r x14z9mp xat24cr x1lziwak xexx8yu xyri2b x18d9i69 x1c1uobl\" dir=\"auto\">\n<div class=\"html-div xdj266r x14z9mp xat24cr x1lziwak xexx8yu xyri2b x18d9i69 x1c1uobl\" data-ad-rendering-role=\"story_message\">\n<div class=\"x1l90r2v x1iorvi4 x1g0dm76 xpdmqnj\" data-ad-comet-preview=\"message\" data-ad-preview=\"message\">\n<div class=\"x78zum5 xdt5ytf xz62fqu x16ldp7u\">\n<div class=\"xu06os2 x1ok221b\">\n<div class=\"html-div xdj266r x14z9mp xat24cr x1lziwak xexx8yu xyri2b x18d9i69 x1c1uobl\">\n<div class=\"xdj266r x14z9mp xat24cr x1lziwak x1vvkbs x126k92a\">\n<ul>\n<li dir=\"auto\"><span class=\"html-span xexx8yu xyri2b x18d9i69 x1c1uobl x1hl2dhg x16tdsg8 x1vvkbs x3nfvp2 x1j61x8r x1fcty0u xdj266r xat24cr xm2jcoa x1mpyi22 xxymvpz xlup9mm x1kky2od\"><img loading=\"lazy\" decoding=\"async\" class=\"xz74otr x15mokao x1ga7v0g x16uus16 xbiv7yw\" src=\"https:\/\/static.xx.fbcdn.net\/images\/emoji.php\/v9\/t82\/1\/16\/1f3a8.png\" alt=\"\ud83c\udfa8\" width=\"16\" height=\"16\" \/><\/span> El Mus\u00e9u de Belles Artes d\u2019Asturies incorpora una obra in\u00e9dita de Juan Pel\u00e1ez,<a href=\"https:\/\/www.setdart.com\/subasta\/displayimage\/ultimos-lotes-adjudicados\/pid=351460595.html\"><strong> \u00abRecuerdo de la Romer\u00eda de Nuestra Se\u00f1ora de Lug\u00e1s\u00bb<\/strong><\/a>, adquirida en subasta p\u00fablica. <a href=\"https:\/\/actualidad.asturias.es\/-\/el-museo-de-bellas-artes-de-asturias-adquiere-en-subasta-p\u00fablica-una-obra-in\u00e9dita-del-pintor-e-ilustrador-juan-pel\u00e1ez?redirect=%2F\">Actualid\u00e1 Asturies<\/a><\/li>\n<\/ul>\n<p style=\"text-align: center\"><a href=\"https:\/\/actualidad.asturias.es\/documents\/537115\/2708997\/2025_07_28+Cuadro+Juan+Pelaez.jpeg\/a475e109-3ef1-9022-1f82-4eae691f7dbd?t=1753716706665\"><img loading=\"lazy\" decoding=\"async\" class=\"aligncenter size-large\" src=\"https:\/\/actualidad.asturias.es\/documents\/537115\/2708997\/2025_07_28+Cuadro+Juan+Pelaez.jpeg\/a475e109-3ef1-9022-1f82-4eae691f7dbd?t=1753716706665\" width=\"1609\" height=\"1000\" \/><\/a><\/p>\n<\/div>\n<div class=\"x14z9mp xat24cr x1lziwak x1vvkbs xtlvy1s x126k92a\">\n<ul>\n<li dir=\"auto\"><span class=\"html-span xexx8yu xyri2b x18d9i69 x1c1uobl x1hl2dhg x16tdsg8 x1vvkbs x3nfvp2 x1j61x8r x1fcty0u xdj266r xat24cr xm2jcoa x1mpyi22 xxymvpz xlup9mm x1kky2od\"><img loading=\"lazy\" decoding=\"async\" class=\"xz74otr x15mokao x1ga7v0g x16uus16 xbiv7yw\" src=\"https:\/\/static.xx.fbcdn.net\/images\/emoji.php\/v9\/t4e\/1\/16\/1f5bc.png\" alt=\"\ud83d\uddbc\ufe0f\" width=\"16\" height=\"16\" \/><\/span> <a href=\"https:\/\/actualidad.asturias.es\/documents\/537115\/2708997\/2025_07_28+Cuadro+Juan+Pelaez.jpeg\/a475e109-3ef1-9022-1f82-4eae691f7dbd?t=1753716706665\"><strong>El cuadru<\/strong><\/a>, un oleu sobre cart\u00f3n de gran calid\u00e1 y cuid\u00e1u crom\u00e1ticu, retrata una romer\u00eda popular asturiana y s\u00famase a los 15 trabayos del artista bual\u00e9s y emigr\u00e1u n\u2019Arxentina que y\u00e1 formen parte del <span class=\"html-span xdj266r x14z9mp xat24cr x1lziwak xexx8yu xyri2b x18d9i69 x1c1uobl x1hl2dhg x16tdsg8 x1vvkbs\"><a class=\"x1i10hfl xjbqb8w x1ejq31n x18oe1m7 x1sy0etr xstzfhl x972fbf x10w94by x1qhh985 x14e42zd x9f619 x1ypdohk xt0psk2 xe8uvvx xdj266r x14z9mp xat24cr x1lziwak xexx8yu xyri2b x18d9i69 x1c1uobl x16tdsg8 x1hl2dhg xggy1nq x1a2a7pz xkrqix3 x1sur9pj x1fey0fg x1s688f\" role=\"link\" href=\"https:\/\/www.facebook.com\/museobellasartesasturias?__cft__[0]=AZWu5xywLFJm87ybcGEH3seOmTuu8YYSPKDavghrP3u7ZUJpBbcNrC6WzRlbF0uWQ-chFhgXjFVWIgsKud7VJfrOFEnO54oSaqpm_jAcfIOp8p6DbbvLCRP0vQUU3o3uq7jgtsfQYnfymwCbNJG-2wE2zDbgYYgkR7z9EPqS9dioO2eDnwlbk3QQCndzm7IKQnMtCThY8m7u9xGsCWyH4V_PVF3VukS3QzuBVvl_EutIFA&amp;__tn__=-]K-y-R\"><span class=\"xt0psk2\"><span class=\"xjp7ctv\">Museo de Bellas Artes de Asturias<\/span><\/span><\/a><\/span>.<\/li>\n<\/ul>\n<p><!--more--><\/p>\n<ul>\n<li dir=\"auto\"><em>JUAN PEL\u00c1EZ (Serandinas, Asturies, 1880 \u2013 Buenos Aires, 1937).<\/em><br \/>\n<em>\u201cRecuerdo de la Romer\u00eda de Nuestra Se\u00f1ora de Lug\u00e1s (Asturias)\u201d.<\/em><br \/>\n<em>\u00d3leo sobre cart\u00f3n duro.<\/em><br \/>\n<em>Firm\u00e1u y titul\u00e1u nel \u00e1ngulu inferior izquierdo.<br \/>\nRoblada pol autor y en bon est\u00e1u de caltenimientu.<\/em><br \/>\n<em>Medides: 31 x 50 cm; 47 x 66 cm (marco).<\/em><\/li>\n<\/ul>\n<p>La conseyera de Cultura Vanessa Guti\u00e9rrez, confirm\u00f3 esta ma\u00f1ana na xunta de gobiernu del Mus\u00e9u de Belles Artes d&#8217;Asturies l&#8217;alquisici\u00f3n d&#8217;una obra del pintor y ilustrador asturianu Juan Pel\u00e1ez (Serand\u00edas, Boal, 1881 \u2013 Villa Ballester, Bonos Aires, 1937), que sali\u00f3 a puya&#8217;l pas\u00e1u 17 de xunu na casa espa\u00f1ola Setdart.<\/p>\n<p><strong>La obra representa xuna animada panor\u00e1mica festiva en redol a una romer\u00eda con personaxes part\u00edos ente una prader\u00eda abierta y xuna escampada cimera, un conxuntu enmarc\u00e1u por un paisaxe arbol\u00e1u y un cielu motudu de nubes. Destaca&#8217;l tratamientu crom\u00e1ticu, especialmente na gama de verdes, y la t\u00e9cnica suelto y lluminoso emplegada pol artista, que llogra tresmitir una escena id\u00edlico y emocional.<\/strong><\/p>\n<p>Juan Pel\u00e1ez formar na Real Academia de San Fernando baxu #tutelar de maestros como Jos\u00e9 Moreno Carboneru y Antonio Mu\u00f1oz Degra\u00edn, antes d&#8217;emigrar a Arxentina en 1904. Ell\u00ed desenvolvi\u00f3 la so carrera como pintor y ilustrador, y g\u00fcei la so obra forma parte de colecciones relevantes como les del Mus\u00e9u de Belles Artes de Bonos Aires o&#8217;l Centru Asturianu de la capital arxentina.<\/p>\n<p>L&#8217;equipamientu asturianu cuenta con cuatro pintures y once dibuxos del artista ente los sos fondos, a los qu&#8217;<strong>agora s&#8217;incorpora un cuadru de gran calid\u00e1 que complementa y arriquez la colecci\u00f3n d&#8217;obres de Pel\u00e1ez del Belles Artes.<\/strong><\/p>\n<\/div>\n<\/div>\n<\/div>\n<\/div>\n<\/div>\n<\/div>\n<\/div>\n<\/div>\n<p>&nbsp;<\/p>\n","protected":false},"excerpt":{"rendered":"<p>Conseyer\u00eda de Cultura, Pol\u00edtica Lling\u00fc\u00edstica y Deporte El Mus\u00e9u de Belles Artes d\u2019Asturies incorpora una obra in\u00e9dita de Juan Pel\u00e1ez, \u00abRecuerdo de la Romer\u00eda de Nuestra Se\u00f1ora de Lug\u00e1s\u00bb, adquirida en subasta p\u00fablica. Actualid\u00e1 Asturies El cuadru, un oleu sobre cart\u00f3n de gran calid\u00e1 y cuid\u00e1u crom\u00e1ticu, retrata una romer\u00eda popular asturiana y s\u00famase a [&hellip;]<\/p>\n","protected":false},"author":117,"featured_media":0,"comment_status":"closed","ping_status":"open","sticky":false,"template":"","format":"standard","meta":{"footnotes":""},"categories":[89,15],"tags":[],"class_list":["post-54297","post","type-post","status-publish","format-standard","hentry","category-arte","category-museos"],"_links":{"self":[{"href":"https:\/\/edublog.educastur.es\/ixuxu\/wp-json\/wp\/v2\/posts\/54297","targetHints":{"allow":["GET"]}}],"collection":[{"href":"https:\/\/edublog.educastur.es\/ixuxu\/wp-json\/wp\/v2\/posts"}],"about":[{"href":"https:\/\/edublog.educastur.es\/ixuxu\/wp-json\/wp\/v2\/types\/post"}],"author":[{"embeddable":true,"href":"https:\/\/edublog.educastur.es\/ixuxu\/wp-json\/wp\/v2\/users\/117"}],"replies":[{"embeddable":true,"href":"https:\/\/edublog.educastur.es\/ixuxu\/wp-json\/wp\/v2\/comments?post=54297"}],"version-history":[{"count":1,"href":"https:\/\/edublog.educastur.es\/ixuxu\/wp-json\/wp\/v2\/posts\/54297\/revisions"}],"predecessor-version":[{"id":54298,"href":"https:\/\/edublog.educastur.es\/ixuxu\/wp-json\/wp\/v2\/posts\/54297\/revisions\/54298"}],"wp:attachment":[{"href":"https:\/\/edublog.educastur.es\/ixuxu\/wp-json\/wp\/v2\/media?parent=54297"}],"wp:term":[{"taxonomy":"category","embeddable":true,"href":"https:\/\/edublog.educastur.es\/ixuxu\/wp-json\/wp\/v2\/categories?post=54297"},{"taxonomy":"post_tag","embeddable":true,"href":"https:\/\/edublog.educastur.es\/ixuxu\/wp-json\/wp\/v2\/tags?post=54297"}],"curies":[{"name":"wp","href":"https:\/\/api.w.org\/{rel}","templated":true}]}}