{"id":54318,"date":"2025-07-30T10:00:15","date_gmt":"2025-07-30T08:00:15","guid":{"rendered":"https:\/\/edublog.educastur.es\/ixuxu\/?p=54318"},"modified":"2025-08-29T13:47:59","modified_gmt":"2025-08-29T11:47:59","slug":"conciertu-del-renomau-musicu-asturianu-jose-manuel-tejedor","status":"publish","type":"post","link":"https:\/\/edublog.educastur.es\/ixuxu\/2025\/07\/conciertu-del-renomau-musicu-asturianu-jose-manuel-tejedor\/","title":{"rendered":"Conciertu del renom\u00e1u m\u00fasicu asturianu Jos\u00e9 Manuel Tejedor"},"content":{"rendered":"<p>Preparando tola artiller\u00eda para\u2019l mi\u00e9rcoles nel Arcu Atl\u00e1nticu en Xix\u00f3n en El Tendayu, nel pueblu d\u2019Asturies a les 19:30.V\u00e9monos!!!\u2764\ufe0f\u200d\ud83d\udd25<a class=\"x1i10hfl xjbqb8w x1ejq31n x18oe1m7 x1sy0etr xstzfhl x972fbf x10w94by x1qhh985 x14e42zd x9f619 x1ypdohk xt0psk2 x3ct3a4 xdj266r x14z9mp xat24cr x1lziwak xexx8yu xyri2b x18d9i69 x1c1uobl x16tdsg8 x1hl2dhg xggy1nq x1a2a7pz notranslate _a6hd\" role=\"link\" href=\"https:\/\/www.instagram.com\/arcuatlanticu\/?hl=es\">@arcuatlanticu<\/a><\/p>\n<p style=\"text-align: center\"><span class=\"x193iq5w xeuugli x13faqbe x1vvkbs xt0psk2 x1i0vuye xvs91rp xo1l8bm x5n08af x10wh9bi xpm28yp x8viiok x1o7cslx x126k92a\"><span class=\"html-span xexx8yu x4uap5 x18d9i69 xkhd6sd x1hl2dhg x16tdsg8 x1vvkbs x3nfvp2 x1j61x8r x1fcty0u xdj266r xat24cr xgzva0m xhhsvwb xxymvpz xlup9mm x1kky2od\">\n<!-- iframe plugin v.6.0 wordpress.org\/plugins\/iframe\/ -->\n<iframe loading=\"lazy\" src=\"https:\/\/www.instagram.com\/reel\/DMqba0vIHu-\/embed\" width=\"640\" height=\"460\" 0=\"\/iframe\" scrolling=\"yes\" class=\"iframe-class\" frameborder=\"0\"><\/iframe>\n<\/span><\/span><\/p>\n<p style=\"text-align: center\"><span style=\"color: #008080\"><strong>\ud83d\udcc6Mi\u00e9rcoles 30 xunetu \/ <\/strong><strong>\ud83d\udccdMus\u00e9u Pueblu d\u00b4Asturies \/ <\/strong><strong>\u23f119.30 h<\/strong><\/span><\/p>\n<p>Conciertu del renom\u00e1u m\u00fasicu asturianu Jos\u00e9 Manuel Tejedor que, pa esta ocasi\u00f3n y acompa\u00f1\u00e1u de distintos m\u00fasicos y amigos de la m\u00fasica asturiana , va facer un repasu pel so repertoriu principal, form\u00e1u por temes recuperaos de la tradici\u00f3n oral y tami\u00e9n por composiciones del propiu gaiteru, que recurre a t\u00e9uniques tradicionales y d\u2019angua\u00f1o pa ufiertar la so visi\u00f3n particular del nuestru paisaxe sonoru. <a class=\"x1i10hfl xjbqb8w x1ejq31n x18oe1m7 x1sy0etr xstzfhl x972fbf x10w94by x1qhh985 x14e42zd x9f619 x1ypdohk xt0psk2 xe8uvvx xdj266r x14z9mp xat24cr x1lziwak xexx8yu xyri2b x18d9i69 x1c1uobl x16tdsg8 x1hl2dhg xggy1nq x1a2a7pz _aa9_ _a6hd\" role=\"link\" href=\"https:\/\/www.instagram.com\/explore\/tags\/arcuatl%C3%A1nticu\/\">#ArcuAtl\u00e1nticu<\/a>\u00a0<a class=\"x1i10hfl xjbqb8w x1ejq31n x18oe1m7 x1sy0etr xstzfhl x972fbf x10w94by x1qhh985 x14e42zd x9f619 x1ypdohk xt0psk2 xe8uvvx xdj266r x14z9mp xat24cr x1lziwak xexx8yu xyri2b x18d9i69 x1c1uobl x16tdsg8 x1hl2dhg xggy1nq x1a2a7pz _aa9_ _a6hd\" role=\"link\" href=\"https:\/\/www.instagram.com\/explore\/tags\/xix%C3%B3n\/\">#Xix\u00f3n<\/a>\u00a0<a class=\"x1i10hfl xjbqb8w x1ejq31n x18oe1m7 x1sy0etr xstzfhl x972fbf x10w94by x1qhh985 x14e42zd x9f619 x1ypdohk xt0psk2 xe8uvvx xdj266r x14z9mp xat24cr x1lziwak xexx8yu xyri2b x18d9i69 x1c1uobl x16tdsg8 x1hl2dhg xggy1nq x1a2a7pz _aa9_ _a6hd\" role=\"link\" href=\"https:\/\/www.instagram.com\/explore\/tags\/branu\/\">#Branu<\/a><\/p>\n","protected":false},"excerpt":{"rendered":"<p>Preparando tola artiller\u00eda para\u2019l mi\u00e9rcoles nel Arcu Atl\u00e1nticu en Xix\u00f3n en El Tendayu, nel pueblu d\u2019Asturies a les 19:30.V\u00e9monos!!!\u2764\ufe0f\u200d\ud83d\udd25@arcuatlanticu \ud83d\udcc6Mi\u00e9rcoles 30 xunetu \/ \ud83d\udccdMus\u00e9u Pueblu d\u00b4Asturies \/ \u23f119.30 h Conciertu del renom\u00e1u m\u00fasicu asturianu Jos\u00e9 Manuel Tejedor que, pa esta ocasi\u00f3n y acompa\u00f1\u00e1u de distintos m\u00fasicos y amigos de la m\u00fasica asturiana , va facer [&hellip;]<\/p>\n","protected":false},"author":117,"featured_media":0,"comment_status":"closed","ping_status":"open","sticky":false,"template":"","format":"standard","meta":{"footnotes":""},"categories":[425,35,125],"tags":[],"class_list":["post-54318","post","type-post","status-publish","format-standard","hentry","category-gaita","category-musica","category-musicasturiana-com"],"_links":{"self":[{"href":"https:\/\/edublog.educastur.es\/ixuxu\/wp-json\/wp\/v2\/posts\/54318","targetHints":{"allow":["GET"]}}],"collection":[{"href":"https:\/\/edublog.educastur.es\/ixuxu\/wp-json\/wp\/v2\/posts"}],"about":[{"href":"https:\/\/edublog.educastur.es\/ixuxu\/wp-json\/wp\/v2\/types\/post"}],"author":[{"embeddable":true,"href":"https:\/\/edublog.educastur.es\/ixuxu\/wp-json\/wp\/v2\/users\/117"}],"replies":[{"embeddable":true,"href":"https:\/\/edublog.educastur.es\/ixuxu\/wp-json\/wp\/v2\/comments?post=54318"}],"version-history":[{"count":4,"href":"https:\/\/edublog.educastur.es\/ixuxu\/wp-json\/wp\/v2\/posts\/54318\/revisions"}],"predecessor-version":[{"id":56421,"href":"https:\/\/edublog.educastur.es\/ixuxu\/wp-json\/wp\/v2\/posts\/54318\/revisions\/56421"}],"wp:attachment":[{"href":"https:\/\/edublog.educastur.es\/ixuxu\/wp-json\/wp\/v2\/media?parent=54318"}],"wp:term":[{"taxonomy":"category","embeddable":true,"href":"https:\/\/edublog.educastur.es\/ixuxu\/wp-json\/wp\/v2\/categories?post=54318"},{"taxonomy":"post_tag","embeddable":true,"href":"https:\/\/edublog.educastur.es\/ixuxu\/wp-json\/wp\/v2\/tags?post=54318"}],"curies":[{"name":"wp","href":"https:\/\/api.w.org\/{rel}","templated":true}]}}