{"id":54329,"date":"2025-07-28T14:35:23","date_gmt":"2025-07-28T12:35:23","guid":{"rendered":"https:\/\/edublog.educastur.es\/ixuxu\/?p=54329"},"modified":"2025-07-29T11:41:18","modified_gmt":"2025-07-29T09:41:18","slug":"larcu-atlanticu-espurrise-hasta-los-diez-dies-en-xixon","status":"publish","type":"post","link":"https:\/\/edublog.educastur.es\/ixuxu\/2025\/07\/larcu-atlanticu-espurrise-hasta-los-diez-dies-en-xixon\/","title":{"rendered":"L&#8217;Arcu Atl\u00e1nticu espurrise hasta los diez d\u00edes en Xix\u00f3n"},"content":{"rendered":"<p>L&#8217;Arcu Atl\u00e1nticu espurrise hasta los diez d\u00edes en Xix\u00f3n: 60 actividaes nel so d\u00e9cimu aniversariu. Va celebrase del<strong> 25 de xunetu al 3 d&#8217;agostu<\/strong> en diez escenarios y ente les sos novedaes, \u00abva potenciar la identid\u00e1 cultural que supon la m\u00fasica coral\u00bb.<a href=\"https:\/\/www.instagram.com\/arcuatlanticu\"> https:\/\/www.instagram.com\/arcuatlanticu<\/a><\/p>\n<p style=\"text-align: center\"><span class=\"x193iq5w xeuugli x13faqbe x1vvkbs xt0psk2 x1i0vuye xvs91rp xo1l8bm x5n08af x10wh9bi xpm28yp x8viiok x1o7cslx x126k92a\"><span class=\"html-span xexx8yu x4uap5 x18d9i69 xkhd6sd x1hl2dhg x16tdsg8 x1vvkbs x3nfvp2 x1j61x8r x1fcty0u xdj266r xat24cr xgzva0m xhhsvwb xxymvpz xlup9mm x1kky2od\">\n<!-- iframe plugin v.6.0 wordpress.org\/plugins\/iframe\/ -->\n<iframe loading=\"lazy\" src=\"https:\/\/www.instagram.com\/reel\/DMPoEfNv1Vm\/embed\" width=\"460\" height=\"620\" 0=\"\/iframe\" scrolling=\"yes\" class=\"iframe-class\" frameborder=\"0\"><\/iframe>\n<\/span><\/span><\/p>\n<p>N&#8217;asturianu, reivindicando la celebraci\u00f3n d&#8217;esti festival \u00abque tanto nos cost\u00f3 recuperar\u00bb y animando a la xente a que sala a les cais \u00abcon munches ganes de celebrar una gran folixa n&#8217;honor a la nuesa rica y diversa cultura\u00bb.<\/p>\n<p><!--more--><\/p>\n<p>Asina present\u00f3 ayeri la concejala de Cultura, Montserrat L\u00f3pez Moru,<strong> la X edici\u00f3n del Festival Arcu Atl\u00e1nticu.<\/strong> El programa naci\u00f3 en 2012 y volvi\u00f3 el pas\u00e1u a\u00f1u \u2013tres cinco de par\u00f3n al ser suspend\u00edu na etapa de l&#8217;alcaldesa Ana Gonz\u00e1lez\u2013 \u00abcon m\u00e1s fuerza que nunca y bien anov\u00e1u\u00bb, destac\u00f3 la edil.<\/p>\n<p>L&#8217;Arcu va estendese mientres diez d\u00edes.<strong> El gruesu cultural del festival va tener llugar del martes 29 de xunetu al domingu 3 d&#8217;agostu<\/strong>. Va haber cuatro d\u00edes m\u00e1s porque&#8217;l tradicional merc\u00e1u gastron\u00f3micu va arrincar el vienres 25 de xunetu en Campo Vald\u00e9s con Portugal como pa\u00eds invit\u00e1u. Am\u00e1s de dar a conocer los productos de la comida lusa van llevase a cabo talleres sobro \u00abla cada vez m\u00e1s reconocida y saludable dieta atl\u00e1ntica\u00bb, destac\u00f3 la edil.<\/p>\n<p style=\"text-align: center\"><span class=\"x193iq5w xeuugli x13faqbe x1vvkbs xt0psk2 x1i0vuye xvs91rp xo1l8bm x5n08af x10wh9bi xpm28yp x8viiok x1o7cslx x126k92a\"><span class=\"html-span xexx8yu x4uap5 x18d9i69 xkhd6sd x1hl2dhg x16tdsg8 x1vvkbs x3nfvp2 x1j61x8r x1fcty0u xdj266r xat24cr xgzva0m xhhsvwb xxymvpz xlup9mm x1kky2od\">\n<!-- iframe plugin v.6.0 wordpress.org\/plugins\/iframe\/ -->\n<iframe loading=\"lazy\" src=\"https:\/\/www.instagram.com\/reel\/C-VPmXANYtm\/embed\" width=\"640\" height=\"460\" 0=\"\/iframe\" scrolling=\"yes\" class=\"iframe-class\" frameborder=\"0\"><\/iframe>\n<\/span><\/span><\/p>\n<p><strong>La sidra, la gran protagonista<\/strong> Esta ye la primer edici\u00f3n na que la cultura sidrera ye Patrimoniu Cultural Inmaterial de la Humanid\u00e1, \u00ablo que tami\u00e9n ye otru motivu de celebraci\u00f3n y de xac\u00edu d&#8217;espardimientu\u00bb. Nos Xardinos de la Reina, van allugase dos carpes nes que dende&#8217;l mi\u00e9rcoles 30 de xunetu y hasta la conclusi\u00f3n del Arcu Atl\u00e1nticu va haber sesiones de talleres, cates y degustaciones de sidres tradicionales ellaboraes en Breta\u00f1a, Normand\u00eda, Inglaterra, Pa\u00eds Vascu y Asturies.<\/p>\n<p><strong>Sesenta son les actividaes<\/strong> que se van desenvolver na so gran mayor\u00eda na cai, y que van xirar en redol a la m\u00fasica, el teatru, la danza, les artes pl\u00e1stiques y audiovisuales, la gastronom\u00eda o la danza, pero tami\u00e9n va haber proyecciones audiovisuales, demostraciones d&#8217;artesan\u00eda, talleres y xuegos infantiles, seg\u00fan itinerarios teatralizados.<\/p>\n<p><strong>Les propuestes van ser en diez allugamientos de la ciud\u00e1<\/strong>: Xardinos de la Reina, plaza Mayor, plaza del Marqu\u00e9s, Periodista Arturo Arias (Lavaderu) y Xovellanos. Y para delles actividaes, que poles sos caracter\u00edstiques nun puedan desenvolvese al campu, va tar l&#8217;Antiguu Institutu, la Escuela de Comerciu, el Mus\u00e9u del Pueblu d&#8217;Asturies y la Colexata San Juan Bautista.<\/p>\n","protected":false},"excerpt":{"rendered":"<p>L&#8217;Arcu Atl\u00e1nticu espurrise hasta los diez d\u00edes en Xix\u00f3n: 60 actividaes nel so d\u00e9cimu aniversariu. Va celebrase del 25 de xunetu al 3 d&#8217;agostu en diez escenarios y ente les sos novedaes, \u00abva potenciar la identid\u00e1 cultural que supon la m\u00fasica coral\u00bb. https:\/\/www.instagram.com\/arcuatlanticu N&#8217;asturianu, reivindicando la celebraci\u00f3n d&#8217;esti festival \u00abque tanto nos cost\u00f3 recuperar\u00bb y [&hellip;]<\/p>\n","protected":false},"author":117,"featured_media":0,"comment_status":"closed","ping_status":"open","sticky":false,"template":"","format":"standard","meta":{"footnotes":""},"categories":[175,204,35],"tags":[],"class_list":["post-54329","post","type-post","status-publish","format-standard","hentry","category-festival-gastronomicu","category-festivales","category-musica"],"_links":{"self":[{"href":"https:\/\/edublog.educastur.es\/ixuxu\/wp-json\/wp\/v2\/posts\/54329","targetHints":{"allow":["GET"]}}],"collection":[{"href":"https:\/\/edublog.educastur.es\/ixuxu\/wp-json\/wp\/v2\/posts"}],"about":[{"href":"https:\/\/edublog.educastur.es\/ixuxu\/wp-json\/wp\/v2\/types\/post"}],"author":[{"embeddable":true,"href":"https:\/\/edublog.educastur.es\/ixuxu\/wp-json\/wp\/v2\/users\/117"}],"replies":[{"embeddable":true,"href":"https:\/\/edublog.educastur.es\/ixuxu\/wp-json\/wp\/v2\/comments?post=54329"}],"version-history":[{"count":4,"href":"https:\/\/edublog.educastur.es\/ixuxu\/wp-json\/wp\/v2\/posts\/54329\/revisions"}],"predecessor-version":[{"id":54333,"href":"https:\/\/edublog.educastur.es\/ixuxu\/wp-json\/wp\/v2\/posts\/54329\/revisions\/54333"}],"wp:attachment":[{"href":"https:\/\/edublog.educastur.es\/ixuxu\/wp-json\/wp\/v2\/media?parent=54329"}],"wp:term":[{"taxonomy":"category","embeddable":true,"href":"https:\/\/edublog.educastur.es\/ixuxu\/wp-json\/wp\/v2\/categories?post=54329"},{"taxonomy":"post_tag","embeddable":true,"href":"https:\/\/edublog.educastur.es\/ixuxu\/wp-json\/wp\/v2\/tags?post=54329"}],"curies":[{"name":"wp","href":"https:\/\/api.w.org\/{rel}","templated":true}]}}