{"id":54348,"date":"2025-07-29T11:49:50","date_gmt":"2025-07-29T09:49:50","guid":{"rendered":"https:\/\/edublog.educastur.es\/ixuxu\/?p=54348"},"modified":"2025-07-29T11:49:50","modified_gmt":"2025-07-29T09:49:50","slug":"la-feria-de-muestres-dasturies-convertirase-esti-anu-na-feria-de-la-sidra","status":"publish","type":"post","link":"https:\/\/edublog.educastur.es\/ixuxu\/2025\/07\/la-feria-de-muestres-dasturies-convertirase-esti-anu-na-feria-de-la-sidra\/","title":{"rendered":"La Feria de Muestres d&#8217;Asturies convertir\u00e1se esti a\u00f1u na Feria de la Sidra"},"content":{"rendered":"<p>Una de les cites principales del branu asturianu calez motores. La edici\u00f3n <strong>68 de la Feria d&#8217;Amueses d&#8217;Asturie<\/strong>s pres\u00e9ntase anunciando la so tem\u00e1tica principal:<span style=\"color: #008080\"><strong> la cultura sidrera.<\/strong><\/span> Les 2.200 marques y los 720 espositores, con tolos espacios comerciales ocupaos, van incluyir la sidra nos sos pabellones.<\/p>\n<p style=\"text-align: center\"><a href=\"https:\/\/www.rtpa.es\/fotos\/\/25\/07\/20250728140141_RTPA6915096.webp\"><img loading=\"lazy\" decoding=\"async\" class=\"aligncenter size-large\" src=\"https:\/\/www.rtpa.es\/fotos\/\/25\/07\/20250728140141_RTPA6915096.webp\" width=\"853\" height=\"480\" \/><\/a><\/p>\n<p>&nbsp;<\/p>\n<p><!--more--><\/p>\n<p class=\"font-size-m padding-b-20 font-weight-b margin-t-16\">Los ayuntamientos de Carre\u00f1o y Villaviciosa estr\u00e9nense con pabell\u00f3n de so. Una de les cites principales del branu n\u2019Asturies calienta motores. La edici\u00f3n 68 de la Feria de Muestres d\u2019Asturies present\u00e1base g\u00fcei dando anuncia de la so tem\u00e1tica principal: la cultura sidrera. Les 2.200 marques y los 720 espositores, con tolos espacios comerciales ocupaos, inxertar\u00e1n la sidra nos sos pabellones.<\/p>\n<p>La feria convertir\u00e1se dende la so inauguraci\u00f3n esti vienres nel epicentru cultural y medi\u00e1ticu d\u2019Asturies.<\/p>\n<p>El cartelu d\u2019esti a\u00f1u ye obra del pintor maliay\u00e9s Guillermo Sim\u00f3n. &#8216;Expansi\u00f3n&#8217; ye\u2019l so t\u00edtulu y quier facer una met\u00e1fora de lo que sup\u00f3n la feria pa la econom\u00eda y socied\u00e1 asturiana.<\/p>\n<p>&nbsp;<\/p>\n","protected":false},"excerpt":{"rendered":"<p>Una de les cites principales del branu asturianu calez motores. La edici\u00f3n 68 de la Feria d&#8217;Amueses d&#8217;Asturies pres\u00e9ntase anunciando la so tem\u00e1tica principal: la cultura sidrera. Les 2.200 marques y los 720 espositores, con tolos espacios comerciales ocupaos, van incluyir la sidra nos sos pabellones. &nbsp;<\/p>\n","protected":false},"author":117,"featured_media":0,"comment_status":"closed","ping_status":"open","sticky":false,"template":"","format":"standard","meta":{"footnotes":""},"categories":[167,156],"tags":[],"class_list":["post-54348","post","type-post","status-publish","format-standard","hentry","category-feries","category-sidre"],"_links":{"self":[{"href":"https:\/\/edublog.educastur.es\/ixuxu\/wp-json\/wp\/v2\/posts\/54348","targetHints":{"allow":["GET"]}}],"collection":[{"href":"https:\/\/edublog.educastur.es\/ixuxu\/wp-json\/wp\/v2\/posts"}],"about":[{"href":"https:\/\/edublog.educastur.es\/ixuxu\/wp-json\/wp\/v2\/types\/post"}],"author":[{"embeddable":true,"href":"https:\/\/edublog.educastur.es\/ixuxu\/wp-json\/wp\/v2\/users\/117"}],"replies":[{"embeddable":true,"href":"https:\/\/edublog.educastur.es\/ixuxu\/wp-json\/wp\/v2\/comments?post=54348"}],"version-history":[{"count":1,"href":"https:\/\/edublog.educastur.es\/ixuxu\/wp-json\/wp\/v2\/posts\/54348\/revisions"}],"predecessor-version":[{"id":54349,"href":"https:\/\/edublog.educastur.es\/ixuxu\/wp-json\/wp\/v2\/posts\/54348\/revisions\/54349"}],"wp:attachment":[{"href":"https:\/\/edublog.educastur.es\/ixuxu\/wp-json\/wp\/v2\/media?parent=54348"}],"wp:term":[{"taxonomy":"category","embeddable":true,"href":"https:\/\/edublog.educastur.es\/ixuxu\/wp-json\/wp\/v2\/categories?post=54348"},{"taxonomy":"post_tag","embeddable":true,"href":"https:\/\/edublog.educastur.es\/ixuxu\/wp-json\/wp\/v2\/tags?post=54348"}],"curies":[{"name":"wp","href":"https:\/\/api.w.org\/{rel}","templated":true}]}}