{"id":54357,"date":"2025-07-29T12:03:45","date_gmt":"2025-07-29T10:03:45","guid":{"rendered":"https:\/\/edublog.educastur.es\/ixuxu\/?p=54357"},"modified":"2025-07-29T12:08:00","modified_gmt":"2025-07-29T10:08:00","slug":"54357","status":"publish","type":"post","link":"https:\/\/edublog.educastur.es\/ixuxu\/2025\/07\/54357\/","title":{"rendered":"Cases colaborativas o cohousing \u00abAxuntase\u00bb en Carvi\u00e9s (Llanera)"},"content":{"rendered":"<ul>\n<li><span class=\"html-span xdj266r x14z9mp xat24cr x1lziwak xexx8yu xyri2b x18d9i69 x1c1uobl x1hl2dhg x16tdsg8 x1vvkbs\"><a class=\"x1i10hfl xjbqb8w x1ejq31n x18oe1m7 x1sy0etr xstzfhl x972fbf x10w94by x1qhh985 x14e42zd x9f619 x1ypdohk xt0psk2 xe8uvvx xdj266r x14z9mp xat24cr x1lziwak xexx8yu xyri2b x18d9i69 x1c1uobl x16tdsg8 x1hl2dhg xggy1nq x1a2a7pz xkrqix3 x1sur9pj x1fey0fg x1s688f\" role=\"link\" href=\"https:\/\/www.facebook.com\/axuntase?__cft__[0]=AZV3IQb6DnlD6bDWJ5IWaUoLxG7J_MuliGTcxhFGjMv_TF5g6O0VF5ovZ4TReg7RDNAQu7hq7fn8qr_pt4qEUvQUYjXodQI_tyOtdK58QB7XZC0DfOpqZOE3OLyHehxom1Xo3fHTlIoKv5Hyw4nPMFPQpsS0pnV4ARcVwsztIeU1eDolPoc8mIv3CUSAOjkf4c0&amp;__tn__=-]K-y-R\"><span class=\"xt0psk2\"><span class=\"xjp7ctv\">Axuntase<\/span><\/span><\/a><\/span> en Caravi\u00e9s, (Llanera)\/<a href=\"https:\/\/www.lavozdeasturias.es\/noticia\/asturias\/2025\/07\/25\/primer-cohousing-asturias-paso-echar-andar2025-sera-ano\/00031753440922322559766.htm?fbclid=IwY2xjawL1evRleHRuA2FlbQIxMQABHi4ZBvwVQ2av5DixsbaO9lMiniyckm5MI-ih99r_lWX0UKPpZEKHm8xmy2JX_aem_Ff6LqKPZsbeQtTEXFR2Zaw\"> La Voz<\/a><\/li>\n<\/ul>\n<p>Tres 11 a\u00f1os d&#8217;intensu trabayu Asun, Nieves y otres entusiastes lluchadores dan vida a Axuntase en Caravi\u00e9s, (Llanera), nun terr\u00e9n que ronda los 10.000 m2 y que va cuntar con 36 llares de dos y tr\u00e9s habitaciones.<em> \u00abYe un proyectu intergeneracional, vamos vivir persones de distintes edaes y tami\u00e9n con distintes situaciones familiares\u00bb.<\/em><\/p>\n<p>&nbsp;<\/p>\n<p style=\"text-align: center\"><a href=\"https:\/\/img.lavdg.com\/sc\/ySQ2bc4KGCz_hghkNOXyxtYjS84=\/768x\/2025\/07\/25\/00121753451358333809735\/Foto\/383.jpg\"><img loading=\"lazy\" decoding=\"async\" class=\"aligncenter size-large\" src=\"https:\/\/img.lavdg.com\/sc\/ySQ2bc4KGCz_hghkNOXyxtYjS84=\/768x\/2025\/07\/25\/00121753451358333809735\/Foto\/383.jpg\" width=\"768\" height=\"432\" \/><\/a><\/p>\n<p><!--more--><\/p>\n<p style=\"text-align: center\"><a href=\"https:\/\/img.lavdg.com\/sc\/TuQ3tgUaul4-BQRIcZEFDeLNdtA=\/768x\/2025\/07\/25\/00121753451276647993346\/Foto\/380.jpg\"><img loading=\"lazy\" decoding=\"async\" class=\"aligncenter size-large\" src=\"https:\/\/img.lavdg.com\/sc\/TuQ3tgUaul4-BQRIcZEFDeLNdtA=\/768x\/2025\/07\/25\/00121753451276647993346\/Foto\/380.jpg\" width=\"768\" height=\"432\" \/><\/a><\/p>\n<p>Mariasun Rodr\u00edguez, que lleva m\u00e1s d&#8217;una d\u00e9cada tratando de sacar alantre&#8217;l proyectu, se\u00f1ala que \u00abtenemos diez places vacantes, fundamentalmente para menores de 50 a\u00f1os, y cinco d&#8217;elles para families con dos ne\u00f1os o m\u00e1s\u00bb<\/p>\n<p>Unu de los grandes problemes de la socied\u00e1 actual ye la vivienda. El so preciu, sum\u00e1u a la escasa capacid\u00e1 adquisitiva d&#8217;un gran porcentaxe de la poblaci\u00f3n del nuesu pa\u00eds, provoc\u00f3 que mercar una casa volvi\u00e9rase un privilexu y, nes grandes ciudaes, hasta consiguir un arriendu para xuna sola persona tami\u00e9n se volvi\u00f3 un privilexu. Sicas\u00ed, hai persones como Mariasun Rodr\u00edguez que lleven d\u00e9cades intentando crear un modelu alternativu al esistente y qu&#8217;agora s&#8217;atopa a \u00abbien poco tiempu\u00bb de que se faiga realid\u00e1.<\/p>\n<p>Esti proyectu d&#8217;esta muyer de 75 a\u00f1os, llam\u00e1u Axuntase, \u00abponer en marcha en 2014, pero realmente la idea naz nos a\u00f1os 80 cuando les que lo montamos, que pertenecemos a esta xeneraci\u00f3n que llamen el baby boom, ten\u00edamos pocos f\u00edos o nengunu. Y\u00e9ramos muyeres qu&#8217;aport\u00e1ramos a la cultura y a un trabayu y v\u00edamos que nun diba ser la educaci\u00f3n igual que si conviviera con m\u00e1s hermanos y hermanes a la de compartir, etc\u00e9tera. Intentamos un grupu de n\u00f3s dir xuntes para faer la crianza, anque nun pudo ser porque lleva enforma tiempu y ye bien dif\u00edcil, con munches torgues burocr\u00e1tiques. Ent\u00f3s, cuando estes muyeres xubil\u00e1monos y prexubilamos, en 2014, empezamos esti procesu\u00bb.<\/p>\n<p>\u00abLa casa va tenese mientres tol tiempu que queramos, mientres tola vida. Agora bien, nun ta para especular\u00bb<\/p>\n<p>Para esplicar el so plan, Mariasun utiliza&#8217;l t\u00e9rminu \u00abco-housing\u00bb o cases colaborativas, daqu\u00e9 que define como <strong>\u00abun camb\u00e9u de vida que trata de recuperar los valores que ten\u00edamos nun fai enforma nos barrios y nos pueblos: sostenibilid\u00e1, equidad y abiertu a la comunid\u00e1\u00bb<\/strong>. Am\u00e1s, unu de los grandes estandartes de Axuntase ye tratar de fomentar un accesu a la vivienda muncho m\u00e1s senciellu y ensin posibilid\u00e1 especular: \u00abYe un tipu de tenencia muncho m\u00e1s accesible qu&#8217;el qu&#8217;hai nel merc\u00e1u. Resuelve&#8217;l problema tami\u00e9n para los mozos de dalguna manera y, sobremanera, facer en cesi\u00f3n d&#8217;usu. La casa va tenese mientres tol tiempu que queramos, mientres tola vida. Agora bien, nun ta para especular. La propied\u00e1 ye colectiva, si vas devu\u00e9lvesete&#8217;l capital que punxisti, daqu\u00e9 bien allo\u00f1\u00e1u del merc\u00e1u\u00bb, esplica.<\/p>\n<p style=\"text-align: center\"><a href=\"https:\/\/img.lavdg.com\/sc\/ZF06oG1yGIoK7DcQjVmvhPfepio=\/768x\/2025\/07\/25\/00121753451301664489378\/Foto\/381.jpg\"><img loading=\"lazy\" decoding=\"async\" class=\"aligncenter size-large\" src=\"https:\/\/img.lavdg.com\/sc\/ZF06oG1yGIoK7DcQjVmvhPfepio=\/768x\/2025\/07\/25\/00121753451301664489378\/Foto\/381.jpg\" width=\"768\" height=\"432\" \/><\/a><br \/>\nViviendes d&#8217;Axuntase<\/p>\n<p><strong>Axuntase va allugar en Caravi\u00e9s, en Llanera<\/strong>, nun terr\u00e9n que ronda los 10.000 m2 y que va cuntar con 36 llares de dos y tr\u00e9s habitaciones. \u00abYe un proyectu intergeneracional, vamos vivir persones de distintes edaes y tami\u00e9n con distintes situaciones familiares. Por tanto, ten\u00eda de responder a la necesid\u00e1 que tenga cada unu. Los inmuebles tendr\u00eden de ser un bien d&#8217;usu, nun para especular, ent\u00f3s<strong> fiximos dos tipolox\u00edes, xuna de 52 metros y otres de 75.<\/strong> Les de 52 metros t\u00e1n totalmente forn\u00edes, tienen dos habitaciones, sal\u00f3n, cocina, ba\u00f1u, una terracita qu&#8217;am\u00e1s ye un elementu de captaci\u00f3n tami\u00e9n de calor, etc\u00e9tera. Y otres de 75 onde la diferencia ye qu&#8217;hai en cuenta de dos, tr\u00e9s habitaciones y dos ba\u00f1os. \u00bfY cu\u00e1ntu cuesten les viviendes? Pos cuesta lo mesmo, porque s&#8217;axudiquen les viviendes en funci\u00f3n del tama\u00f1u de la familia\u00bb, afirma Mariasun.<\/p>\n<p>Sicas\u00ed, tal que esplica esta navarra de nacencia, llograr esta cortil n&#8217;Asturies nun foi senciellu. \u00abFoi realmente bien dif\u00edcil porque\u00a0 prec\u00edsense unes\u00a0 calificaciones de terr\u00e9n especiales. Intentamos que les alministraciones fix\u00e9rennos cesi\u00f3n d&#8217;usu, que siquier nos trataren como Amazon y estes empreses, y\u00e1 que damos muncho m\u00e1s a la socied\u00e1, porque nunca diben ser nuesos y por tanto nunca podr\u00eden vendese. Desgraciadamente para toos n&#8217;Asturies nun se consigui\u00f3 eso, que s\u00ed t\u00e1n consiguiendo otros compa\u00f1eros n&#8217;otres localidaes, en Pamplona, nes isles&#8230; Hai y\u00e1 dellos sitios que les alministraciones t\u00e1n dexando parceles. Esto ye necesariu, que l&#8217;alministraci\u00f3n sofite les coses que faemos la xente, que lo faemos muncho meyor que lo privao y muncho m\u00e1s baratu, porque equ\u00ed la finalid\u00e1 nun ye l&#8217;enfotu d&#8217;arriquecimientu, sin\u00f3n resolver el problema de la vivienda, de cuidos y am\u00e1s un cuidu del medio ambiente\u00bb, asegura.<\/p>\n<p>Para poder sacar alantre Axuntase, tuvieron que collaborar con distintes entidaes, una d&#8217;elles, que los ayudar col financiamientu, foi Fiara Banca \u00c9tica, pero Mariasun esplica qu&#8217;esti procesu para escoyer con qui\u00e9n trabayar llev\u00f3-yos muncha reflex\u00f3n\u00bb. \u00abLa banca tradicional y\u00e1 vimos les crisis que careci\u00f3, qu&#8217;am\u00e1s t\u00e1n utilizando&#8217;l nuesu dineru para faer riegles y acciones antivida. Asina que afayamos a la banca \u00e9tica, onde tol dineru dedicar a sofitar pos iniciatives sociales y qu&#8217;ameyoren la vida de la xente. Fiara dionos por fin la hipoteca y am\u00e1s de la hipoteca, tuvimos n\u00f3s que poner el dineru. M\u00e1s de la met\u00e1 de los cooperativistes vendimos el nuesu pisu o casa para poner un capital por que Fiara Banca \u00c9tica di\u00e9ranos el restu y agora n\u00f3s tamos d&#8217;arriendu\u00bb, apunta Mariasun.<\/p>\n<p>Otru de les estorbises que s&#8217;atoparon mientres el so cam\u00edn en Axuntase foi la lexislaci\u00f3n, cola que tuvieron \u00ab tou tipu de tropiezos\u00bb. \u00abNun taba afecha porque nin siquier esist\u00eda esto que llamamos<strong> cases colaborativas o cohousing<\/strong>, hubo que camudar la llei y g\u00fcei y\u00e1 tamos n&#8217;otra situaci\u00f3n\u00bb, esplica.<\/p>\n<p>Am\u00e1s, asegura que se-yos prometieron distintes subvenciones qu&#8217;ent\u00e1 nun llegaron: \u00abFai m\u00e1s d&#8217;un a\u00f1u tuvo equ\u00ed&#8217;l ministru Bustinduy, que taba&#8217;l conseyeru de Servicios Sociales y dixo qu&#8217;esti branu diben salir les ayudes. Fai m\u00e1s d&#8217;un a\u00f1u y siguimos ende esperando. Angua\u00f1o sacaron les bases solamente, nin siquier la convocatoria. Esto repercute na xente m\u00e1s nuevo, m\u00e1s d\u00e9bil econ\u00f3micamente. Siguimos esperando, les bases salieron y agora tienen qu&#8217;espabilar y sacar la convocatoria y\u00e1. En concencia, el compromisu p\u00fablicu del conseyeru de Vivienda foi que diben sacales l&#8217;a\u00f1u pas\u00e1u. Y\u00e1 ta bien d&#8217;incumplimientos. Hab\u00eda presupuestu, nun ye una cosa de que nun haya dineru. Ye <strong>una lentit\u00fa na alministraci\u00f3n<\/strong> que ye desesperante\u00bb, asevera.<\/p>\n<p>Agora, cola mirada y\u00e1 puesta nel futuru, Mariasun cunta que cubiertes y\u00e1 son 26 y para les diez restantes, falten \u00abl&#8217;abanicu m\u00e1s nuevu, qu&#8217;anque hai xente y\u00e1 bien comenenciuda y apuntada en llista d&#8217;espera, desgraciadamente, nun pueden pagar el so arriendu o&#8217;l pagu de la so casa y am\u00e1s pagar la hipoteca equ\u00ed. Tenemos diez places vacantes fundamentalmente para xente menor de 50 a\u00f1os y cinco d&#8217;elles para families con dos ne\u00f1os o m\u00e1s. El restu para les peque\u00f1es\u00bb, afirma.<\/p>\n<p>Al respective de la fecha por que Axuntase empiece a andar, dende la organizaci\u00f3n nun quieren ponese feches, pero aseguren que t\u00e1n en \u00abla recta final\u00bb. \u00abTamos pindios de temes alministratives. Per una parte, este va ser un centru autoriz\u00e1u polos Servicios Sociales y ye el primer centru que van autorizar. Por tanto, tase ende con tol tr\u00e1mite alministrativu, que ye complexu. Dempu\u00e9s f\u00e1ltanos la llicencia d&#8217;activid\u00e1 del centru para entrar, anque l&#8217;edificiu y\u00e1 ta pr\u00e1cticamente remat\u00e1u. Tien los remates \u00faltimos que falten, pero l&#8217;edificiu como tal y\u00e1 ta fechu\u00bb.<\/p>\n<p style=\"text-align: center\"><a href=\"https:\/\/img.lavdg.com\/sc\/MBxcinZHjlOxEsCxcrSkattc9CM=\/768x\/2025\/07\/25\/00121753451342416642353\/Foto\/382.jpg\"><img loading=\"lazy\" decoding=\"async\" class=\"aligncenter size-large\" src=\"https:\/\/img.lavdg.com\/sc\/MBxcinZHjlOxEsCxcrSkattc9CM=\/768x\/2025\/07\/25\/00121753451342416642353\/Foto\/382.jpg\" width=\"768\" height=\"432\" \/><\/a><\/p>\n<p>Sicas\u00ed, Mariasun nun tien duldes de que \u00ab2025 va ser el nuesu a\u00f1u. Solo qu\u00e9dennos los permisos y esperar que l&#8217;alministraci\u00f3n s\u00eda un poco axilosu y nun nos caltenga m\u00e1s tiempu del necesariu. Agora qu\u00e9danos el retu de poner tola comunid\u00e1 en funcionamientu. Tenemos comedor com\u00fan para comer ell\u00ed de llunes a vienres con una comida de proximid\u00e1, n&#8217;ecol\u00f3xicu. Y tenemos toa esta cantid\u00e1 d&#8217;espacios, talleres de too tipu, un sal\u00f3n d&#8217;actos, un gran patiu para faer actividaes como cine de branu. Tou esto va depender, claro, de la implicaci\u00f3n de tola comunid\u00e1. Agora qu\u00e9danos una etapa apasionante que ye dar conten\u00edu a tou esti edificiu, a toa esta vida que llevamos trabay\u00e1ndolo 11 a\u00f1os\u00bb, concl\u00fai.<\/p>\n<p style=\"text-align: center\">\n","protected":false},"excerpt":{"rendered":"<p>Axuntase en Caravi\u00e9s, (Llanera)\/ La Voz Tres 11 a\u00f1os d&#8217;intensu trabayu Asun, Nieves y otres entusiastes lluchadores dan vida a Axuntase en Caravi\u00e9s, (Llanera), nun terr\u00e9n que ronda los 10.000 m2 y que va cuntar con 36 llares de dos y tr\u00e9s habitaciones. \u00abYe un proyectu intergeneracional, vamos vivir persones de distintes edaes y tami\u00e9n [&hellip;]<\/p>\n","protected":false},"author":117,"featured_media":0,"comment_status":"closed","ping_status":"open","sticky":false,"template":"","format":"standard","meta":{"footnotes":""},"categories":[455],"tags":[],"class_list":["post-54357","post","type-post","status-publish","format-standard","hentry","category-vivienda"],"_links":{"self":[{"href":"https:\/\/edublog.educastur.es\/ixuxu\/wp-json\/wp\/v2\/posts\/54357","targetHints":{"allow":["GET"]}}],"collection":[{"href":"https:\/\/edublog.educastur.es\/ixuxu\/wp-json\/wp\/v2\/posts"}],"about":[{"href":"https:\/\/edublog.educastur.es\/ixuxu\/wp-json\/wp\/v2\/types\/post"}],"author":[{"embeddable":true,"href":"https:\/\/edublog.educastur.es\/ixuxu\/wp-json\/wp\/v2\/users\/117"}],"replies":[{"embeddable":true,"href":"https:\/\/edublog.educastur.es\/ixuxu\/wp-json\/wp\/v2\/comments?post=54357"}],"version-history":[{"count":3,"href":"https:\/\/edublog.educastur.es\/ixuxu\/wp-json\/wp\/v2\/posts\/54357\/revisions"}],"predecessor-version":[{"id":54360,"href":"https:\/\/edublog.educastur.es\/ixuxu\/wp-json\/wp\/v2\/posts\/54357\/revisions\/54360"}],"wp:attachment":[{"href":"https:\/\/edublog.educastur.es\/ixuxu\/wp-json\/wp\/v2\/media?parent=54357"}],"wp:term":[{"taxonomy":"category","embeddable":true,"href":"https:\/\/edublog.educastur.es\/ixuxu\/wp-json\/wp\/v2\/categories?post=54357"},{"taxonomy":"post_tag","embeddable":true,"href":"https:\/\/edublog.educastur.es\/ixuxu\/wp-json\/wp\/v2\/tags?post=54357"}],"curies":[{"name":"wp","href":"https:\/\/api.w.org\/{rel}","templated":true}]}}