{"id":54383,"date":"2025-07-29T12:44:55","date_gmt":"2025-07-29T10:44:55","guid":{"rendered":"https:\/\/edublog.educastur.es\/ixuxu\/?p=54383"},"modified":"2025-07-29T12:46:14","modified_gmt":"2025-07-29T10:46:14","slug":"ciclismu-la-vuelta-arrinca-nitalia-y-pasara-per-asturies","status":"publish","type":"post","link":"https:\/\/edublog.educastur.es\/ixuxu\/2025\/07\/ciclismu-la-vuelta-arrinca-nitalia-y-pasara-per-asturies\/","title":{"rendered":"Ciclismu: La Vuelta arrinca n&#8217;Italia y pasar\u00e1 per Asturies"},"content":{"rendered":"<ul>\n<li><a href=\"https:\/\/www.elmundo.es\/como\/2025\/07\/28\/6887333afc6c836c218b45c3.html\">El Mundo<\/a> \/<\/li>\n<\/ul>\n<p><strong>La Vuelta 2025 arrinca n&#8217;Italia, nel Piamonte<\/strong>, con tr\u00e9s primeres etapes en suelu italianu y una cuarta con final en Francia antes de llegar a Espa\u00f1a. Na etapa 13\u00aa va llegar El Angliru y un d\u00eda dempu\u00e9s, final na Farrapona.<\/p>\n<p style=\"text-align: center\"><a href=\"https:\/\/phantom-elmundo.uecdn.es\/8d369db2c1c1d7bebc16450f15432b4c\/resize\/920\/f\/webp\/assets\/multimedia\/imagenes\/2025\/07\/28\/17536945018435.jpg\"><img loading=\"lazy\" decoding=\"async\" class=\"aligncenter size-large\" src=\"https:\/\/phantom-elmundo.uecdn.es\/8d369db2c1c1d7bebc16450f15432b4c\/resize\/920\/f\/webp\/assets\/multimedia\/imagenes\/2025\/07\/28\/17536945018435.jpg\" width=\"920\" height=\"669\" \/><\/a><\/p>\n<p><!--more--><\/p>\n<p>La Vuelta a Espa\u00f1a 2025 va arrincar el 23 d&#8217;agostu y <strong>va rematar el 14 de setiembre en Madrid.<\/strong> El tel\u00f3n va llevantar n&#8217;Italia, na zona del Piamonte. Esta va ser la sesta ocasi\u00f3n na que la salida realizar nel estranxeru y la primera dende Italia. Antes parti\u00f3se de Lisboa (1997 y 2024), Assen (2009), Nimes (2017) y Utrecht (2022). En 2026 va salir de M\u00f3naco. <a class=\"x1i10hfl xjbqb8w x1ejq31n x18oe1m7 x1sy0etr xstzfhl x972fbf x10w94by x1qhh985 x14e42zd x9f619 x1ypdohk xt0psk2 xe8uvvx xdj266r x14z9mp xat24cr x1lziwak xexx8yu xyri2b x18d9i69 x1c1uobl x16tdsg8 x1hl2dhg xggy1nq x1a2a7pz  _aa9_ _a6hd\" role=\"link\" href=\"https:\/\/www.instagram.com\/explore\/tags\/lavuelta25\/\">#LaVuelta25<\/a> \u00a0\u2764\ufe0f<\/p>\n<p style=\"text-align: center\"><span class=\"x193iq5w xeuugli x13faqbe x1vvkbs xt0psk2 x1i0vuye xvs91rp xo1l8bm x5n08af x10wh9bi xpm28yp x8viiok x1o7cslx x126k92a\"><span class=\"html-span xexx8yu x4uap5 x18d9i69 xkhd6sd x1hl2dhg x16tdsg8 x1vvkbs x3nfvp2 x1j61x8r x1fcty0u xdj266r xat24cr xgzva0m xhhsvwb xxymvpz xlup9mm x1kky2od\">\n<!-- iframe plugin v.6.0 wordpress.org\/plugins\/iframe\/ -->\n<iframe loading=\"lazy\" src=\"https:\/\/www.instagram.com\/reel\/DMH1c6fCksU\/embed\" width=\"460\" height=\"620\" 0=\"\/iframe\" scrolling=\"yes\" class=\"iframe-class\" frameborder=\"0\"><\/iframe>\n<\/span><\/span><\/p>\n<p>&nbsp;<\/p>\n<p><strong>13\u00aa etapa: Vienres 5 setiembre. Cabez\u00f3n del Sal (Cantabria)-L&#8217;Angliru (Asturies), 202 kms<\/strong>\u00a0La etapa m\u00e1s llarga de La Vuelta 25. La primer parte va dir en paralelu a la mari\u00f1a pa enfusase n&#8217;Asturies y atopar la durez concentrada nel tramu final. La Mozqueta y el Cordal, dambos de primera categor\u00eda, van ser l&#8217;antoxana de la xubida final al perduru Altu de L&#8217;Angliru. Encarar la Huesera con casi 200 kil\u00f3metros nes piernes va ser una prueba de fueu pa los favoritos que, si tienen un mal d\u00eda, podr\u00eden dicir adi\u00f3s a La Vuelta.<\/p>\n<p>&nbsp;<\/p>\n<p style=\"text-align: center\"><a href=\"https:\/\/img.aso.fr\/core_app\/img-cycling-vue-png\/altimetrias-lv25-13\/24407\/0:0,2357:1157-960-0-90\/ab09d\"><img loading=\"lazy\" decoding=\"async\" class=\"aligncenter size-large\" src=\"https:\/\/img.aso.fr\/core_app\/img-cycling-vue-png\/altimetrias-lv25-13\/24407\/0:0,2357:1157-960-0-90\/ab09d\" width=\"960\" height=\"471\" \/><\/a><\/p>\n<p><strong>14\u00aa: S\u00e1badu 6 setiembre. Avil\u00e9s (Asturies)-La Farrapona (Asturies), 135 kms <\/strong>Montana. Etapa curtia y dura en territoriu asturianu. Va Ser un d\u00eda onde la fuga va tar formada por ciclistes importantes, bonos escaladores con daqu\u00e9 de marxe na xeneral. La xubida al Puertu de San Llaurienzu va sumar durez previa a l&#8217;ascensi\u00f3n final escontra la Farrapona, onde los favoritos van poder midir les sos fuerces.<\/p>\n<p style=\"text-align: center\"><a href=\"https:\/\/img.aso.fr\/core_app\/img-cycling-vue-png\/altimetrias-lv25-14\/24406\/0:0,1999:1325-960-0-90\/0b383\"><img loading=\"lazy\" decoding=\"async\" class=\"aligncenter size-large\" src=\"https:\/\/img.aso.fr\/core_app\/img-cycling-vue-png\/altimetrias-lv25-14\/24406\/0:0,1999:1325-960-0-90\/0b383\" width=\"960\" height=\"636\" \/><\/a><\/p>\n<p>&nbsp;<\/p>\n<p><strong>15\u00aa: Domingo 7 setiembre. A Veiga (Asturies)-Monforte de Lemos (Llugo), 167 kms <\/strong>Media montana. Una xornada de mediu monte na siempres tropezosa Galicia. Terr\u00e9n bien duru mientres tol d\u00eda y, anque los equipos de los sprinters traten de controlar, los escapaos o dalg\u00fan valiente qu&#8217;ataque nos kil\u00f3metros finales podr\u00eda tener les sos opciones.<\/p>\n<p style=\"text-align: center\"><a href=\"https:\/\/img.aso.fr\/core_app\/img-cycling-vue-png\/altimetrias-lv25-15\/24405\/0:0,2239:1169-960-0-90\/721d7\"><img loading=\"lazy\" decoding=\"async\" class=\"aligncenter size-large\" src=\"https:\/\/img.aso.fr\/core_app\/img-cycling-vue-png\/altimetrias-lv25-15\/24405\/0:0,2239:1169-960-0-90\/721d7\" width=\"960\" height=\"501\" \/><\/a><\/p>\n<p><strong>21\u00aa: Domingo 14 setiembre. Alapardo (Madrid)-Madrid, 101 kms <\/strong>Llana. Tres la crono que cerr\u00f3 La Vuelta 24, Madrid volver\u00e1 acoyer la tradicional xornada final nel circuitu del centru de la ciud\u00e1. Xornada triunfal pal l\u00edder y \u00faltima bala pa los homes r\u00e1pidos de la carrera.<\/p>\n<p>&nbsp;<\/p>\n<p style=\"text-align: center\"><span class=\"x193iq5w xeuugli x13faqbe x1vvkbs xt0psk2 x1i0vuye xvs91rp xo1l8bm x5n08af x10wh9bi xpm28yp x8viiok x1o7cslx x126k92a\"><span class=\"html-span xexx8yu x4uap5 x18d9i69 xkhd6sd x1hl2dhg x16tdsg8 x1vvkbs x3nfvp2 x1j61x8r x1fcty0u xdj266r xat24cr xgzva0m xhhsvwb xxymvpz xlup9mm x1kky2od\">\n<!-- iframe plugin v.6.0 wordpress.org\/plugins\/iframe\/ -->\n<iframe loading=\"lazy\" src=\"https:\/\/www.instagram.com\/reel\/DIBUEBdC1q6\/embed\" width=\"460\" height=\"620\" 0=\"\/iframe\" scrolling=\"yes\" class=\"iframe-class\" frameborder=\"0\"><\/iframe>\n<\/span><\/span><\/p>\n","protected":false},"excerpt":{"rendered":"<p>El Mundo \/ La Vuelta 2025 arrinca n&#8217;Italia, nel Piamonte, con tr\u00e9s primeres etapes en suelu italianu y una cuarta con final en Francia antes de llegar a Espa\u00f1a. Na etapa 13\u00aa va llegar El Angliru y un d\u00eda dempu\u00e9s, final na Farrapona.<\/p>\n","protected":false},"author":117,"featured_media":0,"comment_status":"closed","ping_status":"open","sticky":false,"template":"","format":"standard","meta":{"footnotes":""},"categories":[133],"tags":[],"class_list":["post-54383","post","type-post","status-publish","format-standard","hentry","category-deportes"],"_links":{"self":[{"href":"https:\/\/edublog.educastur.es\/ixuxu\/wp-json\/wp\/v2\/posts\/54383","targetHints":{"allow":["GET"]}}],"collection":[{"href":"https:\/\/edublog.educastur.es\/ixuxu\/wp-json\/wp\/v2\/posts"}],"about":[{"href":"https:\/\/edublog.educastur.es\/ixuxu\/wp-json\/wp\/v2\/types\/post"}],"author":[{"embeddable":true,"href":"https:\/\/edublog.educastur.es\/ixuxu\/wp-json\/wp\/v2\/users\/117"}],"replies":[{"embeddable":true,"href":"https:\/\/edublog.educastur.es\/ixuxu\/wp-json\/wp\/v2\/comments?post=54383"}],"version-history":[{"count":3,"href":"https:\/\/edublog.educastur.es\/ixuxu\/wp-json\/wp\/v2\/posts\/54383\/revisions"}],"predecessor-version":[{"id":54386,"href":"https:\/\/edublog.educastur.es\/ixuxu\/wp-json\/wp\/v2\/posts\/54383\/revisions\/54386"}],"wp:attachment":[{"href":"https:\/\/edublog.educastur.es\/ixuxu\/wp-json\/wp\/v2\/media?parent=54383"}],"wp:term":[{"taxonomy":"category","embeddable":true,"href":"https:\/\/edublog.educastur.es\/ixuxu\/wp-json\/wp\/v2\/categories?post=54383"},{"taxonomy":"post_tag","embeddable":true,"href":"https:\/\/edublog.educastur.es\/ixuxu\/wp-json\/wp\/v2\/tags?post=54383"}],"curies":[{"name":"wp","href":"https:\/\/api.w.org\/{rel}","templated":true}]}}