{"id":544,"date":"2020-03-22T08:52:13","date_gmt":"2020-03-22T08:52:13","guid":{"rendered":"https:\/\/edublog.educastur.es\/ixuxu\/?p=544"},"modified":"2020-08-24T19:52:34","modified_gmt":"2020-08-24T19:52:34","slug":"dia-mundial-de-lagua","status":"publish","type":"post","link":"https:\/\/edublog.educastur.es\/ixuxu\/2020\/03\/dia-mundial-de-lagua\/","title":{"rendered":"D\u00eda Mundial de l\u00b4Agua"},"content":{"rendered":"<h2><img loading=\"lazy\" decoding=\"async\" class=\"alignnone wp-image-434\" src=\"http:\/\/edublog.educastur.es\/ixuxullingua\/files\/2020\/03\/diagua.jpeg\" alt=\"\" width=\"449\" height=\"263\" \/><\/h2>\n<div class=\"entry\">\n<p>Cada 22 de marzu cellebramos el <strong>D\u00eda <\/strong><strong>Mundial de l\u00b4Agua. <\/strong>Foi proclam\u00e1u pola ONU en 1992, na Conferencia de les Naciones Xun\u00edes, en R\u00edu de Janeiuru, sobro\u2019l Mediu Ambiente.<br \/>\nD\u2019ell\u00ed surdi\u00f3 la propuesta, siendo 1993 el primer a\u00f1u de celebraci\u00f3n.<\/p>\n<p align=\"left\">El so principal oxetivu ye crear conciencia nel home de la importancia de curiar el llam\u00e1u oru l\u00edquido para la vida de los seres humanos y les especies na Tierra.<\/p>\n\n<!-- iframe plugin v.6.0 wordpress.org\/plugins\/iframe\/ -->\n<iframe loading=\"lazy\" width=\"644\" height=\"362\" src=\"https:\/\/www.youtube.com\/embed\/S_SaCPa1Zkg\" scrolling=\"yes\" class=\"iframe-class\" frameborder=\"0\"><\/iframe>\n\n<p>&nbsp;<\/p>\n<ul>\n<li>Videu:<a href=\"https:\/\/www.youtube.com\/watch?v=S_SaCPa1Zkg\" target=\"_blank\" rel=\"noopener noreferrer\"> L\u00b4agua. Curiemos el planeta. <\/a><\/li>\n<\/ul>\n<p><strong><em>Sicas\u00ed, l\u2019agua tami\u00e9n puede ser un factor crucial na llucha contra\u2019l camb\u00e9u clim\u00e1ticu.<\/em><\/strong><\/p>\n<\/div>\n","protected":false},"excerpt":{"rendered":"<p>Cada 22 de marzu cellebramos el D\u00eda Mundial de l\u00b4Agua. Foi proclam\u00e1u pola ONU en 1992, na Conferencia de les Naciones Xun\u00edes, en R\u00edu de Janeiuru, sobro\u2019l Mediu Ambiente. D\u2019ell\u00ed surdi\u00f3 la propuesta, siendo 1993 el primer a\u00f1u de celebraci\u00f3n. El so principal oxetivu ye crear conciencia nel home de la importancia de curiar el [&hellip;]<\/p>\n","protected":false},"author":117,"featured_media":0,"comment_status":"closed","ping_status":"open","sticky":false,"template":"","format":"standard","meta":{"footnotes":""},"categories":[6],"tags":[],"class_list":["post-544","post","type-post","status-publish","format-standard","hentry","category-dia-de"],"_links":{"self":[{"href":"https:\/\/edublog.educastur.es\/ixuxu\/wp-json\/wp\/v2\/posts\/544","targetHints":{"allow":["GET"]}}],"collection":[{"href":"https:\/\/edublog.educastur.es\/ixuxu\/wp-json\/wp\/v2\/posts"}],"about":[{"href":"https:\/\/edublog.educastur.es\/ixuxu\/wp-json\/wp\/v2\/types\/post"}],"author":[{"embeddable":true,"href":"https:\/\/edublog.educastur.es\/ixuxu\/wp-json\/wp\/v2\/users\/117"}],"replies":[{"embeddable":true,"href":"https:\/\/edublog.educastur.es\/ixuxu\/wp-json\/wp\/v2\/comments?post=544"}],"version-history":[{"count":1,"href":"https:\/\/edublog.educastur.es\/ixuxu\/wp-json\/wp\/v2\/posts\/544\/revisions"}],"predecessor-version":[{"id":545,"href":"https:\/\/edublog.educastur.es\/ixuxu\/wp-json\/wp\/v2\/posts\/544\/revisions\/545"}],"wp:attachment":[{"href":"https:\/\/edublog.educastur.es\/ixuxu\/wp-json\/wp\/v2\/media?parent=544"}],"wp:term":[{"taxonomy":"category","embeddable":true,"href":"https:\/\/edublog.educastur.es\/ixuxu\/wp-json\/wp\/v2\/categories?post=544"},{"taxonomy":"post_tag","embeddable":true,"href":"https:\/\/edublog.educastur.es\/ixuxu\/wp-json\/wp\/v2\/tags?post=544"}],"curies":[{"name":"wp","href":"https:\/\/api.w.org\/{rel}","templated":true}]}}