{"id":54403,"date":"2025-07-29T13:55:39","date_gmt":"2025-07-29T11:55:39","guid":{"rendered":"https:\/\/edublog.educastur.es\/ixuxu\/?p=54403"},"modified":"2025-07-29T13:59:24","modified_gmt":"2025-07-29T11:59:24","slug":"castanon-historicu-llagar-de-quintueles-nel-conceyu-de-villaviciosa","status":"publish","type":"post","link":"https:\/\/edublog.educastur.es\/ixuxu\/2025\/07\/castanon-historicu-llagar-de-quintueles-nel-conceyu-de-villaviciosa\/","title":{"rendered":"Casta\u00f1\u00f3n: hist\u00f3ricu llagar de Quintueles, nel conceyu de Villaviciosa"},"content":{"rendered":"<div class=\"xyinxu5 xv54qhq x1g2khh7 xf7dkkf\">\n<div class=\"x6s0dn4 x78zum5 x1q0g3np x1nhvcw1 xh8yej3\">\n<div class=\"html-div xdj266r x14z9mp xat24cr x1lziwak xexx8yu xyri2b x18d9i69 x1c1uobl x9f619 xjbqb8w x78zum5 x15mokao x1ga7v0g x16uus16 xbiv7yw x1uhb9sk x1plvlek xryxfnj x1iyjqo2 x2lwn1j xeuugli x1q0g3np xqjyukv x6s0dn4 x1oa3qoh x1nhvcw1\">\n<div class=\"html-div xdj266r x14z9mp xat24cr x1lziwak xexx8yu xyri2b x18d9i69 x1c1uobl x9f619 x1bl4301 xjbqb8w x78zum5 x15mokao x1ga7v0g x16uus16 xbiv7yw x1n2onr6 x1plvlek xryxfnj x1c4vz4f x2lah0s xdt5ytf xqjyukv x1qjc9v5 x1oa3qoh xl56j7k\">\n<div class=\"html-div xdj266r x14z9mp xat24cr x1lziwak xexx8yu xyri2b x18d9i69 x1c1uobl x9f619 xjbqb8w x78zum5 x15mokao x1ga7v0g x16uus16 xbiv7yw x1uhb9sk x1plvlek xryxfnj x1c4vz4f x2lah0s x1q0g3np xqjyukv x6s0dn4 x1oa3qoh x1nhvcw1\">\n<div>\n<div class=\"html-div xdj266r x14z9mp xat24cr x1lziwak xexx8yu xyri2b x18d9i69 x1c1uobl x9f619 xjbqb8w x78zum5 x15mokao x1ga7v0g x16uus16 xbiv7yw x1uhb9sk x1plvlek xryxfnj x1c4vz4f x2lah0s x1q0g3np xqjyukv x6s0dn4 x1oa3qoh x1nhvcw1\">\n<div>\n<div class=\"html-div xdj266r x14z9mp xat24cr x1lziwak xexx8yu xyri2b x18d9i69 x1c1uobl x9f619 xjbqb8w x1rg5ohu x15mokao x1ga7v0g x16uus16 xbiv7yw x1uhb9sk x1plvlek xryxfnj x1c4vz4f x2lah0s x1oa3qoh\"><\/div>\n<\/div>\n<\/div>\n<\/div>\n<\/div>\n<\/div>\n<\/div>\n<\/div>\n<\/div>\n<div class=\"x5yr21d xw2csxc x1odjw0f x1n2onr6\">\n<div class=\"x9f619 x78zum5 xdt5ytf x5yr21d xexx8yu xv54qhq x1l90r2v xf7dkkf x10l6tqk xh8yej3\">\n<div>\n<div class=\"html-div xdj266r x14z9mp xat24cr x1lziwak xyri2b x1c1uobl x9f619 xjbqb8w x78zum5 x15mokao x1ga7v0g x16uus16 xbiv7yw xsag5q8 xz9dl7a x1uhb9sk x1plvlek xryxfnj x1c4vz4f x2lah0s x1q0g3np xqjyukv x1qjc9v5 x1oa3qoh x1nhvcw1\">\n<div class=\"html-div xdj266r x14z9mp xat24cr x1lziwak xexx8yu xyri2b x18d9i69 x1c1uobl x9f619 xjbqb8w x78zum5 x15mokao x1ga7v0g x16uus16 xbiv7yw x1uhb9sk x1plvlek xryxfnj x1iyjqo2 x2lwn1j xeuugli x1q0g3np xqjyukv x1qjc9v5 x1oa3qoh x1nhvcw1\">\n<div class=\"html-div xdj266r x14z9mp xat24cr x1lziwak xexx8yu xyri2b x18d9i69 x1c1uobl x9f619 xjbqb8w x78zum5 x15mokao x1ga7v0g x16uus16 xbiv7yw x1uhb9sk x1plvlek xryxfnj x1iyjqo2 x2lwn1j xeuugli xdt5ytf xqjyukv x1qjc9v5 x1oa3qoh x1nhvcw1\">\n<div class=\"html-div xdj266r x14z9mp xat24cr x1lziwak xexx8yu xyri2b x18d9i69 x1c1uobl x9f619 xjbqb8w x78zum5 x15mokao x1ga7v0g x16uus16 xbiv7yw x1uhb9sk x1plvlek xryxfnj x1c4vz4f x2lah0s xdt5ytf xqjyukv x1qjc9v5 x1oa3qoh x1nhvcw1\">\n<div class=\"html-div xdj266r x14z9mp xat24cr x1lziwak xexx8yu xyri2b x18d9i69 x1c1uobl x9f619 xjbqb8w x78zum5 x15mokao x1ga7v0g x16uus16 xbiv7yw x1uhb9sk x1plvlek xryxfnj x1c4vz4f x2lah0s x1q0g3np xqjyukv x1qjc9v5 x1oa3qoh x1nhvcw1\" style=\"text-align: center\"><a href=\"https:\/\/www.lavozdeasturias.es\/noticia\/asturias\/2025\/07\/24\/llagar-castanon-sidra-fermenta-futuro-corazon-asturias\/00031753341551067105626.htm\">La Voz<\/a> \/ <a href=\"https:\/\/www.instagram.com\/lavozdeasturias100\">IG La Voz<\/a><\/div>\n<\/div>\n<div style=\"text-align: center\"><span class=\"x193iq5w xeuugli x13faqbe x1vvkbs xt0psk2 x1i0vuye xvs91rp xo1l8bm x5n08af x10wh9bi xpm28yp x8viiok x1o7cslx x126k92a\"><span class=\"html-span xexx8yu x4uap5 x18d9i69 xkhd6sd x1hl2dhg x16tdsg8 x1vvkbs x3nfvp2 x1j61x8r x1fcty0u xdj266r xat24cr xgzva0m xhhsvwb xxymvpz xlup9mm x1kky2od\">\n<!-- iframe plugin v.6.0 wordpress.org\/plugins\/iframe\/ -->\n<iframe loading=\"lazy\" src=\"https:\/\/www.instagram.com\/reel\/DMsJAMdMDLf\/embed\" width=\"460\" height=\"595\" 0=\"\/iframe\" scrolling=\"yes\" class=\"iframe-class\" frameborder=\"0\"><\/iframe>\n<\/span><\/span><\/div>\n<div class=\"html-div xdj266r x14z9mp xat24cr x1lziwak xexx8yu xyri2b x18d9i69 x1c1uobl x9f619 xjbqb8w x78zum5 x15mokao x1ga7v0g x16uus16 xbiv7yw x1uhb9sk x1plvlek xryxfnj x1c4vz4f x2lah0s xdt5ytf xqjyukv x1qjc9v5 x1oa3qoh x1nhvcw1\">\n<p>N&#8217;Asturies, cada botella de sidra cunta una hestoria. Pero poques narrar cola coherencia, el compromisu y la pasi\u00f3n cola que lo fai Llagar Casta\u00f1\u00f3n. Fund\u00e1u en 1938, esti hist\u00f3ricu llagar de Quintueles, nel conceyu de Villaviciosa, representa g\u00fcei la perfecta fusi\u00f3n ente leg\u00e1u familiar, innovaci\u00f3n y sostenibilid\u00e1. Y el 2025 ta siendo un a\u00f1u clave pa consolidar la so proyecci\u00f3n internacional. \u00abM\u00e1s que producir sidra, defendemos xuna tradici\u00f3n reconocida pola UNESCO como patrimoniu de toos\u00bb, afirma Casta\u00f1\u00f3n. <a href=\"https:\/\/www.instagram.com\/sidracastanon\">https:\/\/www.instagram.com\/sidracastanon<\/a><\/p>\n<\/div>\n<\/div>\n<\/div>\n<\/div>\n<\/div>\n<\/div>\n<\/div>\n<p><!--more--><\/p>\n<p style=\"text-align: center\"><a href=\"https:\/\/img.lavdg.com\/sc\/DgUYZRVfdre9ldi7KO2NSJ0x7Xk=\/768x\/2025\/07\/24\/00121753344056827666477\/Foto\/sidra-castanon.jpg\"><img loading=\"lazy\" decoding=\"async\" class=\"aligncenter size-large\" src=\"https:\/\/img.lavdg.com\/sc\/DgUYZRVfdre9ldi7KO2NSJ0x7Xk=\/768x\/2025\/07\/24\/00121753344056827666477\/Foto\/sidra-castanon.jpg\" width=\"768\" height=\"432\" \/><\/a><\/p>\n<p><strong>N&#8217;Asturies, cada botella de sidra cunta una hestoria.<\/strong>\u00a0Cuatro xeneraciones curiaron con percuru un saber faer que tesciende lo puramente granible. Na actualid\u00e1, so la direcci\u00f3n del en\u00f3logu Alfonso Casta\u00f1\u00f3n -form\u00e1u n&#8217;Espa\u00f1a, EE.XX. y Nueva Zelanda y perteneciente a la cuarta xeneraci\u00f3n-, y complementando al Llagarero Juli\u00e1n Casta\u00f1\u00f3n (perteneciente a la tercer xeneraci\u00f3n), el llagar supo reinterpretar l&#8217;arte de faer sidra ensin perder los sos raiga\u00f1os.<\/p>\n<p><span style=\"color: #008080\"><em>\u00abM\u00e1s que producir sidra, defendemos xuna tradici\u00f3n reconocida pola UNESCO como patrimoniu de toos<\/em><\/span>\u00bb, afirma Casta\u00f1\u00f3n.<\/p>\n<p><strong>Un a\u00f1u pa brindar pol \u00e9situ.\u00a0<\/strong>El 2025 lleg\u00f3 carg\u00e1u de reconocencies internacionales que premien la calid\u00e1 y l&#8217;autenticid\u00e1 de les sos ellaboraciones.<\/p>\n<ul>\n<li>Nel Cider World Frankfurt, dos de les sos referencies estrella <span style=\"color: #008080\"><strong>-la sidra DOP Val de Boides y la sidra de xelu La Bonagua- llograron dos tales Medayes d&#8217;Oru.<\/strong><\/span><\/li>\n<li>A nivel nacional, el prestixosu Festival de la Sidra de Nava tami\u00e9n reconoci\u00f3 a <span style=\"color: #008080\"><strong>Roxmut, el so innovador aperitivo a base de sidra, como&#8217;l Meyor Aperitivo del certame<\/strong><\/span>, y a <span style=\"color: #008080\"><strong>La Bonagua, nuevamente, como Meyor Sidra de Xelu.<\/strong><\/span><\/li>\n<li>Estos premios confirmen el prest\u00edu d&#8217;un llagar que supo combinar m\u00e9todos tradicionales -como la fermentadura en toneles de casta\u00f1al- con nueves propuestes que conquisten a un p\u00fablicu cada vez m\u00e1s diversu.<\/li>\n<\/ul>\n<p style=\"text-align: center\"><span class=\"x193iq5w xeuugli x13faqbe x1vvkbs xt0psk2 x1i0vuye xvs91rp xo1l8bm x5n08af x10wh9bi xpm28yp x8viiok x1o7cslx x126k92a\"><span class=\"html-span xexx8yu x4uap5 x18d9i69 xkhd6sd x1hl2dhg x16tdsg8 x1vvkbs x3nfvp2 x1j61x8r x1fcty0u xdj266r xat24cr xgzva0m xhhsvwb xxymvpz xlup9mm x1kky2od\">\n<!-- iframe plugin v.6.0 wordpress.org\/plugins\/iframe\/ -->\n<iframe loading=\"lazy\" src=\"https:\/\/www.instagram.com\/reel\/DL5Nih5opon\/embed\" width=\"460\" height=\"595\" 0=\"\/iframe\" scrolling=\"yes\" class=\"iframe-class\" frameborder=\"0\"><\/iframe>\n<\/span><\/span><\/p>\n<p><strong>Portafolio con acentu asturianu.\u00a0<\/strong>El cat\u00e1logu de productos de Casta\u00f1\u00f3n reflexa esa dualid\u00e1 ente tradici\u00f3n ya innovaci\u00f3n.<\/p>\n<ul>\n<li><span style=\"color: #008080\"><strong>Casta\u00f1\u00f3n<\/strong><\/span>, la sidra natural m\u00e1s cl\u00e1sica.<\/li>\n<li><span style=\"color: #008080\"><strong>Val de Boides<\/strong><\/span>, la so sidra DOP multipremiada.<\/li>\n<li><span style=\"color: #008080\"><strong>La Bonagua<\/strong><\/span>, xuna sidra de xelu lleldada en barriques de Pedro Xim\u00e9nez.<\/li>\n<li><span style=\"color: #008080\"><strong>Roxmut<\/strong><\/span>, aperitivo tipu verm\u00fa que funde la esencia de la sidra con bot\u00e1nicos.<\/li>\n<li><span style=\"color: #008080\"><strong>Xiz<\/strong><\/span>, sidra frizzante con burbuya fina, pensada pa nueves formes de consumu.<\/li>\n<\/ul>\n<p style=\"text-align: center\"><span class=\"x193iq5w xeuugli x13faqbe x1vvkbs xt0psk2 x1i0vuye xvs91rp xo1l8bm x5n08af x10wh9bi xpm28yp x8viiok x1o7cslx x126k92a\"><span class=\"html-span xexx8yu x4uap5 x18d9i69 xkhd6sd x1hl2dhg x16tdsg8 x1vvkbs x3nfvp2 x1j61x8r x1fcty0u xdj266r xat24cr xgzva0m xhhsvwb xxymvpz xlup9mm x1kky2od\">\n<!-- iframe plugin v.6.0 wordpress.org\/plugins\/iframe\/ -->\n<iframe loading=\"lazy\" src=\"https:\/\/www.instagram.com\/reel\/DL5Nih5opon\/embed\" width=\"460\" height=\"610\" 0=\"\/iframe\" scrolling=\"yes\" class=\"iframe-class\" frameborder=\"0\"><\/iframe>\n<\/span><\/span><\/p>\n<p><strong>Un compromisu real cola tierra<\/strong> La sostenibilid\u00e1 ye otru de les pilastres fundamentales del llagar. Por aciu paneles solares, pomarada carbono cero, y sistemes d&#8217;econom\u00eda circular como REuse -botelles retornables pa hosteler\u00eda- o&#8217;l programa Recorchu -reciclaje de tapones de corchu pa da-yos xuna segunda vida como aislantes o moblame-, Llagar Casta\u00f1\u00f3n demuestra que la sidra del futuru tami\u00e9n se curia dende l&#8217;orixe.<\/p>\n<p><strong>Sidraturismo: xuna esperiencia inmersiva.\u00a0<\/strong>Visitar el llagar convirti\u00f3se nuna aut\u00e9ntica esperiencia cultural. Les rutes de sidraturismo propuestes dexen siguir el cam\u00edn de la mazana\u00bb, catar sidra natural directamente del tonel y afayar sabores como los de Roxmut o Xiz. Tou ello con visites empuestes tanto n&#8217;espa\u00f1ol como n&#8217;ingl\u00e9s, y la posibilid\u00e1 d&#8217;acutar esperiencies VIP personalizaes.<\/p>\n<p><em><strong>\u00abQueremos que&#8217;l visitante viva la sidra, non que la beba<\/strong><\/em>\u00bb, sorraya Marta Garc\u00eda, emp\u00f3n especializada del llagar.\u00a0Les reserves t\u00e1n disponibles al travi\u00e9s de la so p\u00e1xina web: <a href=\"https:\/\/www.sidracastanon.es.\"><strong>www.sidracastanon.es.<\/strong><\/a><\/p>\n<p style=\"text-align: center\"><a href=\"https:\/\/sidracastanon.com\/wp-content\/uploads\/2022\/02\/salon-de-eventos-en-el-llagar-1024x683.jpg\"><img loading=\"lazy\" decoding=\"async\" class=\"aligncenter size-large\" src=\"https:\/\/sidracastanon.com\/wp-content\/uploads\/2022\/02\/salon-de-eventos-en-el-llagar-1024x683.jpg\" width=\"1024\" height=\"683\" \/><\/a><\/p>\n","protected":false},"excerpt":{"rendered":"<p>La Voz \/ IG La Voz N&#8217;Asturies, cada botella de sidra cunta una hestoria. Pero poques narrar cola coherencia, el compromisu y la pasi\u00f3n cola que lo fai Llagar Casta\u00f1\u00f3n. Fund\u00e1u en 1938, esti hist\u00f3ricu llagar de Quintueles, nel conceyu de Villaviciosa, representa g\u00fcei la perfecta fusi\u00f3n ente leg\u00e1u familiar, innovaci\u00f3n y sostenibilid\u00e1. Y el [&hellip;]<\/p>\n","protected":false},"author":117,"featured_media":0,"comment_status":"closed","ping_status":"open","sticky":false,"template":"","format":"standard","meta":{"footnotes":""},"categories":[156],"tags":[],"class_list":["post-54403","post","type-post","status-publish","format-standard","hentry","category-sidre"],"_links":{"self":[{"href":"https:\/\/edublog.educastur.es\/ixuxu\/wp-json\/wp\/v2\/posts\/54403","targetHints":{"allow":["GET"]}}],"collection":[{"href":"https:\/\/edublog.educastur.es\/ixuxu\/wp-json\/wp\/v2\/posts"}],"about":[{"href":"https:\/\/edublog.educastur.es\/ixuxu\/wp-json\/wp\/v2\/types\/post"}],"author":[{"embeddable":true,"href":"https:\/\/edublog.educastur.es\/ixuxu\/wp-json\/wp\/v2\/users\/117"}],"replies":[{"embeddable":true,"href":"https:\/\/edublog.educastur.es\/ixuxu\/wp-json\/wp\/v2\/comments?post=54403"}],"version-history":[{"count":6,"href":"https:\/\/edublog.educastur.es\/ixuxu\/wp-json\/wp\/v2\/posts\/54403\/revisions"}],"predecessor-version":[{"id":54411,"href":"https:\/\/edublog.educastur.es\/ixuxu\/wp-json\/wp\/v2\/posts\/54403\/revisions\/54411"}],"wp:attachment":[{"href":"https:\/\/edublog.educastur.es\/ixuxu\/wp-json\/wp\/v2\/media?parent=54403"}],"wp:term":[{"taxonomy":"category","embeddable":true,"href":"https:\/\/edublog.educastur.es\/ixuxu\/wp-json\/wp\/v2\/categories?post=54403"},{"taxonomy":"post_tag","embeddable":true,"href":"https:\/\/edublog.educastur.es\/ixuxu\/wp-json\/wp\/v2\/tags?post=54403"}],"curies":[{"name":"wp","href":"https:\/\/api.w.org\/{rel}","templated":true}]}}