{"id":54412,"date":"2025-07-29T15:40:31","date_gmt":"2025-07-29T13:40:31","guid":{"rendered":"https:\/\/edublog.educastur.es\/ixuxu\/?p=54412"},"modified":"2025-07-29T22:40:21","modified_gmt":"2025-07-29T20:40:21","slug":"abiertes-les-inscripciones-pa-les-carreres-del-paraiso","status":"publish","type":"post","link":"https:\/\/edublog.educastur.es\/ixuxu\/2025\/07\/abiertes-les-inscripciones-pa-les-carreres-del-paraiso\/","title":{"rendered":"\u00a1Abiertes les inscripciones pa les Carreres del Para\u00edso!"},"content":{"rendered":"<p style=\"text-align: center\"><span class=\"x193iq5w xeuugli x13faqbe x1vvkbs xt0psk2 x1i0vuye xvs91rp xo1l8bm x5n08af x10wh9bi xpm28yp x8viiok x1o7cslx x126k92a\"><span class=\"html-span xexx8yu x4uap5 x18d9i69 xkhd6sd x1hl2dhg x16tdsg8 x1vvkbs x3nfvp2 x1j61x8r x1fcty0u xdj266r xat24cr xgzva0m xhhsvwb xxymvpz xlup9mm x1kky2od\">\n<!-- iframe plugin v.6.0 wordpress.org\/plugins\/iframe\/ -->\n<iframe loading=\"lazy\" src=\"https:\/\/www.instagram.com\/reel\/DMsAnFkMcpH\/embed\" width=\"460\" height=\"595\" 0=\"\/iframe\" scrolling=\"yes\" class=\"iframe-class\" frameborder=\"0\"><\/iframe>\n<\/span><\/span><\/p>\n<p>\ud83c\udfc3\u200d\u2640\ufe0f\ud83c\udf3f \u00a1Abiertes les inscripciones pa les Carreres del Para\u00edso!<\/p>\n<ul>\n<li>Una iniciativa gratuita que xune \ud835\uddf1\ud835\uddf2\ud835\uddfd\ud835\uddfc\ud835\uddff\ud835\ude01\ud835\uddf2, \ud835\uddfb\ud835\uddee\ud835\ude01\ud835\ude02\ud835\uddff\ud835\uddee\ud835\uddf9\ud835\uddf2\ud835\ude07\ud835\uddee \ud835\ude06 \ud835\ude01\ud835\uddff\ud835\uddee\ud835\uddf1\ud835\uddf6\ud835\uddf0\ud835\uddf6\u00f3\ud835\uddfb para celebrar los \ud835\udff0\ud835\udfec \ud835\uddee\u00f1\ud835\uddfc\ud835\ude00 \ud835\uddf1\ud835\uddf2 \ud835\uddd4\ud835\ude00\ud835\ude01\ud835\ude02\ud835\uddff\ud835\uddf6\ud835\uddee\ud835\ude00 \ud835\udde3\ud835\uddee\ud835\uddff\ud835\uddee\u00ed\ud835\ude00\ud835\uddfc \ud835\udde1\ud835\uddee\ud835\ude01\ud835\ude02\ud835\uddff\ud835\uddee\ud835\uddf9.<\/li>\n<li>\ud83d\udccd 4 fines de selmana d&#8217;ochobre<\/li>\n<li>\ud83d\udccd 6 conceyos: Navia, Vald\u00e9s, Santalla d&#8217;Ozcos, Pilo\u00f1a, Casu y Villaviciosa<\/li>\n<li>\ud83d\udccd Carreres de 10 a 20 km + romer\u00edes con m\u00fasica, gastronom\u00eda y xuegos<\/li>\n<li>\ud83d\udc65 300 places per carrera, con parid\u00e1 y met\u00e1 de participantes de fora d&#8217;Asturies<\/li>\n<li>\ud83d\udcbb Preinscripci\u00f3n abierta hasta&#8217;l 3 de setiembre en \ud83d\udc49 www.carrerasdelparaiso.com<\/li>\n<li><span style=\"color: #008080\"><em><strong>\u00a1Cuerre pel Para\u00edsu! \ud83c\udf04\ud83d\udc9a<\/strong><\/em><\/span><\/li>\n<\/ul>\n","protected":false},"excerpt":{"rendered":"<p>\ud83c\udfc3\u200d\u2640\ufe0f\ud83c\udf3f \u00a1Abiertes les inscripciones pa les Carreres del Para\u00edso! Una iniciativa gratuita que xune \ud835\uddf1\ud835\uddf2\ud835\uddfd\ud835\uddfc\ud835\uddff\ud835\ude01\ud835\uddf2, \ud835\uddfb\ud835\uddee\ud835\ude01\ud835\ude02\ud835\uddff\ud835\uddee\ud835\uddf9\ud835\uddf2\ud835\ude07\ud835\uddee \ud835\ude06 \ud835\ude01\ud835\uddff\ud835\uddee\ud835\uddf1\ud835\uddf6\ud835\uddf0\ud835\uddf6\u00f3\ud835\uddfb para celebrar los \ud835\udff0\ud835\udfec \ud835\uddee\u00f1\ud835\uddfc\ud835\ude00 \ud835\uddf1\ud835\uddf2 \ud835\uddd4\ud835\ude00\ud835\ude01\ud835\ude02\ud835\uddff\ud835\uddf6\ud835\uddee\ud835\ude00 \ud835\udde3\ud835\uddee\ud835\uddff\ud835\uddee\u00ed\ud835\ude00\ud835\uddfc \ud835\udde1\ud835\uddee\ud835\ude01\ud835\ude02\ud835\uddff\ud835\uddee\ud835\uddf9. \ud83d\udccd 4 fines de selmana d&#8217;ochobre \ud83d\udccd 6 conceyos: Navia, Vald\u00e9s, Santalla d&#8217;Ozcos, Pilo\u00f1a, Casu y Villaviciosa \ud83d\udccd Carreres de 10 a 20 km + romer\u00edes con m\u00fasica, [&hellip;]<\/p>\n","protected":false},"author":117,"featured_media":0,"comment_status":"closed","ping_status":"open","sticky":false,"template":"","format":"standard","meta":{"footnotes":""},"categories":[222,232],"tags":[],"class_list":["post-54412","post","type-post","status-publish","format-standard","hentry","category-carreres","category-tresportes"],"_links":{"self":[{"href":"https:\/\/edublog.educastur.es\/ixuxu\/wp-json\/wp\/v2\/posts\/54412","targetHints":{"allow":["GET"]}}],"collection":[{"href":"https:\/\/edublog.educastur.es\/ixuxu\/wp-json\/wp\/v2\/posts"}],"about":[{"href":"https:\/\/edublog.educastur.es\/ixuxu\/wp-json\/wp\/v2\/types\/post"}],"author":[{"embeddable":true,"href":"https:\/\/edublog.educastur.es\/ixuxu\/wp-json\/wp\/v2\/users\/117"}],"replies":[{"embeddable":true,"href":"https:\/\/edublog.educastur.es\/ixuxu\/wp-json\/wp\/v2\/comments?post=54412"}],"version-history":[{"count":2,"href":"https:\/\/edublog.educastur.es\/ixuxu\/wp-json\/wp\/v2\/posts\/54412\/revisions"}],"predecessor-version":[{"id":54414,"href":"https:\/\/edublog.educastur.es\/ixuxu\/wp-json\/wp\/v2\/posts\/54412\/revisions\/54414"}],"wp:attachment":[{"href":"https:\/\/edublog.educastur.es\/ixuxu\/wp-json\/wp\/v2\/media?parent=54412"}],"wp:term":[{"taxonomy":"category","embeddable":true,"href":"https:\/\/edublog.educastur.es\/ixuxu\/wp-json\/wp\/v2\/categories?post=54412"},{"taxonomy":"post_tag","embeddable":true,"href":"https:\/\/edublog.educastur.es\/ixuxu\/wp-json\/wp\/v2\/tags?post=54412"}],"curies":[{"name":"wp","href":"https:\/\/api.w.org\/{rel}","templated":true}]}}