{"id":54417,"date":"2025-07-29T14:11:10","date_gmt":"2025-07-29T12:11:10","guid":{"rendered":"https:\/\/edublog.educastur.es\/ixuxu\/?p=54417"},"modified":"2025-07-29T22:39:53","modified_gmt":"2025-07-29T20:39:53","slug":"vero-rubio-nel-programa-radio-el-divan-de-galan","status":"publish","type":"post","link":"https:\/\/edublog.educastur.es\/ixuxu\/2025\/07\/vero-rubio-nel-programa-radio-el-divan-de-galan\/","title":{"rendered":"Vero Rubio nel programa \u00abEl div\u00e1n de Gal\u00e1n\u00bb"},"content":{"rendered":"<div class=\"html-div xdj266r x14z9mp xat24cr x1lziwak xexx8yu x1a8lsjc xf7dkkf xv54qhq\">\n<div class=\"html-div xdj266r x14z9mp xat24cr x1lziwak xexx8yu xyri2b x18d9i69 x1c1uobl x1jx94hy x78zum5 x1q0g3np\">\n<div class=\"x78zum5 xdt5ytf xz62fqu x16ldp7u\">\n<div class=\"xu06os2 x1ok221b\">\n<div class=\"html-div xdj266r x14z9mp xat24cr x1lziwak xexx8yu xyri2b x18d9i69 x1c1uobl\" data-ad-rendering-role=\"profile_name\">\n<h3 class=\"html-h3 x14z9mp xat24cr x1lziwak xexx8yu xyri2b x18d9i69 x1c1uobl x1vvkbs x1heor9g x1qlqyl8 x1pd3egz x1a2a7pz x1gslohp x1yc453h\" style=\"text-align: center\"><span class=\"x1lliihq x6ikm8r x10wlt62 x1n2onr6\"><span class=\"xt0psk2\"><a class=\"x1i10hfl xjbqb8w x1ejq31n x18oe1m7 x1sy0etr xstzfhl x972fbf x10w94by x1qhh985 x14e42zd x9f619 x1ypdohk xt0psk2 xe8uvvx xdj266r x14z9mp xat24cr x1lziwak xexx8yu xyri2b x18d9i69 x1c1uobl x16tdsg8 x1hl2dhg xggy1nq x1a2a7pz xkrqix3 x1sur9pj xzsf02u x1s688f\" role=\"link\" href=\"https:\/\/www.facebook.com\/sentirasturies?__cft__[0]=AZWhK_t9eRmBcJWceuz0SlfIjip0Qjb3uPlmwSYUi3Sei3XzN_IOCHe6mJrGa6lpJKKtvbUHBl8pyxsO4KZSsuInq3nVTIRlyfg9yQiJArYBviT_zMast2kgA9-VIeI8Q7QZVNyFohj72mLkvizR5OUkeG33ub4uQNa5IDPCTdWj10_Yn7REnRHncbuKn_CJ3CbLWmYLCKhLcI6L8jNbIHFV&amp;__tn__=-UC%2CP-y-R\"><b class=\"html-b xdj266r x14z9mp xat24cr x1lziwak xexx8yu xyri2b x18d9i69 x1c1uobl x1hl2dhg x16tdsg8 x1vvkbs x1s688f\"><span class=\"html-span xdj266r x14z9mp xat24cr x1lziwak xexx8yu xyri2b x18d9i69 x1c1uobl x1hl2dhg x16tdsg8 x1vvkbs\">Sentir Asturies RPA<\/span><\/b><\/a><\/span><\/span><span style=\"font-size: 16px\">\/<\/span><a class=\"x1i10hfl xjbqb8w x1ejq31n x18oe1m7 x1sy0etr xstzfhl x972fbf x10w94by x1qhh985 x14e42zd x9f619 x1ypdohk xt0psk2 xe8uvvx xdj266r x14z9mp xat24cr x1lziwak xexx8yu xyri2b x18d9i69 x1c1uobl x16tdsg8 x1hl2dhg xggy1nq x1a2a7pz xkrqix3 x1sur9pj x1fey0fg x1s688f\" style=\"font-size: 16px\" role=\"link\" href=\"https:\/\/l.facebook.com\/l.php?u=https%3A%2F%2Fwww.instagram.com%2F_u%2Fverorrubio%3Ffbclid%3DIwZXh0bgNhZW0CMTAAYnJpZBExNTNLbHpWQXh6RkJqUjBYaQEe5ouGEgtz2gv_Otkz3NAyEKfcojeXsmjYfzMZG41q2Xz_04LKHwYApTWHmkE_aem_JAjs2pcxAiFfcT1fEW30rw&amp;h=AT22XnpbdBZgXEcpDrIKpvCEvSNMPb33Ei31Ved-ANr0DM3QjurfMABGeME3AzeD0mfUkHBrfIsRqp145CXFWd015dNG3cpS3VULJrDLWHNbBLhUtQ0DNmZb7BwnmOQy5g&amp;__tn__=-UK-y-R&amp;c[0]=AT0Lk5G_0ELwavPKcCO6Kcc1bKVG_DiHcF3bHJZ2BL0n3H6myDxk-HZexyi4tFmPR5JxtwtxxZPauQZ6fw9cu7he7fe2cozKMFJHaAPF1nGybngvbj70v8S0icnowrTuKmnTkBVYU3_1YR8qP3b57_1ldH285DtwBpsFZTVPNkmPzWtbGalicEen5gVPUhf5q4JwwXQjAgISCTkpKC6izDycx0ZtWy95aiF2FfZK3qXWWttA\" target=\"_blank\" rel=\"nofollow noopener noreferrer\">@verorrubio<\/a><\/h3>\n<p style=\"text-align: center\">Esti s\u00e1badu tuvo con n\u00f3s en Sentir Asturies la gran <a href=\"https:\/\/www.instagram.com\/verorrubio\"><strong>Vero Rubio<\/strong><\/a>, que nos regal\u00f3 un momentu d&#8217;emoci\u00f3n y bona m\u00fasica. \u00a1Gracies por venir y facenos sentir!<\/p>\n<p style=\"text-align: center\">\n<!-- iframe plugin v.6.0 wordpress.org\/plugins\/iframe\/ -->\n<iframe data-testid=\"embed-iframe\" style=\"border-radius:12px\" src=\"https:\/\/open.spotify.com\/embed\/show\/7pVIhGs7fItp72AbySpUIr?utm_source=generator\" width=\"100%\" height=\"352\" frameborder=\"0\" allowfullscreen allow=\"autoplay; clipboard-write; encrypted-media; fullscreen; picture-in-picture\" loading=\"lazy\" 0=\"\/iframe\" scrolling=\"yes\" class=\"iframe-class\"><\/iframe>\n<\/p>\n<p style=\"text-align: left\">Esta selmana en Sentir Asturies Inaciu Gal\u00e1n, Jennifer Berrocal, Lluis Fanjul, Ra\u00fal Alonso y An\u00edbal Gonz\u00e1lez celebren el D\u00eda de los g\u00fcelos y les g\u00fceles. Am\u00e1s, Mart\u00edn Pe\u00f1a vuelve pa falanos un poco\u00f1\u00edn m\u00e1s de Xuana la Lloca y Vero Rubio si\u00e9ntase nel Div\u00e1n de Gal\u00e1n.<\/p>\n<\/div>\n<\/div>\n<\/div>\n<\/div>\n<\/div>\n","protected":false},"excerpt":{"rendered":"<p>Sentir Asturies RPA\/@verorrubio Esti s\u00e1badu tuvo con n\u00f3s en Sentir Asturies la gran Vero Rubio, que nos regal\u00f3 un momentu d&#8217;emoci\u00f3n y bona m\u00fasica. \u00a1Gracies por venir y facenos sentir! Esta selmana en Sentir Asturies Inaciu Gal\u00e1n, Jennifer Berrocal, Lluis Fanjul, Ra\u00fal Alonso y An\u00edbal Gonz\u00e1lez celebren el D\u00eda de los g\u00fcelos y les g\u00fceles. [&hellip;]<\/p>\n","protected":false},"author":117,"featured_media":0,"comment_status":"closed","ping_status":"open","sticky":false,"template":"","format":"standard","meta":{"footnotes":""},"categories":[322,463],"tags":[],"class_list":["post-54417","post","type-post","status-publish","format-standard","hentry","category-inaciu-galan","category-sentir-asturies"],"_links":{"self":[{"href":"https:\/\/edublog.educastur.es\/ixuxu\/wp-json\/wp\/v2\/posts\/54417","targetHints":{"allow":["GET"]}}],"collection":[{"href":"https:\/\/edublog.educastur.es\/ixuxu\/wp-json\/wp\/v2\/posts"}],"about":[{"href":"https:\/\/edublog.educastur.es\/ixuxu\/wp-json\/wp\/v2\/types\/post"}],"author":[{"embeddable":true,"href":"https:\/\/edublog.educastur.es\/ixuxu\/wp-json\/wp\/v2\/users\/117"}],"replies":[{"embeddable":true,"href":"https:\/\/edublog.educastur.es\/ixuxu\/wp-json\/wp\/v2\/comments?post=54417"}],"version-history":[{"count":4,"href":"https:\/\/edublog.educastur.es\/ixuxu\/wp-json\/wp\/v2\/posts\/54417\/revisions"}],"predecessor-version":[{"id":54429,"href":"https:\/\/edublog.educastur.es\/ixuxu\/wp-json\/wp\/v2\/posts\/54417\/revisions\/54429"}],"wp:attachment":[{"href":"https:\/\/edublog.educastur.es\/ixuxu\/wp-json\/wp\/v2\/media?parent=54417"}],"wp:term":[{"taxonomy":"category","embeddable":true,"href":"https:\/\/edublog.educastur.es\/ixuxu\/wp-json\/wp\/v2\/categories?post=54417"},{"taxonomy":"post_tag","embeddable":true,"href":"https:\/\/edublog.educastur.es\/ixuxu\/wp-json\/wp\/v2\/tags?post=54417"}],"curies":[{"name":"wp","href":"https:\/\/api.w.org\/{rel}","templated":true}]}}