{"id":54452,"date":"2025-07-30T08:30:01","date_gmt":"2025-07-30T06:30:01","guid":{"rendered":"https:\/\/edublog.educastur.es\/ixuxu\/?p=54452"},"modified":"2025-07-29T23:17:47","modified_gmt":"2025-07-29T21:17:47","slug":"el-tiempu-nasturies-el-comercio-13","status":"publish","type":"post","link":"https:\/\/edublog.educastur.es\/ixuxu\/2025\/07\/el-tiempu-nasturies-el-comercio-13\/","title":{"rendered":"El tiempu n&#8217;Asturies (El Comercio)"},"content":{"rendered":"<p style=\"text-align: center\"><a href=\"https:\/\/s3.ppllstatics.com\/elcomercio\/www\/multimedia\/2025\/07\/29\/tiempo-asturias-miercoles-30-julio-kKXB-U2301948938566Ca-1200x860@El%20Comercio.jpg\"><img loading=\"lazy\" decoding=\"async\" class=\"aligncenter size-large\" src=\"https:\/\/s3.ppllstatics.com\/elcomercio\/www\/multimedia\/2025\/07\/29\/tiempo-asturias-miercoles-30-julio-kKXB-U2301948938566Ca-1200x860@El%20Comercio.jpg\" width=\"1200\" height=\"860\" \/><\/a><\/p>\n<p>Esperamos m\u00e1s nubosidad escontra la mari\u00f1a y zones de la met\u00e1 norte asturiana. Sicas\u00ed, nel cordal y otros puntos de la met\u00e1 sur asturiana los cielos van tar m\u00e1s soleyeros pela ma\u00f1ana. <strong>A lo llargo de la tarde<\/strong>, les nubes acabar\u00e1n estendi\u00e9ndose por tola rex\u00f3n. La probabilid\u00e1 de precipitaciones va ser bien baxa, pero nun se refuga que pueda chispiar por momentos na mari\u00f1a y zones pr\u00f3ximes. <strong>Les temperatures m\u00e1ximes<\/strong> van ser pr\u00e1cticamente id\u00e9ntiques a les del martes, s\u00eda que non podr\u00eda producise dalg\u00fan descensu bien llixeru nel interior central del Princip\u00e1u. <strong>Les m\u00ednimes<\/strong> tami\u00e9n van ser un calcu a les d&#8217;esti martes, anque nun se refuga dalg\u00fan descensu tami\u00e9n bien llixeru nel interior oriental. <strong>Los vientos<\/strong> van predominar de norte-nord\u00e9s fluexos con delles raches moderaes.<\/p>\n<p><!--more--><\/p>\n<p><strong>El xueves<\/strong> preven nubes de primeres y a la fin del d\u00eda, con apertura de grandes claros nes hores centrales del d\u00eda. Les temperatures, tanto nel casu de les m\u00e1ximes como nel de les m\u00ednimes, apenes van variar.<\/p>\n<p><strong> El vienres<\/strong> vamos tener tiempu estable de primeres, pero la nubosidad va dir n&#8217;aumentu y esp\u00e9rense ag\u00fces d\u00e9biles pela nueche.<\/p>\n<p>&nbsp;<\/p>\n","protected":false},"excerpt":{"rendered":"<p>Esperamos m\u00e1s nubosidad escontra la mari\u00f1a y zones de la met\u00e1 norte asturiana. Sicas\u00ed, nel cordal y otros puntos de la met\u00e1 sur asturiana los cielos van tar m\u00e1s soleyeros pela ma\u00f1ana. A lo llargo de la tarde, les nubes acabar\u00e1n estendi\u00e9ndose por tola rex\u00f3n. La probabilid\u00e1 de precipitaciones va ser bien baxa, pero nun [&hellip;]<\/p>\n","protected":false},"author":117,"featured_media":0,"comment_status":"closed","ping_status":"open","sticky":false,"template":"","format":"standard","meta":{"footnotes":""},"categories":[5],"tags":[],"class_list":["post-54452","post","type-post","status-publish","format-standard","hentry","category-tiempu"],"_links":{"self":[{"href":"https:\/\/edublog.educastur.es\/ixuxu\/wp-json\/wp\/v2\/posts\/54452","targetHints":{"allow":["GET"]}}],"collection":[{"href":"https:\/\/edublog.educastur.es\/ixuxu\/wp-json\/wp\/v2\/posts"}],"about":[{"href":"https:\/\/edublog.educastur.es\/ixuxu\/wp-json\/wp\/v2\/types\/post"}],"author":[{"embeddable":true,"href":"https:\/\/edublog.educastur.es\/ixuxu\/wp-json\/wp\/v2\/users\/117"}],"replies":[{"embeddable":true,"href":"https:\/\/edublog.educastur.es\/ixuxu\/wp-json\/wp\/v2\/comments?post=54452"}],"version-history":[{"count":2,"href":"https:\/\/edublog.educastur.es\/ixuxu\/wp-json\/wp\/v2\/posts\/54452\/revisions"}],"predecessor-version":[{"id":54454,"href":"https:\/\/edublog.educastur.es\/ixuxu\/wp-json\/wp\/v2\/posts\/54452\/revisions\/54454"}],"wp:attachment":[{"href":"https:\/\/edublog.educastur.es\/ixuxu\/wp-json\/wp\/v2\/media?parent=54452"}],"wp:term":[{"taxonomy":"category","embeddable":true,"href":"https:\/\/edublog.educastur.es\/ixuxu\/wp-json\/wp\/v2\/categories?post=54452"},{"taxonomy":"post_tag","embeddable":true,"href":"https:\/\/edublog.educastur.es\/ixuxu\/wp-json\/wp\/v2\/tags?post=54452"}],"curies":[{"name":"wp","href":"https:\/\/api.w.org\/{rel}","templated":true}]}}