{"id":54455,"date":"2025-07-31T12:22:58","date_gmt":"2025-07-31T10:22:58","guid":{"rendered":"https:\/\/edublog.educastur.es\/ixuxu\/?p=54455"},"modified":"2025-07-31T22:29:23","modified_gmt":"2025-07-31T20:29:23","slug":"semiramis-gonzalez-nueva-xerente-de-llaboral-centru-darte","status":"publish","type":"post","link":"https:\/\/edublog.educastur.es\/ixuxu\/2025\/07\/semiramis-gonzalez-nueva-xerente-de-llaboral-centru-darte\/","title":{"rendered":"Sem\u00edramis Gonz\u00e1lez, nueva xerente de LlABoral Centru d&#8217;Arte"},"content":{"rendered":"<ul>\n<li><a href=\"https:\/\/www.rtpa.es\/noticias-sociedad-ast\/2025-07-30\/Semiramis-Gonzalez,-nueva-xerente-de-LlABoral-Centru-d'Arte_111753879643.html\">TPA<\/a> \/<a href=\"https:\/\/www.instagram.com\/p\/DMvM-ZyK9bA\/?igsh=MTYwaWF3NjJzaTFsMg%3D%3D&amp;fbclid=IwY2xjawL4JRdleHRuA2FlbQIxMQABHlBUKVpSqjRylmooUd1OVbOUVbjo39GNB84Ux\"> Noticia IG<\/a> \/ <a href=\"https:\/\/actualidad.asturias.es\/-\/laboral-centro-de-arte-y-creaci\u00f3n-industrial-nombra-nueva-directora-a-la-historiadora-y-directora-art\u00edstica-sem\u00edramis-gonz\u00e1lez?redirect=%2Fnoticias%3Fp_p_id%3Dcom_liferay_asset_publisher_web_portlet_AssetPublisherPortlet_INSTANCE_Pk4uPC5yniIC%26p_p_lifecycle%3D0%26p_p_state%3Dnormal%26p_p_mode%3Dview%26_com_liferay_asset_publisher_web_portlet_AssetPublisherPortlet_INSTANCE_Pk4uPC5yniIC_delta%3D10%26p_r_p_resetCur%3Dfalse%26_com_liferay_asset_publisher_web_portlet_AssetPublisherPortlet_INSTANCE_Pk4uPC5yniIC_cur%3D2\">Actualid\u00e1 Asturies<\/a> \/<\/li>\n<li><a href=\"https:\/\/www.instagram.com\/semiramis_glez\"><strong>Sem\u00edramis Gonz\u00e1lez: IG<\/strong><\/a> \/ <a href=\"https:\/\/www.lne.es\/gijon\/2025\/07\/30\/laboral-centro-arte-nueva-directora-120193059.html?utm_content=imagen&amp;utm_medium=social&amp;utm_campaign=echobox&amp;utm_source=Facebook&amp;fbclid=IwY2xjawL4KqdleHRuA2FlbQIxMQABHrzn7550-YtGPq1fB86gkWOuWM3m528lPZqrbWijAUzXrvv5RdCR2Dov2ile_aem_ui1WTVs3jcgx2iUi95pOgA#Echobox=1753869849\">LNE<\/a> \/<\/li>\n<\/ul>\n<p>La Fundaci\u00f3n La LlABoral, Centru d\u2019Arte, Creaci\u00f3n Industrial y Promoci\u00f3n Cultural nom\u00f3 a la historiadora y directora art\u00edstica Sem\u00edramis Gonz\u00e1lez nueva xerente.<\/p>\n<p style=\"text-align: center\"><span class=\"x193iq5w xeuugli x13faqbe x1vvkbs xt0psk2 x1i0vuye xvs91rp xo1l8bm x5n08af x10wh9bi xpm28yp x8viiok x1o7cslx x126k92a\"><span class=\"html-span xexx8yu x4uap5 x18d9i69 xkhd6sd x1hl2dhg x16tdsg8 x1vvkbs x3nfvp2 x1j61x8r x1fcty0u xdj266r xat24cr xgzva0m xhhsvwb xxymvpz xlup9mm x1kky2od\">\n<!-- iframe plugin v.6.0 wordpress.org\/plugins\/iframe\/ -->\n<iframe loading=\"lazy\" src=\"https:\/\/www.instagram.com\/reel\/DMvM-ZyK9bA\/embed\" width=\"460\" height=\"570\" 0=\"\/iframe\" scrolling=\"yes\" class=\"iframe-class\" frameborder=\"0\"><\/iframe>\n<\/span><\/span><\/p>\n<p><span style=\"color: #008080\"><em>\ud83d\udde3 Un proyectu nel que para la parte art\u00edstica \u201cyo incluyo ll\u00ednees venceyaes a cuestiones sociales, d&#8217;emerxencia clim\u00e1tica, esmoliciones de tipu social venceyaes a la gentrificaci\u00f3n\u201d, afirma la nueva directora xerente. \u201cEn concencia, a tou lo que tien que ver colo dixital pola mesma esencia del centru, pero tami\u00e9n polos mesmos alderiques actuales que tamos calteniendo; pola relaci\u00f3n diaria del ser humanu colo dixital\u201d.<\/em><\/span><\/p>\n<p><!--more--><\/p>\n<section class=\"contenido \">\n<div class=\"container\">\n<div class=\"row\">\n<div class=\"col-lg-8 col-md-12 col-xs-12\" role=\"main\" aria-label=\"Bloque del titular, texto imagen o v\u00eddeo de la noticia\">\n<div class=\"padding-t-35\">\n<h1 class=\"font-size-xxl margin-b-5 font-weight-b color-b-050 letter-spacing--1 fuente-corporativa\"><img decoding=\"async\" class=\"aligncenter\" style=\"font-size: 16px\" src=\"https:\/\/www.rtpa.es\/fotos\/\/25\/07\/20250730144643_RTPA6923756.webp\" alt=\"\" \/><\/h1>\n<\/div>\n<div id=\"multimedia\" class=\"capa_imagen_player img-det-not\">\n<div id=\"mediaplayer\">\n<div id=\"video-a-reproducir7213559792\" class=\"video-js vjs-default-skin vjs-16-9 vjs-big-play-centered vjs-paused vjs-fluid video-a-reproducir7213559792-dimensions vjs-controls-enabled vjs-workinghover vjs-v8 vjs-user-active vjs-layout-medium vjs-hls-quality-selector\" lang=\"es\" role=\"region\" aria-label=\"Reproductor de Video\">\n<div class=\"vjs-text-track-display\" aria-live=\"off\"><\/div>\n<\/div>\n<\/div>\n<\/div>\n<p class=\"botonera-transcripcion font-size-s margin-t-20\">Gonz\u00e1lez cunta con una gran trayectoria nel \u00e1mbitu de la xesti\u00f3n cultural y la direcci\u00f3n de proyectos art\u00edsticos. Puestu que taba vacante dende la destituci\u00f3n de Pablo De Soto\u2019l mes de febreru pas\u00e1u pola \u00abp\u00e9rdida de confianza\u00bb na so xesti\u00f3n.<\/p>\n<div class=\"xt0psk2\">\n<p class=\"_ap3a _aaco _aacu _aacx _aad7 _aade\" dir=\"auto\">\ud83d\uddd3\ufe0f El patronatu ratific\u00f3 g\u00fcei\u2019l so nomamientu, tres d&#8217;<strong>un procesu selectivu con altes esixencies<\/strong> y valoraci\u00f3n per parte d\u2019una comisi\u00f3n especializada.<\/p>\n<p>\ud83d\udccdNatural de Xix\u00f3n, Gonz\u00e1lez cunta con una trayectoria s\u00f3lida en xesti\u00f3n cultural y direcci\u00f3n de proyectos d\u2019arte contemporaneu en Madrid, Lisboa o Palma, am\u00e1s de collaboraciones previes con LABoral.<\/p>\n<\/div>\n<div class=\"html-div x14z9mp x1lziwak xexx8yu xyri2b x18d9i69 x1c1uobl x9f619 xjbqb8w x78zum5 x15mokao x1ga7v0g x16uus16 xbiv7yw x1xmf6yo x12nagc x1n2onr6 x1plvlek xryxfnj x1c4vz4f x2lah0s xdt5ytf xqjyukv x1qjc9v5 x1oa3qoh x1nhvcw1\">Seg\u00fan detall\u00f3 esti mi\u00e9rcoles el Gobiernu del Princip\u00e1u nun comunic\u00e1u, S<strong>em\u00edramis Gonz\u00e1lez (Xix\u00f3n, 1988) :<br \/>\n<\/strong><\/div>\n<ul>\n<li class=\"html-div x14z9mp x1lziwak xexx8yu xyri2b x18d9i69 x1c1uobl x9f619 xjbqb8w x78zum5 x15mokao x1ga7v0g x16uus16 xbiv7yw x1xmf6yo x12nagc x1n2onr6 x1plvlek xryxfnj x1c4vz4f x2lah0s xdt5ytf xqjyukv x1qjc9v5 x1oa3qoh x1nhvcw1\"><strong>ye llicenciada n\u2019Historia del Arte pola Universid\u00e1 d\u2019Uvi\u00e9u<\/strong><\/li>\n<li class=\"html-div x14z9mp x1lziwak xexx8yu xyri2b x18d9i69 x1c1uobl x9f619 xjbqb8w x78zum5 x15mokao x1ga7v0g x16uus16 xbiv7yw x1xmf6yo x12nagc x1n2onr6 x1plvlek xryxfnj x1c4vz4f x2lah0s xdt5ytf xqjyukv x1qjc9v5 x1oa3qoh x1nhvcw1\">\u00a0cunta con <strong>un m\u00e1ster n\u2019Historia del Arte Contemporaneu y Cultura Visual pol Mus\u00e9u Nacional Centru d\u2019Arte Reina Sof\u00eda y la Universid\u00e1 Complutense de Madrid.<\/strong><\/li>\n<li class=\"html-div x14z9mp x1lziwak xexx8yu xyri2b x18d9i69 x1c1uobl x9f619 xjbqb8w x78zum5 x15mokao x1ga7v0g x16uus16 xbiv7yw x1xmf6yo x12nagc x1n2onr6 x1plvlek xryxfnj x1c4vz4f x2lah0s xdt5ytf xqjyukv x1qjc9v5 x1oa3qoh x1nhvcw1\">\u00a0cunta con una gran trayectoria nel \u00e1mbitu de la xesti\u00f3n cultural y la direcci\u00f3n de proyectos art\u00edsticos.<\/li>\n<li class=\"html-div x14z9mp x1lziwak xexx8yu xyri2b x18d9i69 x1c1uobl x9f619 xjbqb8w x78zum5 x15mokao x1ga7v0g x16uus16 xbiv7yw x1xmf6yo x12nagc x1n2onr6 x1plvlek xryxfnj x1c4vz4f x2lah0s xdt5ytf xqjyukv x1qjc9v5 x1oa3qoh x1nhvcw1\">Asina, <strong>de 2018 a 2022 foi la directora art\u00edstica de la feria internacional d\u2019arte contemporaneu &#8216;Justmad&#8217;, de Madrid<\/strong>,<\/li>\n<li class=\"html-div x14z9mp x1lziwak xexx8yu xyri2b x18d9i69 x1c1uobl x9f619 xjbqb8w x78zum5 x15mokao x1ga7v0g x16uus16 xbiv7yw x1xmf6yo x12nagc x1n2onr6 x1plvlek xryxfnj x1c4vz4f x2lah0s xdt5ytf xqjyukv x1qjc9v5 x1oa3qoh x1nhvcw1\">de 2019 a 2022 exerci\u00f3 como <strong>directora art\u00edstica de la feria internacional d\u2019arte contemporaneu &#8216;Justlx&#8217; de Lisboa.<\/strong><\/li>\n<\/ul>\n<\/div>\n<div class=\"col-lg-4 col-md-12 col-xs-12 padding-t-20 padding-b-20\">\n<div class=\"utiles bg-contenido-destacado border-radius-8\" role=\"group\" aria-label=\"Informaci\u00f3n de subt\u00edtulos y bloque para compartir la noticia en redes sociales\">\n<div class=\"display-b padding-t-10 padding-b-10 border-b-1 border-solid border-c-clear-blue padding-l-10 padding-r-10\"><\/div>\n<\/div>\n<div class=\"margin-t-20 margin-b-20\">\n<section class=\"padding-t-20 color-w-0100\">\n<div class=\"row text-align-c padding-t-30 padding-b-30 padding-l-10 padding-r-10 hidden-md-down\" aria-hidden=\"true\">\n<div class=\"col-xs-12\">\n<div id=\"div-rtpa-right1\" class=\"text-align-c\" data-google-query-id=\"CMj1v93v5o4DFaDSDQkdt0EGQA\">\n<div id=\"google_ads_iframe_\/22526134856\/rtpa\/right1_0__container__\"><\/div>\n<\/div>\n<\/div>\n<\/div>\n<\/section>\n<\/div>\n<div class=\"margin-t-20 margin-b-20\"><\/div>\n<\/div>\n<\/div>\n<\/div>\n<\/section>\n<p>&nbsp;<\/p>\n","protected":false},"excerpt":{"rendered":"<p>TPA \/ Noticia IG \/ Actualid\u00e1 Asturies \/ Sem\u00edramis Gonz\u00e1lez: IG \/ LNE \/ La Fundaci\u00f3n La LlABoral, Centru d\u2019Arte, Creaci\u00f3n Industrial y Promoci\u00f3n Cultural nom\u00f3 a la historiadora y directora art\u00edstica Sem\u00edramis Gonz\u00e1lez nueva xerente. \ud83d\udde3 Un proyectu nel que para la parte art\u00edstica \u201cyo incluyo ll\u00ednees venceyaes a cuestiones sociales, d&#8217;emerxencia clim\u00e1tica, esmoliciones [&hellip;]<\/p>\n","protected":false},"author":117,"featured_media":0,"comment_status":"closed","ping_status":"open","sticky":false,"template":"","format":"standard","meta":{"footnotes":""},"categories":[89,38,1],"tags":[],"class_list":["post-54455","post","type-post","status-publish","format-standard","hentry","category-arte","category-cultura","category-sin-categoria"],"_links":{"self":[{"href":"https:\/\/edublog.educastur.es\/ixuxu\/wp-json\/wp\/v2\/posts\/54455","targetHints":{"allow":["GET"]}}],"collection":[{"href":"https:\/\/edublog.educastur.es\/ixuxu\/wp-json\/wp\/v2\/posts"}],"about":[{"href":"https:\/\/edublog.educastur.es\/ixuxu\/wp-json\/wp\/v2\/types\/post"}],"author":[{"embeddable":true,"href":"https:\/\/edublog.educastur.es\/ixuxu\/wp-json\/wp\/v2\/users\/117"}],"replies":[{"embeddable":true,"href":"https:\/\/edublog.educastur.es\/ixuxu\/wp-json\/wp\/v2\/comments?post=54455"}],"version-history":[{"count":8,"href":"https:\/\/edublog.educastur.es\/ixuxu\/wp-json\/wp\/v2\/posts\/54455\/revisions"}],"predecessor-version":[{"id":54518,"href":"https:\/\/edublog.educastur.es\/ixuxu\/wp-json\/wp\/v2\/posts\/54455\/revisions\/54518"}],"wp:attachment":[{"href":"https:\/\/edublog.educastur.es\/ixuxu\/wp-json\/wp\/v2\/media?parent=54455"}],"wp:term":[{"taxonomy":"category","embeddable":true,"href":"https:\/\/edublog.educastur.es\/ixuxu\/wp-json\/wp\/v2\/categories?post=54455"},{"taxonomy":"post_tag","embeddable":true,"href":"https:\/\/edublog.educastur.es\/ixuxu\/wp-json\/wp\/v2\/tags?post=54455"}],"curies":[{"name":"wp","href":"https:\/\/api.w.org\/{rel}","templated":true}]}}