{"id":54457,"date":"2025-07-30T20:00:10","date_gmt":"2025-07-30T18:00:10","guid":{"rendered":"https:\/\/edublog.educastur.es\/ixuxu\/?p=54457"},"modified":"2025-07-31T12:25:48","modified_gmt":"2025-07-31T10:25:48","slug":"ceremonia-de-despidida-a-unu-de-los-autores-mas-destacaos-de-la-lliteratura-contemporanea","status":"publish","type":"post","link":"https:\/\/edublog.educastur.es\/ixuxu\/2025\/07\/ceremonia-de-despidida-a-unu-de-los-autores-mas-destacaos-de-la-lliteratura-contemporanea\/","title":{"rendered":"Ceremonia de despidida a unu de los autores m\u00e1s destacaos de la lliteratura contempor\u00e1nea"},"content":{"rendered":"<ul>\n<li class=\"font-size-xxl margin-b-5 font-weight-b color-b-050 letter-spacing--1 fuente-corporativa\"><a href=\"https:\/\/www.rtpa.es\/noticias-sociedad-ast\/2025-07-30\/Ceremonia-de-despidida-a-Xuan-Bello,-unu-de-los-autores-mas-destacaos-de-la-lliteratura-contemporanea_111753880212.html\">Ceremonia de despidida a Xuan Bello, unu de los autores m\u00e1s destacaos de la lliteratura contempor\u00e1nea<\/a><\/li>\n<\/ul>\n<p>Duelu y ablayamientu na cultura asturiana tres el fallecimientu de sutaque del escritor Xuan Bello a los 60 a\u00f1os. Representantes de la cultura, la comunicaci\u00f3n y la pol\u00edtica, ente ellos el presidente del Princip\u00e1u, acompa\u00f1aron a la familia y amigos del escritor nel tanatoriu de Los Arenales, onde, esta tarde, hebo una ceremonia de despidida. <span class=\"html-span xdj266r x14z9mp xat24cr x1lziwak xexx8yu xyri2b x18d9i69 x1c1uobl x1hl2dhg x16tdsg8 x1vvkbs\"><a class=\"x1i10hfl xjbqb8w x1ejq31n x18oe1m7 x1sy0etr xstzfhl x972fbf x10w94by x1qhh985 x14e42zd x9f619 x1ypdohk xt0psk2 xe8uvvx xdj266r x14z9mp xat24cr x1lziwak xexx8yu xyri2b x18d9i69 x1c1uobl x16tdsg8 x1hl2dhg xggy1nq x1a2a7pz xkrqix3 x1sur9pj xzsf02u x1s688f\" role=\"link\" href=\"https:\/\/www.facebook.com\/watch\/hashtag\/xuanbello?__eep__=6%2F&amp;__cft__[0]=AZUFM7sstVr3aDRZ2519QaveD0LvooFMxNW5Lgu0voD1g-mD3gtAJmz-y5q85we3DkEe9S2KnAfGJFFAsPmJBD79f8zuwozP-ajVvNThlR_jNcrp7x1MWO9y4wC9TlCWQk864VP-YOovljg-TvBQiGJvbs8unQv8U09O2VO-OksoGrvqNw3AWKItGATFiLrWuADPAunDp_fMV5ykeICG2IUd&amp;__tn__=*NK-R\">#XuanBello<\/a><\/span><\/p>\n<p style=\"text-align: center\">\n<!-- iframe plugin v.6.0 wordpress.org\/plugins\/iframe\/ -->\n<iframe loading=\"lazy\" src=\"https:\/\/www.facebook.com\/plugins\/video.php?height=476&#038;href=https%3A%2F%2Fwww.facebook.com%2FRTPAoficial%2Fvideos%2F637019095509908%2F&#038;show_text=false&#038;width=476&#038;t=0\" width=\"476\" height=\"476\" style=\"border:none;overflow:hidden\" scrolling=\"no\" frameborder=\"0\" allowfullscreen=\"true\" allow=\"autoplay; clipboard-write; encrypted-media; picture-in-picture; web-share\" 0=\"\/iframe\" class=\"iframe-class\"><\/iframe>\n<\/p>\n<p>Ma\u00f1ana, les sos cenices van ser llevaes a Paniceiros, en Tin\u00e9u, el so pueblu natal, onde se-y va dar l&#8217;\u00faltimu adi\u00f3s. Como homenaxe, TPA va emitir esta nueche&#8217;l programa &#8216;Vidas p\u00fablicas, vidas privadas&#8217;, nel que&#8217;l periodista Justo Braga entrevist\u00f3 a Xuan Bello.<\/p>\n","protected":false},"excerpt":{"rendered":"<p>Ceremonia de despidida a Xuan Bello, unu de los autores m\u00e1s destacaos de la lliteratura contempor\u00e1nea Duelu y ablayamientu na cultura asturiana tres el fallecimientu de sutaque del escritor Xuan Bello a los 60 a\u00f1os. Representantes de la cultura, la comunicaci\u00f3n y la pol\u00edtica, ente ellos el presidente del Princip\u00e1u, acompa\u00f1aron a la familia y [&hellip;]<\/p>\n","protected":false},"author":117,"featured_media":0,"comment_status":"closed","ping_status":"open","sticky":false,"template":"","format":"standard","meta":{"footnotes":""},"categories":[63],"tags":[],"class_list":["post-54457","post","type-post","status-publish","format-standard","hentry","category-dexonos"],"_links":{"self":[{"href":"https:\/\/edublog.educastur.es\/ixuxu\/wp-json\/wp\/v2\/posts\/54457","targetHints":{"allow":["GET"]}}],"collection":[{"href":"https:\/\/edublog.educastur.es\/ixuxu\/wp-json\/wp\/v2\/posts"}],"about":[{"href":"https:\/\/edublog.educastur.es\/ixuxu\/wp-json\/wp\/v2\/types\/post"}],"author":[{"embeddable":true,"href":"https:\/\/edublog.educastur.es\/ixuxu\/wp-json\/wp\/v2\/users\/117"}],"replies":[{"embeddable":true,"href":"https:\/\/edublog.educastur.es\/ixuxu\/wp-json\/wp\/v2\/comments?post=54457"}],"version-history":[{"count":2,"href":"https:\/\/edublog.educastur.es\/ixuxu\/wp-json\/wp\/v2\/posts\/54457\/revisions"}],"predecessor-version":[{"id":54459,"href":"https:\/\/edublog.educastur.es\/ixuxu\/wp-json\/wp\/v2\/posts\/54457\/revisions\/54459"}],"wp:attachment":[{"href":"https:\/\/edublog.educastur.es\/ixuxu\/wp-json\/wp\/v2\/media?parent=54457"}],"wp:term":[{"taxonomy":"category","embeddable":true,"href":"https:\/\/edublog.educastur.es\/ixuxu\/wp-json\/wp\/v2\/categories?post=54457"},{"taxonomy":"post_tag","embeddable":true,"href":"https:\/\/edublog.educastur.es\/ixuxu\/wp-json\/wp\/v2\/tags?post=54457"}],"curies":[{"name":"wp","href":"https:\/\/api.w.org\/{rel}","templated":true}]}}