{"id":54460,"date":"2025-07-31T12:27:36","date_gmt":"2025-07-31T10:27:36","guid":{"rendered":"https:\/\/edublog.educastur.es\/ixuxu\/?p=54460"},"modified":"2025-07-31T12:27:36","modified_gmt":"2025-07-31T10:27:36","slug":"la-inflacion-acelera-pol-encarecimientu-de-la-electricida-y-el-carburante","status":"publish","type":"post","link":"https:\/\/edublog.educastur.es\/ixuxu\/2025\/07\/la-inflacion-acelera-pol-encarecimientu-de-la-electricida-y-el-carburante\/","title":{"rendered":"La inflaci\u00f3n acelera pol encarecimientu de la electricid\u00e1 y el carburante"},"content":{"rendered":"<ul>\n<li class=\"font-size-xxl margin-b-5 font-weight-b color-b-050 letter-spacing--1 fuente-corporativa\"><a href=\"https:\/\/www.rtpa.es\/noticias-economia-ast\/2025-07-30\/La-inflacion-acelera-al-2,7-en-xunetu-pol-encarecimientu-de-la-electricida-y-el-carburante_111753872114.html\">La inflaci\u00f3n acelera al 2,7% en xunetu pol encarecimientu de la electricid\u00e1 y el carburante<\/a><\/li>\n<\/ul>\n<p style=\"text-align: center\"><a href=\"https:\/\/www.rtpa.es\/fotos\/\/23\/09\/20230921174115_RTPA4006164.jpg\"><img loading=\"lazy\" decoding=\"async\" class=\"aligncenter size-large\" src=\"https:\/\/www.rtpa.es\/fotos\/\/23\/09\/20230921174115_RTPA4006164.jpg\" width=\"853\" height=\"480\" \/><\/a><\/p>\n<p class=\"font-size-m padding-b-20 font-weight-b margin-t-16\">Sedr\u00eda la segunda medr\u00eda siguida de la inflaci\u00f3n, que s&#8217;asitia asina al nivel m\u00e1s altu dende febreru.\u00a0Los precios medraron en xunetu un 2,7% al respective del mesmu mes de 2024, una medr\u00eda cuatro d\u00e9cimes superior a la de xunu (2,3%) por mor del encarecimientu de la electricid\u00e1 y, en menor midida, del carburante.<\/p>\n<p>L\u2019Institutu Nacional d\u2019Estad\u00edstica (INE) asoley\u00f3 esti mi\u00e9rcoles el datu adelant\u00e1u del \u00edndiz de precios de consumu (IPC) de xunetu, que de confirmase sedr\u00eda la segunda medr\u00eda siguida de la inflaci\u00f3n, que s\u2019asitia asina al nivel m\u00e1s altu dende febreru.<\/p>\n<p>L\u2019INE esplica qu\u2019esta xubida ye por mor del encarecimientu de la electricid\u00e1, qu\u2019en xunetu del a\u00f1u pas\u00e1u baxare, asina como, en menor midida, del carburante, que xubi\u00f3\u2019l preciu m\u00e1s qu\u2019en 2024.<\/p>\n","protected":false},"excerpt":{"rendered":"<p>La inflaci\u00f3n acelera al 2,7% en xunetu pol encarecimientu de la electricid\u00e1 y el carburante Sedr\u00eda la segunda medr\u00eda siguida de la inflaci\u00f3n, que s&#8217;asitia asina al nivel m\u00e1s altu dende febreru.\u00a0Los precios medraron en xunetu un 2,7% al respective del mesmu mes de 2024, una medr\u00eda cuatro d\u00e9cimes superior a la de xunu (2,3%) [&hellip;]<\/p>\n","protected":false},"author":117,"featured_media":0,"comment_status":"closed","ping_status":"open","sticky":false,"template":"","format":"standard","meta":{"footnotes":""},"categories":[271],"tags":[],"class_list":["post-54460","post","type-post","status-publish","format-standard","hentry","category-economia"],"_links":{"self":[{"href":"https:\/\/edublog.educastur.es\/ixuxu\/wp-json\/wp\/v2\/posts\/54460","targetHints":{"allow":["GET"]}}],"collection":[{"href":"https:\/\/edublog.educastur.es\/ixuxu\/wp-json\/wp\/v2\/posts"}],"about":[{"href":"https:\/\/edublog.educastur.es\/ixuxu\/wp-json\/wp\/v2\/types\/post"}],"author":[{"embeddable":true,"href":"https:\/\/edublog.educastur.es\/ixuxu\/wp-json\/wp\/v2\/users\/117"}],"replies":[{"embeddable":true,"href":"https:\/\/edublog.educastur.es\/ixuxu\/wp-json\/wp\/v2\/comments?post=54460"}],"version-history":[{"count":1,"href":"https:\/\/edublog.educastur.es\/ixuxu\/wp-json\/wp\/v2\/posts\/54460\/revisions"}],"predecessor-version":[{"id":54461,"href":"https:\/\/edublog.educastur.es\/ixuxu\/wp-json\/wp\/v2\/posts\/54460\/revisions\/54461"}],"wp:attachment":[{"href":"https:\/\/edublog.educastur.es\/ixuxu\/wp-json\/wp\/v2\/media?parent=54460"}],"wp:term":[{"taxonomy":"category","embeddable":true,"href":"https:\/\/edublog.educastur.es\/ixuxu\/wp-json\/wp\/v2\/categories?post=54460"},{"taxonomy":"post_tag","embeddable":true,"href":"https:\/\/edublog.educastur.es\/ixuxu\/wp-json\/wp\/v2\/tags?post=54460"}],"curies":[{"name":"wp","href":"https:\/\/api.w.org\/{rel}","templated":true}]}}